{"id":2720,"date":"2017-02-08T00:11:41","date_gmt":"2017-02-07T23:11:41","guid":{"rendered":"http:\/\/www.lintelligentdabidjan.info\/news\/?p=2720"},"modified":"2017-02-08T00:11:41","modified_gmt":"2017-02-07T23:11:41","slug":"logements-sociaux-le-ministre-claude-isaac-de-presente-les-principaux-axes-de-son-action-aux-notaires-et-architectes","status":"publish","type":"post","link":"https:\/\/www.lintelligentdabidjan.info\/news\/logements-sociaux-le-ministre-claude-isaac-de-presente-les-principaux-axes-de-son-action-aux-notaires-et-architectes\/","title":{"rendered":"Logements sociaux Le ministre Claude Isaac De pr\u00e9sente les principaux axes de son action aux notaires et architectes"},"content":{"rendered":"<p>Le lundi 6 janvier, le ministre de la Construction, du Logement, de l\u2019Assainissement et de l\u2019Urbanisme, Claude Isaac D\u00e9 a eu une s\u00e9ance de travail avec  la Chambre des Notaires et l\u2019Ordre des architectes de C\u00f4te d\u2019Ivoire, \u00e0 son cabinet sis au 26\u00e8me \u00e9tage de la Tour D, \u00e0 Abidjan-Plateau. Cette rencontre portait sur  la relance du Programme pr\u00e9sidentiel de logements sociaux.<!--more--><\/p>\n<p>L\u2019opportunit\u00e9 a \u00e9t\u00e9 donn\u00e9e au ministre afin de pr\u00e9senter les 4 axes strat\u00e9giques autour desquels tournera son Programme pr\u00e9sidentiel et de recueillir les avis des Notaires et des architectes de C\u00f4te d\u2019Ivoire. Le ministre Charles Isaac D\u00e9 a inform\u00e9 ses h\u00f4tes qu\u2019il compte renforcer la gouvernance au sein de son secteur, travailler avec les acteurs-cl\u00e9s de la chambre des Notaires et l\u2019ordre des architectes de C\u00f4te d\u2019Ivoire sur les  axes strat\u00e9giques, \u00e0 savoir relancer la Construction, acc\u00e9l\u00e9rer la mise en \u0153uvre de la politique du gouvernement en mati\u00e8re de logement, en mettant un accent particulier sur les logements sociaux, contribuer \u00e0 l\u2019am\u00e9lioration de l\u2019environnement des villes de C\u00f4te d\u2019Ivoire et  enfin renforcer la bonne gouvernance dans les secteurs concern\u00e9s. \u00ab Ces 4 axes permettront de contribuer \u00e0 la r\u00e9alisation de la vision du Pr\u00e9sident de la R\u00e9publique, qui veut faire de la C\u00f4te d\u2019Ivoire un pays \u00e9mergent \u00e0 l\u2019Horizon 2020\u00bb, a soutenu le ministre. Beno\u00eet Hiahuat de l\u2019Ordre des Architectes et Me Akassimadou de la Chambre des Notaires ont tenu \u00e0 f\u00e9liciter le ministre Isaac D\u00e9 pour nomination et l\u2019ont remerci\u00e9 pour l\u2019attention qu\u2019il leur t\u00e9moigne en les invitant. Ils se sont engag\u00e9s \u00e0 jouer pleinement leur partition dans la redynamisation du Programme pr\u00e9sidentiel de logements sociaux.<br \/>\nO.D avec D.S<\/p>\n","protected":false},"excerpt":{"rendered":"<p>Le lundi 6 janvier, le ministre de la Construction, du Logement, de l\u2019Assainissement et de l\u2019Urbanisme, Claude Isaac D\u00e9 a eu une s\u00e9ance de travail avec la Chambre des Notaires et l\u2019Ordre des architectes de C\u00f4te d\u2019Ivoire, \u00e0 son cabinet sis au 26\u00e8me \u00e9tage de la Tour D, \u00e0 Abidjan-Plateau. Cette rencontre portait sur la [&hellip;]<\/p>\n","protected":false},"author":2,"featured_media":2721,"comment_status":"closed","ping_status":"closed","sticky":false,"template":"","format":"standard","meta":{"_monsterinsights_skip_tracking":false,"_monsterinsights_sitenote_active":false,"_monsterinsights_sitenote_note":"","_monsterinsights_sitenote_category":0,"footnotes":""},"categories":[3],"tags":[],"class_list":["post-2720","post","type-post","status-publish","format-standard","has-post-thumbnail","hentry","category-societe"],"_links":{"self":[{"href":"https:\/\/www.lintelligentdabidjan.info\/news\/wp-json\/wp\/v2\/posts\/2720","targetHints":{"allow":["GET"]}}],"collection":[{"href":"https:\/\/www.lintelligentdabidjan.info\/news\/wp-json\/wp\/v2\/posts"}],"about":[{"href":"https:\/\/www.lintelligentdabidjan.info\/news\/wp-json\/wp\/v2\/types\/post"}],"author":[{"embeddable":true,"href":"https:\/\/www.lintelligentdabidjan.info\/news\/wp-json\/wp\/v2\/users\/2"}],"replies":[{"embeddable":true,"href":"https:\/\/www.lintelligentdabidjan.info\/news\/wp-json\/wp\/v2\/comments?post=2720"}],"version-history":[{"count":1,"href":"https:\/\/www.lintelligentdabidjan.info\/news\/wp-json\/wp\/v2\/posts\/2720\/revisions"}],"predecessor-version":[{"id":2722,"href":"https:\/\/www.lintelligentdabidjan.info\/news\/wp-json\/wp\/v2\/posts\/2720\/revisions\/2722"}],"wp:featuredmedia":[{"embeddable":true,"href":"https:\/\/www.lintelligentdabidjan.info\/news\/wp-json\/wp\/v2\/media\/2721"}],"wp:attachment":[{"href":"https:\/\/www.lintelligentdabidjan.info\/news\/wp-json\/wp\/v2\/media?parent=2720"}],"wp:term":[{"taxonomy":"category","embeddable":true,"href":"https:\/\/www.lintelligentdabidjan.info\/news\/wp-json\/wp\/v2\/categories?post=2720"},{"taxonomy":"post_tag","embeddable":true,"href":"https:\/\/www.lintelligentdabidjan.info\/news\/wp-json\/wp\/v2\/tags?post=2720"}],"curies":[{"name":"wp","href":"https:\/\/api.w.org\/{rel}","templated":true}]}}