{"id":2726,"date":"2017-02-08T00:44:58","date_gmt":"2017-02-07T23:44:58","guid":{"rendered":"http:\/\/www.lintelligentdabidjan.info\/news\/?p=2726"},"modified":"2017-02-08T00:44:58","modified_gmt":"2017-02-07T23:44:58","slug":"reseau-des-secretaires-generaux-des-villes-et-territoires-dafrique-livoirien-jean-michel-amankou-elu-vice-president-de-lafrique-de-louest","status":"publish","type":"post","link":"https:\/\/www.lintelligentdabidjan.info\/news\/reseau-des-secretaires-generaux-des-villes-et-territoires-dafrique-livoirien-jean-michel-amankou-elu-vice-president-de-lafrique-de-louest\/","title":{"rendered":"R\u00e9seau des secr\u00e9taires g\u00e9n\u00e9raux des villes et territoires d\u2019Afrique L\u2019Ivoirien Jean-Michel Amankou \u00e9lu vice-pr\u00e9sident  de l\u2019Afrique de l\u2019Ouest"},"content":{"rendered":"<p>Jean-Michel Amankou, Secr\u00e9taire g\u00e9n\u00e9ral de la mairie du Plateau a \u00e9t\u00e9 \u00e9lu \u00e0 Casablanca au Maroc comme premier vice-pr\u00e9sident r\u00e9gion Afrique de l\u2019ouest du r\u00e9seau panafricain des secr\u00e9taires g\u00e9n\u00e9raux des villes et territoires d\u2019Afrique (Africa MagNet).<!--more--><\/p>\n<p>  Apr\u00e8s son \u00e9lection \u00e0 la t\u00eate de l\u2019organisation continentale, Jean-Michel Amankou a \u00e9t\u00e9 re\u00e7u en audience par  Thina Simone, secr\u00e9taire g\u00e9n\u00e9ral de l\u2019Union des villes et communes de C\u00f4te d\u2019Ivoire (UVICOCI)  \u00e0 son si\u00e8ge \u00e0 Abidjan-Plateau, le mardi 07 f\u00e9vrier 2017. A cette audience, Jean Michel Amankou a pr\u00e9sent\u00e9 les missions de l\u2019organisation panafricaine. Elle vise \u00e0 participer \u00e0 travers des d\u00e9bats, des propositions, des \u00e9changes et des exp\u00e9riences aux r\u00e9flexions men\u00e9es au sein de l\u2019UCLG Afrique. Ces r\u00e9flexions portent sur les questions relatives \u00e0 la d\u00e9finition, la mise en \u0153uvre, le suivi et l\u2019\u00e9valuation des politiques et strat\u00e9gies des villes et gouvernements territoriaux, particuli\u00e8rement en ce qui concerne la fourniture des services publics \u00e0 la population, \u00e0 l\u2019am\u00e9lioration de la gouvernance publique. Le vice-pr\u00e9sident Afrique de l\u2019Ouest a \u00e9galement pr\u00e9sent\u00e9 quelques grandes lignes de son programme. Il compte entre autres faire diffuser les bonnes pratiques en mati\u00e8re de gestion des villes et gouvernements territoriaux. Pour la bonne marche de son mandat, il a pr\u00e9conis\u00e9 l\u2019union et l\u2019entente au sein de l\u2019organisation.<br \/>\nPour sa part, Thina Simone, secr\u00e9taire g\u00e9n\u00e9ral de l\u2019Uvicoci, repr\u00e9sentant le pr\u00e9sident Gilbert Kafana Kon\u00e9 a f\u00e9licit\u00e9 l\u2019\u00e9lection du vice-pr\u00e9sident  de Africa MagNet. Tina Simone, par ailleurs maire de Toumodi a invit\u00e9 les secr\u00e9taires g\u00e9n\u00e9raux de C\u00f4te d\u2019Ivoire \u00e0 agir dans le sens de l\u2019unit\u00e9.  \u00ab Que tous les secr\u00e9taires g\u00e9n\u00e9raux se mettent ensemble pour soutenir la mission qui vient d\u2019\u00eatre confi\u00e9e au vice- pr\u00e9sident. C\u2019est une grande responsabilit\u00e9 et je pense qu\u2019il a besoin du soutien de tous, aussi des secr\u00e9taires g\u00e9n\u00e9raux mais de tous les maires de C\u00f4te d\u2019Ivoire.  Nous avons d\u00e9j\u00e0 montr\u00e9 la disponibilit\u00e9 de l\u2019Uvicoci. Nous pensons que c\u2019est ensemble, avec l\u2019appui du pr\u00e9sident du Syndicat que nous pouvons gagner la bataille de la d\u00e9centralisation, parce que la d\u00e9centralisation, c\u2019est le n\u0153ud du d\u00e9veloppement. La d\u00e9centralisation permettra \u00e0 toutes nos populations d\u2019avoir un cadre de vie agr\u00e9able et d\u2019avoir la satisfaction du minimum des besoins sociaux \u00bb, a-t-elle conseill\u00e9.<br \/>\nGbetry Kouassi, secr\u00e9taire g\u00e9n\u00e9ral de la mairie de Marcory, et pr\u00e9sident des secr\u00e9taires g\u00e9n\u00e9raux et directeur g\u00e9n\u00e9raux d\u2019administration de C\u00f4te d\u2019Ivoire a \u00e9galement indiqu\u00e9 qu\u2019ils travailleront en symbiose : \u00ab Nous souhaitons qu\u2019il puisse r\u00e9ussir sa mission. Ce que je peux dire, c\u2019est que nous sommes ensemble. Et nous \u0153uvrons pour le bien-\u00eatre de la coop\u00e9ration. Sa victoire est notre victoire \u00e0 tous et nous allons gagner ensemble\u00bb.<br \/>\nEF<\/p>\n","protected":false},"excerpt":{"rendered":"<p>Jean-Michel Amankou, Secr\u00e9taire g\u00e9n\u00e9ral de la mairie du Plateau a \u00e9t\u00e9 \u00e9lu \u00e0 Casablanca au Maroc comme premier vice-pr\u00e9sident r\u00e9gion Afrique de l\u2019ouest du r\u00e9seau panafricain des secr\u00e9taires g\u00e9n\u00e9raux des villes et territoires d\u2019Afrique (Africa MagNet).<\/p>\n","protected":false},"author":2,"featured_media":0,"comment_status":"closed","ping_status":"closed","sticky":false,"template":"","format":"standard","meta":{"_monsterinsights_skip_tracking":false,"_monsterinsights_sitenote_active":false,"_monsterinsights_sitenote_note":"","_monsterinsights_sitenote_category":0,"footnotes":""},"categories":[3],"tags":[],"class_list":["post-2726","post","type-post","status-publish","format-standard","hentry","category-societe"],"_links":{"self":[{"href":"https:\/\/www.lintelligentdabidjan.info\/news\/wp-json\/wp\/v2\/posts\/2726","targetHints":{"allow":["GET"]}}],"collection":[{"href":"https:\/\/www.lintelligentdabidjan.info\/news\/wp-json\/wp\/v2\/posts"}],"about":[{"href":"https:\/\/www.lintelligentdabidjan.info\/news\/wp-json\/wp\/v2\/types\/post"}],"author":[{"embeddable":true,"href":"https:\/\/www.lintelligentdabidjan.info\/news\/wp-json\/wp\/v2\/users\/2"}],"replies":[{"embeddable":true,"href":"https:\/\/www.lintelligentdabidjan.info\/news\/wp-json\/wp\/v2\/comments?post=2726"}],"version-history":[{"count":1,"href":"https:\/\/www.lintelligentdabidjan.info\/news\/wp-json\/wp\/v2\/posts\/2726\/revisions"}],"predecessor-version":[{"id":2727,"href":"https:\/\/www.lintelligentdabidjan.info\/news\/wp-json\/wp\/v2\/posts\/2726\/revisions\/2727"}],"wp:attachment":[{"href":"https:\/\/www.lintelligentdabidjan.info\/news\/wp-json\/wp\/v2\/media?parent=2726"}],"wp:term":[{"taxonomy":"category","embeddable":true,"href":"https:\/\/www.lintelligentdabidjan.info\/news\/wp-json\/wp\/v2\/categories?post=2726"},{"taxonomy":"post_tag","embeddable":true,"href":"https:\/\/www.lintelligentdabidjan.info\/news\/wp-json\/wp\/v2\/tags?post=2726"}],"curies":[{"name":"wp","href":"https:\/\/api.w.org\/{rel}","templated":true}]}}