{"id":273,"date":"2016-10-02T20:20:36","date_gmt":"2016-10-02T18:20:36","guid":{"rendered":"http:\/\/www.lintelligentdabidjan.info\/news\/?p=273"},"modified":"2016-10-02T20:20:36","modified_gmt":"2016-10-02T18:20:36","slug":"bouake-le-civisme-fiscal-explique-aux-etudiants","status":"publish","type":"post","link":"https:\/\/www.lintelligentdabidjan.info\/news\/bouake-le-civisme-fiscal-explique-aux-etudiants\/","title":{"rendered":"Bouak\u00e9 Le Civisme fiscal expliqu\u00e9 aux \u00e9tudiants"},"content":{"rendered":"<p>La premi\u00e8re promotion des \u00e9tudiants en Master 2 professionnel Fiscale et Droit des Pr\u00e9l\u00e8vements Sociaux de l\u2019Universit\u00e9 Alassane Ouattara (Uao) \u00e0 Bouak\u00e9 a organis\u00e9 le samedi 24 septembre 2016 au Campus 1 de ladite universit\u00e9, une journ\u00e9e de la fiscalit\u00e9. En point de mire, une conf\u00e9rence sur le th\u00e8me : \u00ab le r\u00f4le de la fiscalit\u00e9 dans la politique d\u2019\u00e9mergence de la C\u00f4te d\u2019Ivoire \u00bb, anim\u00e9e par Patrick Koidou, repr\u00e9sentant le Directeur G\u00e9n\u00e9ral des Imp\u00f4ts. Selon Mlle Soro Tiap\u00e9gu\u00e9 Marie, pr\u00e9sidente de ladite promotion, cette journ\u00e9e a pour objectif de sensibiliser les \u00e9tudiants sur le civisme fiscal. \u00ab Le civisme fiscal ne doit pas \u00eatre seulement une affaire de la direction g\u00e9n\u00e9rale des Imp\u00f4ts. Nous voulons aussi apporter notre contribution. Car le civisme fiscal est l\u2019affaire de tous \u00bb, a-t-elle dit.<br \/>\nPatrick Koidou, le conf\u00e9rencier, a dans son expos\u00e9 indiqu\u00e9 que la Direction G\u00e9n\u00e9rale des Imp\u00f4ts (DGI) a pour mission de sensibiliser et d\u2019\u00e9duquer toutes les couches sociales et professionnelles en mati\u00e8re de droits humains, de civisme et de citoyennet\u00e9. Cependant, il a affirm\u00e9 que cette mission ne peut \u00eatre accomplie sans le concours des acteurs qui constituent le maillon essentiel de la vie \u00e9conomique. Par ailleurs, il a expliqu\u00e9 aux \u00e9tudiants et aux nombreux publics venus massivement   que, le civisme fiscal, c\u2019est le respect des obligations fiscales par les contribuables. \u00ab Le contribuable a des obligations d\u00e9claratives et des obligations de payement. Au niveau des obligations d\u00e9claratives, il doit donc souscrire des d\u00e9clarations p\u00e9riodiques, mensuelles ou trimestrielles, selon le r\u00e9gime d\u2019imposition \u00e0 l\u2019aide d\u2019imprim\u00e9s fournis par l\u2019administration. Il y a \u00e9galement des obligations de facturation de la TVA notamment, et des obligations de tenues de comptabilit\u00e9 ainsi que des obligations de paiement des imp\u00f4ts d\u00e9clar\u00e9s \u00bb, expliquera-t-il.<br \/>\nPour plus de sensibilisation, il a sollicit\u00e9 l\u2019implication des \u00e9tudiants de Bouak\u00e9 dans la lutte contre l\u2019incivisme \u00e9conomique. Car, a-t-il poursuivi, c\u2019est un fl\u00e9au qui constitue un v\u00e9ritable obstacle au d\u00e9veloppement de la C\u00f4te d\u2019Ivoire. \u00abCela peut engendrer des violations de droits humains notamment \u00e9conomiques, sociaux et culturels. Il faut montrer \u00e0 la population les retomb\u00e9s des imp\u00f4ts et cela doit commencer maintenant. Payer son imp\u00f4t est la chose la plus normale \u00bb, a-t-il dit.<br \/>\nQuant \u00e0 Jacques N\u2019goran, directeur r\u00e9gional des Imp\u00f4ts de Gb\u00eak\u00ea, il a salu\u00e9 la tenue de cette journ\u00e9e. \u00abC\u2019est le moment pour nous de rappeler \u00e0 nos \u00e9tudiants et acteurs \u00e9conomiques que l\u2019incivisme fiscal est un danger pour nous-m\u00eames\u00bb, a-t-il insist\u00e9. Pour lui, cette journ\u00e9e permettra de faire savoir que le citoyen ivoirien qui ne paye pas ses imp\u00f4ts n\u2019est pas digne de son pays. \u00ab Il faut s\u2019acquitter de ses charges \u00bb, a-t-il exhort\u00e9.<br \/>\nAu terme de cette conf\u00e9rence, les \u00e9tudiants ont trouv\u00e9 une r\u00e9ponse aux nombreuses questions qui leur \u00e9taient pos\u00e9es. Notamment   : Qu&#8217;est-ce que l&#8217;imp\u00f4t ? Qu&#8217;entendons-nous par civisme fiscal ? Est-ce que les autorit\u00e9s paient leurs imp\u00f4ts ?<br \/>\nAboubacar Al Syddick \u00e0 Bouak\u00e9<\/p>\n","protected":false},"excerpt":{"rendered":"<p>La premi\u00e8re promotion des \u00e9tudiants en Master 2 professionnel Fiscale et Droit des Pr\u00e9l\u00e8vements Sociaux de l\u2019Universit\u00e9 Alassane Ouattara (Uao) \u00e0 Bouak\u00e9 a organis\u00e9 le samedi 24 septembre 2016 au Campus 1 de ladite universit\u00e9, une journ\u00e9e de la fiscalit\u00e9. En point de mire, une conf\u00e9rence sur le th\u00e8me : \u00ab le r\u00f4le de la [&hellip;]<\/p>\n","protected":false},"author":1,"featured_media":0,"comment_status":"closed","ping_status":"closed","sticky":false,"template":"","format":"standard","meta":{"_monsterinsights_skip_tracking":false,"_monsterinsights_sitenote_active":false,"_monsterinsights_sitenote_note":"","_monsterinsights_sitenote_category":0,"footnotes":""},"categories":[24],"tags":[],"class_list":["post-273","post","type-post","status-publish","format-standard","hentry","category-non-illustres"],"_links":{"self":[{"href":"https:\/\/www.lintelligentdabidjan.info\/news\/wp-json\/wp\/v2\/posts\/273","targetHints":{"allow":["GET"]}}],"collection":[{"href":"https:\/\/www.lintelligentdabidjan.info\/news\/wp-json\/wp\/v2\/posts"}],"about":[{"href":"https:\/\/www.lintelligentdabidjan.info\/news\/wp-json\/wp\/v2\/types\/post"}],"author":[{"embeddable":true,"href":"https:\/\/www.lintelligentdabidjan.info\/news\/wp-json\/wp\/v2\/users\/1"}],"replies":[{"embeddable":true,"href":"https:\/\/www.lintelligentdabidjan.info\/news\/wp-json\/wp\/v2\/comments?post=273"}],"version-history":[{"count":1,"href":"https:\/\/www.lintelligentdabidjan.info\/news\/wp-json\/wp\/v2\/posts\/273\/revisions"}],"predecessor-version":[{"id":274,"href":"https:\/\/www.lintelligentdabidjan.info\/news\/wp-json\/wp\/v2\/posts\/273\/revisions\/274"}],"wp:attachment":[{"href":"https:\/\/www.lintelligentdabidjan.info\/news\/wp-json\/wp\/v2\/media?parent=273"}],"wp:term":[{"taxonomy":"category","embeddable":true,"href":"https:\/\/www.lintelligentdabidjan.info\/news\/wp-json\/wp\/v2\/categories?post=273"},{"taxonomy":"post_tag","embeddable":true,"href":"https:\/\/www.lintelligentdabidjan.info\/news\/wp-json\/wp\/v2\/tags?post=273"}],"curies":[{"name":"wp","href":"https:\/\/api.w.org\/{rel}","templated":true}]}}