{"id":27339,"date":"2021-12-29T23:01:20","date_gmt":"2021-12-29T22:01:20","guid":{"rendered":"https:\/\/www.lintelligentdabidjan.info\/news\/?p=27339"},"modified":"2021-12-29T23:03:30","modified_gmt":"2021-12-29T22:03:30","slug":"can-2021-des-cas-de-covid-19-detectes-chez-les-elephants-le-programme-de-preparation-perturbe-et-amenage","status":"publish","type":"post","link":"https:\/\/www.lintelligentdabidjan.info\/news\/can-2021-des-cas-de-covid-19-detectes-chez-les-elephants-le-programme-de-preparation-perturbe-et-amenage\/","title":{"rendered":"CAN 2021- Des cas de Covid-19 d\u00e9tect\u00e9s chez les \u00c9l\u00e9phants  \/ Le programme de pr\u00e9paration perturb\u00e9 et am\u00e9nag\u00e9"},"content":{"rendered":"<p><em><strong>En pr\u00e9paration en Arabie Saoudite, des cas de Covid-19 ont \u00e9t\u00e9 d\u00e9tect\u00e9s au sein de la d\u00e9l\u00e9gation ivoirienne. Des joueurs pr\u00e9sents \u00e0 Djeddah ont \u00e9t\u00e9 test\u00e9s positif \u00e0 la Covid-19 et mis en quarantaine. C&#8217;est l&#8217;information donn\u00e9e en soir\u00e9e, le mercredi 29 d\u00e9cembre 2021 par le comit\u00e9 de normalisation via un communiqu\u00e9. <\/strong><\/em><\/p>\n<p>&#8221; Les joueurs test\u00e9s positifs \u00e0 la Covid-19, d\u00e8s leurs arriv\u00e9es, observent la quarantaine obligatoire de fa\u00e7on \u00e0 garantir le respect de la bulle sanitaire et ils ne participent donc pas aux entra\u00eenements&#8221;, annonce le communiqu\u00e9 sans nommer les concern\u00e9s. <\/p>\n<p>Face \u00e0 cette situation et tenant compte de la circulaire CAF\/FIFA du 25 D\u00e9cembre dernier relative \u00e0 la lib\u00e9ration des joueurs expatri\u00e9s pour le 3 janvier 2022, Patrice Beaumelle a r\u00e9am\u00e9nag\u00e9 son programme de travail. <\/p>\n<p>&#8221; En raison de la circulaire CAF\/FIFA du 25 D\u00e9cembre dernier relative \u00e0 la lib\u00e9ration des joueurs expatri\u00e9s, les arriv\u00e9es de plusieurs de nos joueurs convoqu\u00e9s s&#8217;en trouvent affect\u00e9es et le regroupement se fait donc progressivement. Afin de ne pas p\u00e9naliser lourdement le plan de pr\u00e9paration, le S\u00e9lectionneur national, en accord avec le staff technique, a d\u00e9cid\u00e9 de proc\u00e9der \u00e0 la modification du programme du stage pour tenir compte de cette contrainte importante et aussi pour pr\u00e9server la bulle sanitaire li\u00e9e aux cas COVID d\u00e9tect\u00e9s parmi les \u00e9l\u00e9ments arriv\u00e9s \u00e0 Jeddah (cf communiqu\u00e9 num\u00e9ro 2). Le programme technique quotidien demeure inchang\u00e9 avec les joueurs pr\u00e9sents et disponibles&#8221;, soutient la note d&#8217; information. <\/p>\n<p>A peine d\u00e9marr\u00e9e, la pr\u00e9paration des El\u00e9phants se trouve perturb\u00e9e par des cas de Covid-19, le forfait sur blessure de Willy Boly et le retard de certains expatri\u00e9s. <\/p>\n<p><strong>Ange Kouadio<\/strong><\/p>\n","protected":false},"excerpt":{"rendered":"<p>En pr\u00e9paration en Arabie Saoudite, des cas de Covid-19 ont \u00e9t\u00e9 d\u00e9tect\u00e9s au sein de la d\u00e9l\u00e9gation ivoirienne. Des joueurs pr\u00e9sents \u00e0 Djeddah ont \u00e9t\u00e9 test\u00e9s positif \u00e0 la Covid-19 et mis en quarantaine. C&#8217;est l&#8217;information donn\u00e9e en soir\u00e9e, le mercredi 29 d\u00e9cembre 2021 par le comit\u00e9 de normalisation via un communiqu\u00e9. &#8221; Les joueurs [&hellip;]<\/p>\n","protected":false},"author":3,"featured_media":27340,"comment_status":"closed","ping_status":"closed","sticky":false,"template":"","format":"standard","meta":{"_monsterinsights_skip_tracking":false,"_monsterinsights_sitenote_active":false,"_monsterinsights_sitenote_note":"","_monsterinsights_sitenote_category":0,"footnotes":""},"categories":[2,23],"tags":[],"class_list":["post-27339","post","type-post","status-publish","format-standard","has-post-thumbnail","hentry","category-featured","category-sport"],"_links":{"self":[{"href":"https:\/\/www.lintelligentdabidjan.info\/news\/wp-json\/wp\/v2\/posts\/27339","targetHints":{"allow":["GET"]}}],"collection":[{"href":"https:\/\/www.lintelligentdabidjan.info\/news\/wp-json\/wp\/v2\/posts"}],"about":[{"href":"https:\/\/www.lintelligentdabidjan.info\/news\/wp-json\/wp\/v2\/types\/post"}],"author":[{"embeddable":true,"href":"https:\/\/www.lintelligentdabidjan.info\/news\/wp-json\/wp\/v2\/users\/3"}],"replies":[{"embeddable":true,"href":"https:\/\/www.lintelligentdabidjan.info\/news\/wp-json\/wp\/v2\/comments?post=27339"}],"version-history":[{"count":1,"href":"https:\/\/www.lintelligentdabidjan.info\/news\/wp-json\/wp\/v2\/posts\/27339\/revisions"}],"predecessor-version":[{"id":27341,"href":"https:\/\/www.lintelligentdabidjan.info\/news\/wp-json\/wp\/v2\/posts\/27339\/revisions\/27341"}],"wp:featuredmedia":[{"embeddable":true,"href":"https:\/\/www.lintelligentdabidjan.info\/news\/wp-json\/wp\/v2\/media\/27340"}],"wp:attachment":[{"href":"https:\/\/www.lintelligentdabidjan.info\/news\/wp-json\/wp\/v2\/media?parent=27339"}],"wp:term":[{"taxonomy":"category","embeddable":true,"href":"https:\/\/www.lintelligentdabidjan.info\/news\/wp-json\/wp\/v2\/categories?post=27339"},{"taxonomy":"post_tag","embeddable":true,"href":"https:\/\/www.lintelligentdabidjan.info\/news\/wp-json\/wp\/v2\/tags?post=27339"}],"curies":[{"name":"wp","href":"https:\/\/api.w.org\/{rel}","templated":true}]}}