{"id":27389,"date":"2022-01-02T19:12:30","date_gmt":"2022-01-02T18:12:30","guid":{"rendered":"https:\/\/www.lintelligentdabidjan.info\/news\/?p=27389"},"modified":"2022-01-02T19:32:54","modified_gmt":"2022-01-02T18:32:54","slug":"can-2023-en-cote-divoire-anouma-coopte-par-amichia-qui-reprend-les-choses-en-main","status":"publish","type":"post","link":"https:\/\/www.lintelligentdabidjan.info\/news\/can-2023-en-cote-divoire-anouma-coopte-par-amichia-qui-reprend-les-choses-en-main\/","title":{"rendered":"Can 2023 en C\u00f4te d&#8217;Ivoire : Anouma coopt\u00e9 par Amichia qui reprend les choses en main"},"content":{"rendered":"<p><em><strong>Le conseiller sp\u00e9cial du Pr\u00e9sident de la Caf, Jacques Anouma int\u00e8gre le comit\u00e9 d&#8217;organisation de la <a href=\"https:\/\/www.lintelligentdabidjan.info\/news\/cocan-2023-jacques-anouma-et-amichia-francois-se-sont-parle\/\" target=\"_blank\">Can 2023<\/a> en C\u00f4te d&#8217;Ivoire ( Cocan 2023 ) , en qualit\u00e9 de conseiller sp\u00e9cial principal. Selon plusieurs observateurs, c&#8217;est une expertise reconnue qui est ainsi coopt\u00e9e par le Pr\u00e9sident Fran\u00e7ois Amichia qui reprend les choses en main.<\/strong><\/em><\/p>\n<p>Fran\u00e7ois Amichia vient de coopter Jacques Anouma , conseiller sp\u00e9cial du Pr\u00e9sident de la Caf, et Pr\u00e9sident honoraire de la f\u00e9d\u00e9ration ivoirienne de Football, en qualit\u00e9 de conseiller sp\u00e9cial principal du Pr\u00e9sident du Cocan. Jacques Anouma devient pratiquement le num\u00e9ro deux officieux de l&#8217;organisation du Cocan 2023 , \u00e0 c\u00f4t\u00e9 du num\u00e9ro officiel et Pr\u00e9sident par int\u00e9rim qui sera en place , apr\u00e8s l&#8217;\u00e9lection du nouveau Pr\u00e9sident de la fif en mars 2022. Le Pr\u00e9sident Fran\u00e7ois Amichia reprend les choses en main, et consolide le leadership du Cocan, dans la supervision et les pr\u00e9paratifs d&#8217;une bonne organisation pratique de la Can 2023, en\u00a0<a href=\"https:\/\/news.lia.ci\/news\/sport\/can-2021-des-renforts-chez-les-elephants\/\" target=\"_blank\">C\u00f4te d&#8217;Ivoire<\/a> en 2023.<\/p>\n<p><img loading=\"lazy\" decoding=\"async\" class=\"alignnone size-medium wp-image-27394\" src=\"https:\/\/www.lintelligentdabidjan.info\/news\/wp-content\/uploads\/2022\/01\/1-160x300.jpg\" alt=\"1\" width=\"160\" height=\"300\" srcset=\"https:\/\/www.lintelligentdabidjan.info\/news\/wp-content\/uploads\/2022\/01\/1-160x300.jpg 160w, https:\/\/www.lintelligentdabidjan.info\/news\/wp-content\/uploads\/2022\/01\/1-546x1024.jpg 546w, https:\/\/www.lintelligentdabidjan.info\/news\/wp-content\/uploads\/2022\/01\/1-224x420.jpg 224w, https:\/\/www.lintelligentdabidjan.info\/news\/wp-content\/uploads\/2022\/01\/1.jpg 576w\" sizes=\"auto, (max-width: 160px) 100vw, 160px\" \/><\/p>\n<p><strong>Ce n&#8217;est pas tout : Amichia \u00e9crit \u00e0 Mme Dao Gabala <\/strong><\/p>\n<p>Par ailleurs , agissant dans le cadre de d\u00e9cret portant cr\u00e9ation et organisation du Cocan, ainsi que conform\u00e9ment aux statuts de la Caf, et selon l&#8217;accord Caf &#8211; Fif relatif \u00e0 l&#8217;organisation de la Can 2021 puis 2023 suite au glissement de dates, le Pr\u00e9sident du Cocan Fran\u00e7ois Amichia a \u00e9galement adress\u00e9 un courrier \u00e0 la Pr\u00e9sidente du comit\u00e9 de normalisation, en vue de la d\u00e9signation des personnes devant repr\u00e9senter la F\u00e9d\u00e9ration ivoirienne de football. Ceci permettra au comit\u00e9 d&#8217;organisation de fonctionner pleinement dans toutes ses composantes. D&#8217;ici l\u00e0, c&#8217;est une importante d\u00e9l\u00e9gation du Cocan qui se rend dans les jours \u00e0 venir, en mission d&#8217;impr\u00e9gnation au Cameroun dans le cadre de la Can 2021, la derni\u00e8re comp\u00e9tition de ce genre , avant le rendez-vous de 2023 en C\u00f4te d&#8217;Ivoire.<\/p>\n<p><img loading=\"lazy\" decoding=\"async\" class=\"alignnone size-medium wp-image-27395\" src=\"https:\/\/www.lintelligentdabidjan.info\/news\/wp-content\/uploads\/2022\/01\/2-189x300.jpg\" alt=\"2\" width=\"189\" height=\"300\" srcset=\"https:\/\/www.lintelligentdabidjan.info\/news\/wp-content\/uploads\/2022\/01\/2-189x300.jpg 189w, https:\/\/www.lintelligentdabidjan.info\/news\/wp-content\/uploads\/2022\/01\/2-265x420.jpg 265w, https:\/\/www.lintelligentdabidjan.info\/news\/wp-content\/uploads\/2022\/01\/2.jpg 605w\" sizes=\"auto, (max-width: 189px) 100vw, 189px\" \/><\/p>\n<p>&nbsp;<\/p>\n<p><strong><br \/>\nCharles Kouassi <\/strong><\/p>\n","protected":false},"excerpt":{"rendered":"<p>Le conseiller sp\u00e9cial du Pr\u00e9sident de la Caf, Jacques Anouma int\u00e8gre le comit\u00e9 d&#8217;organisation de la Can 2023 en C\u00f4te d&#8217;Ivoire ( Cocan 2023 ) , en qualit\u00e9 de conseiller sp\u00e9cial principal. Selon plusieurs observateurs, c&#8217;est une expertise reconnue qui est ainsi coopt\u00e9e par le Pr\u00e9sident Fran\u00e7ois Amichia qui reprend les choses en main. Fran\u00e7ois [&hellip;]<\/p>\n","protected":false},"author":3,"featured_media":27367,"comment_status":"closed","ping_status":"closed","sticky":false,"template":"","format":"standard","meta":{"_monsterinsights_skip_tracking":false,"_monsterinsights_sitenote_active":false,"_monsterinsights_sitenote_note":"","_monsterinsights_sitenote_category":0,"footnotes":""},"categories":[2,23],"tags":[1297,824,832,77],"class_list":["post-27389","post","type-post","status-publish","format-standard","has-post-thumbnail","hentry","category-featured","category-sport","tag-amichia","tag-anouma","tag-can-2023","tag-cote-divoire"],"_links":{"self":[{"href":"https:\/\/www.lintelligentdabidjan.info\/news\/wp-json\/wp\/v2\/posts\/27389","targetHints":{"allow":["GET"]}}],"collection":[{"href":"https:\/\/www.lintelligentdabidjan.info\/news\/wp-json\/wp\/v2\/posts"}],"about":[{"href":"https:\/\/www.lintelligentdabidjan.info\/news\/wp-json\/wp\/v2\/types\/post"}],"author":[{"embeddable":true,"href":"https:\/\/www.lintelligentdabidjan.info\/news\/wp-json\/wp\/v2\/users\/3"}],"replies":[{"embeddable":true,"href":"https:\/\/www.lintelligentdabidjan.info\/news\/wp-json\/wp\/v2\/comments?post=27389"}],"version-history":[{"count":4,"href":"https:\/\/www.lintelligentdabidjan.info\/news\/wp-json\/wp\/v2\/posts\/27389\/revisions"}],"predecessor-version":[{"id":27396,"href":"https:\/\/www.lintelligentdabidjan.info\/news\/wp-json\/wp\/v2\/posts\/27389\/revisions\/27396"}],"wp:featuredmedia":[{"embeddable":true,"href":"https:\/\/www.lintelligentdabidjan.info\/news\/wp-json\/wp\/v2\/media\/27367"}],"wp:attachment":[{"href":"https:\/\/www.lintelligentdabidjan.info\/news\/wp-json\/wp\/v2\/media?parent=27389"}],"wp:term":[{"taxonomy":"category","embeddable":true,"href":"https:\/\/www.lintelligentdabidjan.info\/news\/wp-json\/wp\/v2\/categories?post=27389"},{"taxonomy":"post_tag","embeddable":true,"href":"https:\/\/www.lintelligentdabidjan.info\/news\/wp-json\/wp\/v2\/tags?post=27389"}],"curies":[{"name":"wp","href":"https:\/\/api.w.org\/{rel}","templated":true}]}}