{"id":2764,"date":"2017-02-11T00:52:16","date_gmt":"2017-02-10T23:52:16","guid":{"rendered":"http:\/\/www.lintelligentdabidjan.info\/news\/?p=2764"},"modified":"2017-02-11T00:52:16","modified_gmt":"2017-02-10T23:52:16","slug":"les-populations-de-bouake-au-sous-prefet-djende-lorgn","status":"publish","type":"post","link":"https:\/\/www.lintelligentdabidjan.info\/news\/les-populations-de-bouake-au-sous-prefet-djende-lorgn\/","title":{"rendered":"Les populations de Bouak\u00e9  au sous-pr\u00e9fet Djend\u00e9 Lorgn :  <Vous \u00eates un administrateur exemplaire>"},"content":{"rendered":"<p>Les populations de Bouak\u00e9 ont organis\u00e9 le mercredi 08 f\u00e9vrier 2017, une journ\u00e9e d&#8217;hommage \u00e0 Djend\u00e9 Lorgn Abou B\u00e9chir, sous-pr\u00e9fet de Bouak\u00e9, r\u00e9cemment promu secr\u00e9taire g\u00e9n\u00e9ral de pr\u00e9fecture \u00e0 Korhogo.<!--more--><\/p>\n<p> A travers  cette c\u00e9r\u00e9monie sp\u00e9ciale d&#8217;hommage qui s&#8217;est tenue \u00e0 l&#8217;esplanade du palais du carnaval de Bouak\u00e9, les populations tenaient,  selon Mme Jacqueline Affou\u00e9 N&#8217;guessan, repr\u00e9sentant le maire Nicolas Djibo,  \u00e0 louer les actions de celui que l&#8217;on appelle  \u00e0 Bouak\u00e9 &#8220;le n\u00e9gociateur ou le m\u00e9diateur&#8221; en faveur de la paix, la coh\u00e9sion sociale et la r\u00e9conciliation entre les populations sans distinction. &#8220;Depuis votre prise de fonction \u00e0 Bouak\u00e9 en 2014, vous avez toujours montr\u00e9 votre esprit d&#8217;ouverture et votre attention pour chacun de nous ; vos administr\u00e9s. Vous avez toujours pr\u00f4n\u00e9 la paix, l&#8217;union et le dialogue. Djend\u00e9 Lorgn, vous avez \u00e9t\u00e9 pour nous, ce conseiller infatigable. Pendant longtemps, vous avez \u00e9t\u00e9 d&#8217;un apport inestimable pour notre p\u00e8re, le pr\u00e9fet Aka Konin, cet autre grand homme de paix&#8221;, a-t-elle dit.<br \/>\n    Cette c\u00e9r\u00e9monie a \u00e9t\u00e9 \u00e9galement l&#8217;occasion pour les populations de Bouak\u00e9 de dire au-revoir \u00e0 leur ancien sous-pr\u00e9fet qui prendra fonction \u00e0 Korhogo en tant que secr\u00e9taire g\u00e9n\u00e9ral de pr\u00e9fecture.<br \/>\n&#8221; Vous \u00eates un administrateur exemplaire. Les jeunes et les femmes de Bouak\u00e9 vous regrettent d\u00e9j\u00e0, mais nous savons que nous pouvons toujours compter sur vous o\u00f9 que vous soyez. Bon vent \u00e0 vous dans votre nouvelle fonction dans la ville s\u0153ur de Korhogo&#8221;, a dit Inza Kifory Ouattara, pr\u00e9sident d\u00e9partemental du Conseil national des jeunes au nom des jeunes.<br \/>\n     Quand au pr\u00e9fet de la r\u00e9gion de Gb\u00eak\u00ea et pr\u00e9fet du d\u00e9partement de Bouak\u00e9, Aka Konin, il s&#8217;est dit satisfait de la mobilisation sans faille des populations autour de son  ancien collaborateur. C&#8217;est pourquoi, il a demand\u00e9 aux uns et aux autres de perp\u00e9tuer l&#8217;\u0153uvre de celui-ci avec des comportements citoyens.&#8221; Cet administrateur chevronn\u00e9 a servi avec d\u00e9vouement et loyaut\u00e9 Bouak\u00e9&#8221;, a-t-il soulign\u00e9. Il a saisi l&#8217;occasion pour lancer un  message de paix et exhorter les populations \u00e0 un changement de comportement. &#8220;Il est temps pour les Bouak\u00e9ens de tourner le dos \u00e0 la violence. Les Bouak\u00e9ens doivent \u00eatre un exemple d&#8217;Ivoiriens nouveaux, v\u0153u cher au Pr\u00e9sident Alassane Ouattara. Faites en sorte qu&#8217;\u00e0 Bouak\u00e9, l&#8217;on c\u00e9l\u00e8bre des hommes et femmes comme Djend\u00e9 Lorgn&#8221;, a-t-il  conseill\u00e9.<br \/>\n     Pour sa part, le nouveau secr\u00e9taire g\u00e9n\u00e9ral de la pr\u00e9fecture de Korhogo tr\u00e8s \u00e9mu, s&#8217;est dit touch\u00e9 par cette marque de reconnaissance et promet de  servir son pays avec abn\u00e9gation, honneur et loyaut\u00e9. <\/p>\n<p>Aboubacar Al Syddick \u00e0 Bouak\u00e9<\/p>\n","protected":false},"excerpt":{"rendered":"<p>Les populations de Bouak\u00e9 ont organis\u00e9 le mercredi 08 f\u00e9vrier 2017, une journ\u00e9e d&#8217;hommage \u00e0 Djend\u00e9 Lorgn Abou B\u00e9chir, sous-pr\u00e9fet de Bouak\u00e9, r\u00e9cemment promu secr\u00e9taire g\u00e9n\u00e9ral de pr\u00e9fecture \u00e0 Korhogo.<\/p>\n","protected":false},"author":2,"featured_media":0,"comment_status":"closed","ping_status":"closed","sticky":false,"template":"","format":"standard","meta":{"_monsterinsights_skip_tracking":false,"_monsterinsights_sitenote_active":false,"_monsterinsights_sitenote_note":"","_monsterinsights_sitenote_category":0,"footnotes":""},"categories":[3],"tags":[],"class_list":["post-2764","post","type-post","status-publish","format-standard","hentry","category-societe"],"_links":{"self":[{"href":"https:\/\/www.lintelligentdabidjan.info\/news\/wp-json\/wp\/v2\/posts\/2764","targetHints":{"allow":["GET"]}}],"collection":[{"href":"https:\/\/www.lintelligentdabidjan.info\/news\/wp-json\/wp\/v2\/posts"}],"about":[{"href":"https:\/\/www.lintelligentdabidjan.info\/news\/wp-json\/wp\/v2\/types\/post"}],"author":[{"embeddable":true,"href":"https:\/\/www.lintelligentdabidjan.info\/news\/wp-json\/wp\/v2\/users\/2"}],"replies":[{"embeddable":true,"href":"https:\/\/www.lintelligentdabidjan.info\/news\/wp-json\/wp\/v2\/comments?post=2764"}],"version-history":[{"count":1,"href":"https:\/\/www.lintelligentdabidjan.info\/news\/wp-json\/wp\/v2\/posts\/2764\/revisions"}],"predecessor-version":[{"id":2765,"href":"https:\/\/www.lintelligentdabidjan.info\/news\/wp-json\/wp\/v2\/posts\/2764\/revisions\/2765"}],"wp:attachment":[{"href":"https:\/\/www.lintelligentdabidjan.info\/news\/wp-json\/wp\/v2\/media?parent=2764"}],"wp:term":[{"taxonomy":"category","embeddable":true,"href":"https:\/\/www.lintelligentdabidjan.info\/news\/wp-json\/wp\/v2\/categories?post=2764"},{"taxonomy":"post_tag","embeddable":true,"href":"https:\/\/www.lintelligentdabidjan.info\/news\/wp-json\/wp\/v2\/tags?post=2764"}],"curies":[{"name":"wp","href":"https:\/\/api.w.org\/{rel}","templated":true}]}}