{"id":2766,"date":"2017-02-11T00:58:46","date_gmt":"2017-02-10T23:58:46","guid":{"rendered":"http:\/\/www.lintelligentdabidjan.info\/news\/?p=2766"},"modified":"2017-02-11T00:58:46","modified_gmt":"2017-02-10T23:58:46","slug":"le-premier-ministre-agc-a-divo-le-17-fevrier-ce-que-famoussa-coulibaly-depute-de-la-localite-en-pense","status":"publish","type":"post","link":"https:\/\/www.lintelligentdabidjan.info\/news\/le-premier-ministre-agc-a-divo-le-17-fevrier-ce-que-famoussa-coulibaly-depute-de-la-localite-en-pense\/","title":{"rendered":"Le Premier ministre AGC \u00e0 Divo le 17 f\u00e9vrier Ce que Famoussa Coulibaly (d\u00e9put\u00e9 de la localit\u00e9) en pense"},"content":{"rendered":"<p> En marge du s\u00e9minaire d\u2019orientation des d\u00e9put\u00e9s ivoiriens qui se d\u00e9roule \u00e0 la Fondation  F\u00e9lix Houphou\u00ebt Boigny, le d\u00e9put\u00e9 nouvellement \u00e9lu de Divo-commune s\u2019est confi\u00e9 \u00e0 L\u2019IA.<!--more--><\/p>\n<p> Dr Famoussa Coulibaly explique les espoirs des populations de la r\u00e9gion de L\u00f4h-Djiboua, \u00e0 quelques jours  de l\u2019arriv\u00e9e du Premier ministre, Amadou Gon Coulibaly, \u00e0 Divo.<br \/>\nLe Premier ministre est attendu \u00e0 Divo le 17 f\u00e9vrier prochain. Que repr\u00e9sente cette venue du chef du gouvernement pour vous \u00e0 Divo et aussi en tant qu\u2019\u00e9lu de cette commune ?<br \/>\nJe ne peux que m\u2019en r\u00e9jouir et me f\u00e9liciter de ce que le Premier ministre, chef du gouvernement consacre sa premi\u00e8re visite officielle au niveau de l\u2019int\u00e9rieur du pays, \u00e0 Divo. Le Pr\u00e9sident de la R\u00e9publique, lors de sa visite d\u2019\u00c9tat \u00e0 Divo, nous avait promis  le bitumage de la  route Divo-Guitry-Yocobou\u00e9  lozoua. Aujourd\u2019hui cela devient une r\u00e9alit\u00e9. Et je voudrais m\u2019en f\u00e9liciter. Le premier ministre va proc\u00e9der au lancement des travaux de l\u2019autoroute Tiassal\u00e9-Divo \u2013Gagnoa. Je crois qu\u2019en ce qui concerne les projets de routes pour cette ann\u00e9e 2017, la r\u00e9gion du L\u00f4h-Djiboua fait partie  des premi\u00e8res r\u00e9gions \u00e0 b\u00e9n\u00e9ficier,  d\u2019un vaste programme gouvernemental. Et nous ne pouvons que remercier, le chef du  gouvernement pour cette initiative. D\u2019ailleurs, nous avons commenc\u00e9 un certain nombre de choses. Nous avons m\u00eame une r\u00e9union des cadres, pour mieux pr\u00e9parer  cette visite.<\/p>\n<p>Quelles sont les attentes  des populations de L\u00f4h-Djiboua, par rapport \u00e0 cette visite ?<br \/>\nNous avons de nombreuses attentes. Mais d\u00e9j\u00e0 (comme on le dit , la route pr\u00e9c\u00e8de le d\u00e9veloppement ),  en participant au lancement des travaux du bitumage, en nous octroyant quelques  kilom\u00e8tres de bitume dans la ville de Divo, nous ne pouvons que nous r\u00e9jouir. Aujourd\u2019hui, la population et l\u2019ensemble des \u00e9lus, pourront utiliser ces infrastructures \u00e0 bon escient. Pour que nous puissions v\u00e9ritablement passer au d\u00e9veloppement. Vous savez, Divo et partant de l\u00e0, toute la r\u00e9gion de L\u00f4h-Djiboua est une zone agricole. Et pour que nous puissions valablement faire sortir les productions agricoles, il faut de bonnes routes. Et le tron\u00e7on, dont le lancement des travaux est pr\u00e9vu le 17 f\u00e9vrier prochain, est une route tr\u00e8s importante dans le trafic de la r\u00e9gion. Et, je crois que le bitumage de cette route, va booster non seulement  le commerce dans cette partie de notre r\u00e9gion, mais \u00e9galement au niveau de nos produits agricoles. Et  surtout la voie Divo-Tiassal\u00e9 \u2013Gagnoa, c\u2019est une voie tr\u00e8s pratiqu\u00e9e, je crois que tout cela va  contribuer  \u00e0 faire sortir notre r\u00e9gion un peu de son isolement.<\/p>\n<p>Aujourd\u2019hui, quel est l\u2019\u00e9tat de la voirie dans la commune de Divo ?<br \/>\nJe crois que Divo qui est un chef-lieu de r\u00e9gion, Divo qui fait partie des douze (12) grandes communes de la C\u00f4te d\u2019Ivoire, n\u2019est pas suffisamment servie en la mati\u00e8re. Et donc, aujourd\u2019hui, nous avons b\u00e9n\u00e9fici\u00e9 avec un premier programme, de six (6) Kilom\u00e8tres de bitume dans la ville.  C\u2019\u00e9tait lors de la visite d\u2019\u00c9tat du Pr\u00e9sident de la R\u00e9publique, Son Excellence M. Alassane Ouattara. Maintenant qu\u2019on vienne, et que les grandes art\u00e8res de Divo seront bitum\u00e9es, je crois que cela est de bons augures. Pour que, nos populations qui d\u00e9j\u00e0 adh\u00e8rent au programme du Chef de l\u2019Etat, croient v\u00e9ritablement qu\u2019elles ne sont pas oubli\u00e9es dans le cadre de cette volont\u00e9 d\u2019aller \u00e0 l\u2019\u00e9mergence. Parce que, qui dit \u00e9mergence, dit d\u00e9veloppement. Qui dit \u00e9mergence, dit d\u00e9veloppement des infrastructures de base. Mais au-del\u00e0 des routes et autres, nous avons d\u2019autres d\u00e9fis \u00e0 relever, notamment sanitaires. Vous savez que  notre Centre Hospitalier R\u00e9gional(CHR) est l\u2019un des plus importants de la r\u00e9gion, mais qui manque beaucoup de choses. Nous avons \u00e9galement des d\u00e9fis, au niveau des infrastructures scolaires. Aujourd\u2019hui, beaucoup de nos \u00e9coliers sont sous des paillotes. Et des salles de classes qui datent d\u2019avant l\u2019ind\u00e9pendance de la C\u00f4te d\u2019Ivoire. Donc, il y a beaucoup de choses \u00e0 faire, notamment la jeunesse qui est en qu\u00eate d\u2019emploi. Donc, ce sont des probl\u00e8mes auxquels, il faut faire face et trouver des solutions idoines. Parce que, quand la jeunesse est oisive et n\u2019est pas occup\u00e9e, elle  peut s\u2019en donner \u00e0 certaines pratiques, qu\u2019on voit  malheureusement dans certaines de nos r\u00e9gions. Notamment, le vol, le banditisme, le broutage\u2026etc. Et m\u00eame, elle peut \u00eatre \u00e0 la solde des hommes politiques, pour des miettes. Pis, ces jeunes peuvent \u00eatre tent\u00e9s de poser des actions de d\u00e9stabilisation. C\u2019est pourquoi, il faut les occuper. Et notre challenge au niveau de l\u2019Assembl\u00e9e nationale sera justement d\u2019\u0153uvrer  \u00e0 ce que cette jeunesse puisse se prendre en charge. Outre cela, il y a le probl\u00e8me d\u2019autonomisation de nos femmes qui sera un autre challenge pour nous.  Tout ceci, pour permettre de booster l\u2019\u00e9conomie dans notre r\u00e9gion. Et  ce sont des engagements que nous avons pris vis-\u00e0-vis de nos populations. Nous allons avec l\u2019ensemble des cadres et des \u00e9lus, \u0153uvrer \u00e0 ce que cela puisse se r\u00e9aliser dans l\u2019int\u00e9r\u00eat des populations.<\/p>\n<p>Votre appel aux populations de L\u00f4h- Djiboua<br \/>\n C\u2019est de leur demander de se mobiliser. Parce que, c\u2019est  le premier ministre qui vient. Et c\u2019est le chef du gouvernement ivoirien. C\u2019est une importante institution du pays qui est repr\u00e9sent\u00e9e, c\u2019est l\u2019Etat de C\u00f4te d\u2019Ivoire qui est repr\u00e9sent\u00e9 \u00e0 un tr\u00e8s haut niveau. Donc, je voudrais lancer un vibrant appel, d\u2019abord \u00e0 tous  les cadres et \u00e9lus de la r\u00e9gion et toutes les populations. Quelles que soient nos ob\u00e9diences politiques, religieuses et ethniques, nous devons r\u00e9server un accueil tr\u00e8s chaleureux \u00e0 l\u2019h\u00f4te de marque qui est le Premier ministre Amadou Gon Coulibaly  et toute sa d\u00e9l\u00e9gation. Et comme, je l\u2019ai dit lors de ma campagne, et d\u2019ailleurs de nombreux Divolais  et Divolaises ont adh\u00e9r\u00e9 \u00e0 cela, Divo d\u2019abord. Divo avant  toute chose. Et c\u2019est l\u2019int\u00e9r\u00eat de Divo que nous devrions mettre en avant. Ce pourquoi le Premier ministre vient, il ne vient pas dans un cadre politique, purement politique  et politicienne. Il vient pour nous apporter le d\u00e9veloppement. Et nous devons lui souhaiter notre \u00ab  Ayoka \u00bb traditionnel. Et nous devons lui d\u00e9montrer que nous peuple de L\u00f4h- Djiboua, nous sommes un peuple hospitalier, accueillant, qui s\u2019est reconna\u00eetre  les bonnes actions  des bienfaiteurs. Et il sera la bienvenue \u00e0 Divo. Nous allons l\u2019accueillir des plus chaleureusement possible.<\/p>\n<p>Par Harry Diallo \u00e0 Yamoussoukro<\/p>\n","protected":false},"excerpt":{"rendered":"<p>En marge du s\u00e9minaire d\u2019orientation des d\u00e9put\u00e9s ivoiriens qui se d\u00e9roule \u00e0 la Fondation F\u00e9lix Houphou\u00ebt Boigny, le d\u00e9put\u00e9 nouvellement \u00e9lu de Divo-commune s\u2019est confi\u00e9 \u00e0 L\u2019IA.<\/p>\n","protected":false},"author":2,"featured_media":2767,"comment_status":"closed","ping_status":"closed","sticky":false,"template":"","format":"standard","meta":{"_monsterinsights_skip_tracking":false,"_monsterinsights_sitenote_active":false,"_monsterinsights_sitenote_note":"","_monsterinsights_sitenote_category":0,"footnotes":""},"categories":[3],"tags":[],"class_list":["post-2766","post","type-post","status-publish","format-standard","has-post-thumbnail","hentry","category-societe"],"_links":{"self":[{"href":"https:\/\/www.lintelligentdabidjan.info\/news\/wp-json\/wp\/v2\/posts\/2766","targetHints":{"allow":["GET"]}}],"collection":[{"href":"https:\/\/www.lintelligentdabidjan.info\/news\/wp-json\/wp\/v2\/posts"}],"about":[{"href":"https:\/\/www.lintelligentdabidjan.info\/news\/wp-json\/wp\/v2\/types\/post"}],"author":[{"embeddable":true,"href":"https:\/\/www.lintelligentdabidjan.info\/news\/wp-json\/wp\/v2\/users\/2"}],"replies":[{"embeddable":true,"href":"https:\/\/www.lintelligentdabidjan.info\/news\/wp-json\/wp\/v2\/comments?post=2766"}],"version-history":[{"count":1,"href":"https:\/\/www.lintelligentdabidjan.info\/news\/wp-json\/wp\/v2\/posts\/2766\/revisions"}],"predecessor-version":[{"id":2768,"href":"https:\/\/www.lintelligentdabidjan.info\/news\/wp-json\/wp\/v2\/posts\/2766\/revisions\/2768"}],"wp:featuredmedia":[{"embeddable":true,"href":"https:\/\/www.lintelligentdabidjan.info\/news\/wp-json\/wp\/v2\/media\/2767"}],"wp:attachment":[{"href":"https:\/\/www.lintelligentdabidjan.info\/news\/wp-json\/wp\/v2\/media?parent=2766"}],"wp:term":[{"taxonomy":"category","embeddable":true,"href":"https:\/\/www.lintelligentdabidjan.info\/news\/wp-json\/wp\/v2\/categories?post=2766"},{"taxonomy":"post_tag","embeddable":true,"href":"https:\/\/www.lintelligentdabidjan.info\/news\/wp-json\/wp\/v2\/tags?post=2766"}],"curies":[{"name":"wp","href":"https:\/\/api.w.org\/{rel}","templated":true}]}}