{"id":27680,"date":"2022-02-18T00:18:16","date_gmt":"2022-02-17T23:18:16","guid":{"rendered":"https:\/\/www.lintelligentdabidjan.info\/news\/?p=27680"},"modified":"2022-02-18T00:22:35","modified_gmt":"2022-02-17T23:22:35","slug":"le-president-alassane-ouattara-sur-rfi-sanctions-contre-le-mali-jen-suis-malheureux-nous-attendons-un-calendrier-raisonnable","status":"publish","type":"post","link":"https:\/\/www.lintelligentdabidjan.info\/news\/le-president-alassane-ouattara-sur-rfi-sanctions-contre-le-mali-jen-suis-malheureux-nous-attendons-un-calendrier-raisonnable\/","title":{"rendered":"Le Pr\u00e9sident Alassane Ouattara sur Rfi : &#8221; Sanctions contre le Mali : &#8221; J&#8217;en suis malheureux (&#8230;) nous attendons un calendrier raisonnable &#8220;"},"content":{"rendered":"<p><em><strong>Dans une interview accord\u00e9e \u00e0 la radio RFI et \u00e0 la t\u00e9l\u00e9vision  France 24, le mercredi 16 f\u00e9vrier 2022 ,  le pr\u00e9sident ivoirien Alassane Ouattara s\u2019est prononc\u00e9 encore une fois  sur les sanctions de la Cedeao contre le Mali.  Le chef de l\u2019Etat a dit qu\u2019il en est malheureux et demande \u00e0 la junte un calendrier raisonnable. Alassane Ouattara a r\u00e9agi \u00e9galement sur la suppos\u00e9e conversation qu\u2019il a eue avec l\u2019ex-premier ministre malien Boubou Ciss\u00e9, sur la pr\u00e9sidentielle de 2025 en C\u00f4te d\u2019Ivoire. Ci-dessous l\u2019int\u00e9gralit\u00e9 de l\u2019entretien.  <\/strong><\/em><\/p>\n<p><strong>Monsieur le pr\u00e9sident, apr\u00e8s 9 ans, la France a d\u00e9cid\u00e9 de se retirer militairement du Mali, au moment m\u00eame o\u00f9 la menace djihadiste s\u2019\u00e9tend. Une question simple, est-ce un constat d\u2019\u00e9chec ?<\/strong><\/p>\n<p>Non ! Je ne pense pas. La France a pris une d\u00e9cision par rapport \u00e0 la situation au Mali. Mais, elle ne se retire pas du Sahel, elle adapte son dispositif compte tenu de ses relations avec le Mali.<\/p>\n<p><strong>La r\u00e9adaptation de son dispositif, est-ce que cela pourrait aussi concerner la C\u00f4te d\u2019Ivoire.  Est-ce que vous pourriez accueillir plus de troupes, de mat\u00e9riels fran\u00e7ais. On sait que le chef d\u2019\u00c9tat major des arm\u00e9es \u00e9tait \u00e0 Abidjan la semaine derni\u00e8re, on n\u2019imagine que c\u2019est pour en parler ?<\/strong><\/p>\n<p>Oui ! tout \u00e0 fait ! Nous avons toujours estim\u00e9 que la s\u00e9curit\u00e9 est un pr\u00e9alable au d\u00e9veloppement. Je ne sais pas pourquoi les gens se font des complexes.  L\u2019Arabie Saoudite a une base am\u00e9ricaine, d\u2019autres pays aussi. Si notre s\u00e9curit\u00e9 exige que nous fassions appel \u00e0 des partenaires, des pays amis nous le ferons. Tout cela est en discussion et on verra par la suite.<\/p>\n<p><strong>Il y aura donc plus de soldats voire de bases fran\u00e7aises en C\u00f4te d\u2019Ivoire ?<\/strong><\/p>\n<p>Le ministre va en discuter avec notre arm\u00e9e et nous verrons. Vous savez la s\u00e9curit\u00e9 d\u00e9pend des troupes nationales, nous avons maintenant une arm\u00e9e, une gendarmerie bien form\u00e9e, professionnelle, bien \u00e9quip\u00e9e, dont on s\u2019occupe bien et j\u2019ai confiance en mon arm\u00e9e.<br \/>\n<strong><br \/>\nEn Afrique de l\u2019Ouest, le sentiment anti-fran\u00e7ais semble se r\u00e9pandre . On l\u2019a vu il y a quelques semaines avec ce convoi de barkhane qui a \u00e9t\u00e9 intercept\u00e9 par des manifestants\u2026<\/strong><\/p>\n<p>Un \u00e9v\u00e9nement ici ou l\u00e0 ne veut pas dire qu\u2019il y\u2019a un probl\u00e8me !!! Apr\u00e8s tout ce convoi a quitt\u00e9 Port-Bou\u00ebt pour aller jusqu\u2019\u00e0 Gao. La C\u00f4te d\u2019Ivoire, quand m\u00eame la travers\u00e9e c\u2019est quasiment 1.000 kilom\u00e8tres, y\u2019a pas eu de probl\u00e8me. Parce qu\u2019il y a 2 probl\u00e8mes dans 2 coins on en fait un probl\u00e8me anti-fran\u00e7ais. Non ce n\u2019est pas vrai.<\/p>\n<p><strong>Il y a \u00e9videmment les manifestations anti-fran\u00e7aises au Mali\u2026<\/strong><\/p>\n<p>Vous savez, il y a beaucoup de manipulation dans tout \u00e7a.<\/p>\n<p><strong>Donc, les militaires fran\u00e7ais ont-ils encore un avenir en Afrique ?<\/strong><\/p>\n<p>Ce n\u2019est pas un avenir. Les militaires fran\u00e7ais je le dis, sont les bienvenus chez nous comme les am\u00e9ricains, comme d\u2019autres.<\/p>\n<p><strong> La Communaut\u00e9 \u00c9conomique des \u00c9tats de l\u2019Afrique de l\u2019Ouest, CEDEAO, a durement sanctionn\u00e9 le Mali, il y\u2019a environ 1 mois. Mais, paradoxalement, cela semble avoir soud\u00e9 la population derri\u00e8re la junte, on a vu des manifestations de masse. Est-ce que le r\u00e9sultat n\u2019est pas le contraire de ce que vous escomptez ?<\/strong><\/p>\n<p>Nous n\u2019avons pas cherch\u00e9 \u00e0 punir le peuple malien. Le peuple malien est un peuple fr\u00e8re, la CEDEAO a des r\u00e8gles.<\/p>\n<p>Ces d\u00e9cisions ont \u00e9t\u00e9 prises \u00e0 l\u2019unanimit\u00e9.  Moi je l\u2019ai dit, j\u2019en suis malheureux. Parce qu\u2019en r\u00e9alit\u00e9 nous ne voulons pas que le peuple malien ait des p\u00e9riodes de souffrances aussi graves. Il y aura des p\u00e9nuries, il y aura des difficult\u00e9s, nous attendons tout simplement, que le gouvernement, la junte malienne, nous propose un calendrier raisonnable et que graduellement nous puissions   lever les sanctions comme l\u2019exigent  les textes de la Cedeao. Ce n\u2019est pas une d\u00e9cision personnelle de qui que ce soit, ce sont les textes. Si un autre pays \u00e9tait dans cette situation, le Mali aurait \u00e9t\u00e9 partenaire \u00e0 la d\u00e9cision.<\/p>\n<p><strong>Alors, ce calendrier justement, au d\u00e9but la junte vous a propos\u00e9 05 ans de transition avant d\u2019aller aux \u00e9lections puis elle a recul\u00e9 d\u2019un an. Elle vous a propos\u00e9 04 ans. L\u2019Alg\u00e9rie s\u2019est propos\u00e9 comme m\u00e9diateur et a propos\u00e9 16 mois. Est-ce que 16 mois, \u00e7a vous para\u00eet un d\u00e9lai raisonnable ?<\/strong><\/p>\n<p>Mais, je n\u2019ai pas \u00e0 commenter sur les propositions de l\u2019Alg\u00e9rie. L\u2019Alg\u00e9rie est en Afrique du Nord. Nous la Cedeao, nous avons nos r\u00e8gles et c\u2019est \u00e0 l\u2019unanimit\u00e9 que nos d\u00e9cisions seront prises. Et nous examinerons le cas malien en temps opportun, en fonction de notre exp\u00e9rience, et donc des discussions avec les autorit\u00e9s maliennes.<br \/>\n<strong><br \/>\nEst-ce que pour vous la date butoir \u00e7a pourrait \u00eatre \u00e0 la fin de cette\u2026 <\/strong><\/p>\n<p>Je n\u2019ai pas d\u2019opinion personnelle messieurs. Je ne suis pas le pr\u00e9sident de la Cedeao. C\u2019est mon ami, le Ghan\u00e9en Nana Kufor Ado, nous allons sans doute avoir une autre r\u00e9union au mois de mars pour examiner la situation. Nous voulons que ces sanctions soient lev\u00e9es le plus t\u00f4t possible. Parce que le peuple malien ne m\u00e9rite pas cette situation d\u2019Embargo.<br \/>\n<strong><br \/>\nMais, en tout cas cela ne peut pas durer 4 ans.<\/strong><\/p>\n<p>4 ans, c\u2019est quand m\u00eame  la dur\u00e9e d\u2019un mandat au Ghana, au Nig\u00e9ria. Vous conviendrez avec moi que ce n\u2019est pas raisonnable. Je demande \u00e0 mes fr\u00e8res maliens de faire un effort de rentrer dans le rang comme l\u2019exigent  les r\u00e8gles de la Cedeao. Nous les avons aid\u00e9s, ils le savent. J\u2019\u00e9tais en contact permanent avec le colonel Assimi Go\u00efta. Il m\u2019a envoy\u00e9 des \u00e9missaires avant chaque sommet. Nous avons fait ce que nous avons pu. Mais, nous ne pouvons pas faire plus. Vu que les r\u00e8gles de la Cedeao sont l\u00e0, il faut les appliquer.<\/p>\n<p><strong>Vous vous \u00eates parl\u00e9 directement ?<\/strong><\/p>\n<p>On se parle souvent, tout le temps comme avec le colonel Doumbouya, comme avec les autres, le Colonel Damiba. Moi, je suis en contact avec tout le monde, nous sommes un pays de dialogue, la C\u00f4te d&#8217;Ivoire.<\/p>\n<p><strong>Monsieur le Pr\u00e9sident depuis environ une semaine circule sur les r\u00e9seaux sociaux un enregistrement d&#8217;une pr\u00e9tendue conversation entre l&#8217;ex-Premier ministre du Mali Boubou Ciss\u00e9 et une personne. Certains ont reconnu votre voix. On entend des critiques sur la junte malienne alors une question toute simple : est-ce que cette conversation est authentique ? Est-ce que c&#8217;est vous ?<\/strong><\/p>\n<p>Peut-\u00eatre qu&#8217;il me faudrait la faire \u00e9couter comme \u00e7a, je pourrais vous le dire.<\/p>\n<p><strong>Elle a beaucoup circul\u00e9\u2026<\/strong><\/p>\n<p>Vous savez moi je ne suis pas un adepte des r\u00e9seaux sociaux. C&#8217;\u00e9tait quand \u00e7a ?<\/p>\n<p><strong>Il y a environ une semaine\u2026<\/strong><\/p>\n<p>Bon, envoyez-le-moi, je pourrais vous r\u00e9pondre. Moi, je parle \u00e0 tout le monde. \u00c0 Boubou Ciss\u00e9, \u00e0 Boub\u00e8ye Ma\u00efga, \u00e0 Assimi Go\u00efta, \u00e0 tout le monde. Parce que je trouve que c&#8217;est comme \u00e7a que nous allons arriver \u00e0 les rapprocher et \u00e0 sortir de cette situation. Mais les autorit\u00e9s maliennes savent que j&#8217;ai la plus grande consid\u00e9ration pour elles.<\/p>\n<p><strong><br \/>\n\u00c0 propos de consid\u00e9ration, on entend critiquer en parlant d&#8217;idiots, de malades.<\/strong> <\/p>\n<p>Ah bon !  <\/p>\n<p><strong><br \/>\nVoil\u00e0 ! Donc, c&#8217;est pourquoi \u00e7a fait un petit peu scandale Monsieur le Pr\u00e9sident.<\/strong><\/p>\n<p>Les nouvelles technologies peuvent faire beaucoup de choses.<\/p>\n<p> <strong><\/p>\n<p>La justice malienne a ouvert une enqu\u00eate pour atteinte \u00e0 la s\u00fbret\u00e9, est-ce que c\u2019est pour vous nuire ?<\/strong><\/p>\n<p>\u00c9coutez, \u00e7a, c&#8217;est une affaire des Maliens, je ne veux pas m&#8217;en m\u00ealer.<\/p>\n<p><strong> <\/p>\n<p>Est-ce que l&#8217;arriv\u00e9e \u00e9ventuelle de combattants paramilitaires Russes dans le pays voisin qui est le Mali, \u00e7a risque de vous inqui\u00e9ter ou pas ?<\/strong><\/p>\n<p>Nous avons dit clairement au niveau de la CEDEAO que nous sommes contre l&#8217;utilisation de personnes non \u00e9tatiques dans nos pays. \u00c7a \u00e9t\u00e9 dit clairement dans les diff\u00e9rents communiqu\u00e9s. Donc, ma position est celle de la CEDEAO. Et nous sommes totalement en phase avec ces positions. Pardonnez-moi, je consid\u00e8re  que la coop\u00e9ration doit \u00eatre d&#8217;\u00c9tat \u00e0  \u00c9tat, c&#8217;est de l&#8217;int\u00e9r\u00eat des Maliens. La France est un partenaire fiable, la France a perdu quand m\u00eame 53  de ses enfants au Mali. La France d\u00e9pense \u00e0 peu pr\u00e8s un milliard par an au Mali. Mais \u00e9coutez, je consid\u00e8re que c&#8217;est quand m\u00eame d\u00e9plorable que nous soyons dans une telle situation. Je continuerai de dire aux autorit\u00e9s maliennes qu&#8217;elles doivent faire en sorte que les choses s&#8217;am\u00e9liorent dans les relations. Comme on le dit en Afrique de l&#8217;Ouest, il faut qu&#8217;ils mettent de l&#8217;eau dans leur &#8220;Gnamakoudji&#8221; c&#8217;est-\u00e0-dire dans leur jus de gingembre. Il faut que \u00e7a s&#8217;arrange, \u00e7a ne peut pas continuer comme \u00e7a. Ce n&#8217;est pas de l&#8217;int\u00e9r\u00eat des Maliens, ni de l&#8217;Afrique de l&#8217;Ouest. <\/p>\n<p><strong><br \/>\nVous regrettez le d\u00e9part de Barkhane du Mali ? <\/strong><\/p>\n<p>Non, c&#8217;est au Malien d&#8217;appr\u00e9cier, nous nous consid\u00e9rons que la lutte contre le terrorisme est quelque chose d&#8217;essentiel pour le Mali, pour le Niger et pour les pays c\u00f4tiers. Donc, le d\u00e9part de Barkhane et de Takouba cr\u00e9e un vide. Nous serons oblig\u00e9s d&#8217;augmenter nos forces de d\u00e9fense,   d&#8217;accro\u00eetre la protection de nos fronti\u00e8res,   d&#8217;acheter des armes, d&#8217;avoir une plus grande professionnalisation. Mais c&#8217;est notre devoir aussi, les arm\u00e9es nationales doivent r\u00e9gler les probl\u00e8mes sur nos territoires nationaux. Et c&#8217;est cela notre philosophie. Et nous ferons en sorte que cela soit. Et nous prendrons toutes les mesures possibles m\u00eame si nous devons d\u00e9penser 2, 3 ou 4% du PIB sur les d\u00e9penses militaires, nous le ferons pour notre protection. Parce que sans s\u00e9curit\u00e9 il n&#8217;y aura pas de d\u00e9veloppement.<\/p>\n<p><strong><br \/>\nAlors je vais venir \u00e0 un autre de vos voisins qui a \u00e9galement connu un coup d&#8217;\u00c9tat, le  Burkina Faso. C&#8217;\u00e9tait le 24 Janvier dernier.  D&#8217;apr\u00e8s les contacts que vous avez eus avec le chef de la Junte, est-ce que Monsieur le Pr\u00e9sident apr\u00e8s quelques semaines vous avez l&#8217;impression qu&#8217;ils suivent la voie de leurs fr\u00e8res d&#8217;armes maliens ou peut-\u00eatre s&#8217;orientent-ils vers une solution qui est plus adapt\u00e9e  \u00e0 ce que vous cherchez ?<\/strong><\/p>\n<p>Non moi j&#8217;ai parl\u00e9 au colonel Damiba. D&#8217;abord je me pr\u00e9occupais de l&#8217;int\u00e9grit\u00e9 physique et de la s\u00e9curit\u00e9 du pr\u00e9sident Roch Marc Christian Kabor\u00e9 il m&#8217;a donn\u00e9 des assurances et je lui ai dit que nous ferons en sorte de les accompagner \u00e0 condition que les r\u00e8gles de la CEDEAO soient respect\u00e9es. Et c&#8217;est ce que nous faisons actuellement. Je souhaite que cela se fasse, bien s\u00fbr.<\/p>\n<p><strong><br \/>\nLes premiers indices sont plut\u00f4t favorables,  vous diriez ?<\/strong><\/p>\n<p> Mais je n&#8217;ai eu que deux conversations avec lui, c&#8217;est un peu t\u00f4t. Mais je souhaite effectivement que nous puissions trouver une solution rapidement pour ne pas en arriver \u00e0 des sanctions financi\u00e8res \u00e9conomiques pour le Burkina <\/p>\n<p><strong><br \/>\nVous avez mentionn\u00e9 le pr\u00e9sident Kabor\u00e9 il n&#8217;est toujours pas libre de ces mouvements ? <\/strong><\/p>\n<p>Non nous travaillons \u00e0 cela <\/p>\n<p><strong><br \/>\nVous avez obtenu des garanties ?<\/strong><\/p>\n<p>Je ne suis pas la CEDEAO mais en tout cas j&#8217;ai plaid\u00e9, le pr\u00e9sident m&#8217;a donn\u00e9 des assurances que son m\u00e9decin le voit tous les matins, sa famille \u00e9galement et je suis rassur\u00e9 par ce qu&#8217;il me dit et par cons\u00e9quent nous suivrons cette question <\/p>\n<p><strong>Malgr\u00e9 le putsch du 24 Janvier \u00e0 Ouaga le proc\u00e8s des assassins pr\u00e9sum\u00e9s de Thomas Sankara a pu se poursuivre . Le procureur vient de requ\u00e9rir 30 ans de prison \u00e0 l&#8217;endroit de l&#8217;ancien pr\u00e9sident Blaise Compaor\u00e9 et de son ancien bras-droit Hyacinthe Kafondo . Il se trouve que le premier est r\u00e9fugi\u00e9 en C\u00f4te d&#8217;Ivoire et que le second est pr\u00e9sum\u00e9 \u00e9galement vivre en C\u00f4te d&#8217;Ivoire , est ce que vous pensez que 35 ans apr\u00e8s ce crime d&#8217;\u00c9tat il est temps que les gens connaissent la v\u00e9rit\u00e9 et que peut \u00eatre monsieur Compaor\u00e9 et Kafondo acceptent de compara\u00eetre devant la justice Burkinab\u00e8 ? <\/strong><\/p>\n<p>Posez-leur la question. La C\u00f4te d&#8217;Ivoire est un pays d\u2019hospitalit\u00e9, nous consid\u00e9rons qu&#8217;ils sont chez eux en C\u00f4te d&#8217;Ivoire et par cons\u00e9quent, il n\u2019y a pas de difficult\u00e9. Il leur appartient avec les autorit\u00e9s burkinab\u00e8. J\u2019avais entrepris des d\u00e9marches d&#8217;ailleurs avec le pr\u00e9sident Kabor\u00e9 pour le retour du pr\u00e9sident Compaor\u00e9.  Je pense que tout cela se fera en temps opportun. <\/p>\n<p><strong>Et pour Hyacinthe Kafondo ? <\/strong><\/p>\n<p> Je ne le connais pas Hyacinthe Kafondo. <\/p>\n<p><strong>Mais il \u00e9tait en C\u00f4te d\u2019Ivoire\u2026 <\/strong><\/p>\n<p>Je ne sais pas, on me dit qu&#8217;il est en C\u00f4te d\u2019Ivoire, vous savez nous avons 5 millions de Burkinab\u00e8 en C\u00f4te d&#8217;Ivoire. <\/p>\n<p><strong><br \/>\nAutre pays frapp\u00e9  par un putsch, c&#8217;\u00e9tait le 5 septembre c&#8217;est la Guin\u00e9e Conakry\u2026. <\/strong><\/p>\n<p>D\u00e9cid\u00e9ment vous ne posez les questions que sur les pays. Ce sont des pays qui me sont chers aussi.<\/p>\n<p><strong>Et il se trouve que le colonel Doumbouya n\u2019a donn\u00e9 aucun calendrier pour la transition alors que cela fait 6 mois que cela a eu lieu. Est-ce que vous n\u2019\u00eates pas un peu indulgent avec<\/strong><\/p>\n<p>Je suis toujours en contact \u00e9galement  avec le colonel Doumbouya. Les choses se feront dans le temps au moment opportun. Je peux vous dire que jusqu\u2019\u00e0 pr\u00e9sent, il a tenu tous ses engagements \u00e0 mon endroit et je continue de penser que cela continuera.<br \/>\n<strong><br \/>\nDonc vous pensez que le calendrier sera respect\u00e9 ?<\/strong><\/p>\n<p>Le calendrier d\u00e9pendra des institutions qui ont \u00e9t\u00e9 mises en place et je souhaite que ce soit le plus t\u00f4t possible. Je n\u2019ai pas \u00e0 imposer  un d\u00e9lai aux Guin\u00e9ens ni aux Maliens ni aux Burkinab\u00e8. Nous leur disons seulement que la charte de la Cedeao a des contraintes qu\u2019il faut respect\u00e9es.<\/p>\n<p><strong>Il y a eu le Mali, la Guin\u00e9e, le Burkina Faso. On semble faire face \u00e0 une \u00e9pid\u00e9mie de coups d\u2019\u00c9tat en Afrique de l\u2019Ouest . Est-ce que vous craignez que la contagion s\u2019\u00e9tende ?<\/strong><\/p>\n<p>Non ! Je ne souhaite pas. Bien \u00e9videmment.<\/p>\n<p>Pourquoi toutes ces mesures, c\u2019est pour \u00e9viter des situations de ce genre. Pour nous, l\u2019Afrique de l\u2019Ouest a fait de grands progr\u00e8s en mati\u00e8re de d\u00e9mocratie et de respect du droit de l\u2019homme. Nous avons une p\u00e9riode difficile \u00e0 cause du terrorisme, \u00e0 cause de la pauvret\u00e9, \u00e0 cause des probl\u00e8mes globaux de r\u00e9chauffement climatique, d\u2019\u00e9rosion etc. C\u2019est une p\u00e9riode difficile \u00e0 passer, mais cela ne veut pas dire que tout est boulevers\u00e9. Moi je suis confiant.<br \/>\n<strong><br \/>\nEt chez vous ? Vous n\u2019avez pas de crainte ?<\/strong><\/p>\n<p> Vous savez la C\u00f4te d\u2019Ivoire est un pays qui a connu un coup d\u2019\u00c9tat que tout le monde regrette. Et, je pense, je crois que nous avons une arm\u00e9e professionnelle, r\u00e9publicaine et nous sommes confiants que nous continuerons notre marche vers le d\u00e9veloppement et le bien-\u00eatre des Ivoiriens.<br \/>\n<strong><br \/>\nCertains estiment que comme en Guin\u00e9e-Conakry, ce sont les 3\u00e8 mandat qui ouvrent les portes \u00e0 des putschs militaires. Et certains pensent \u00e0 votre 3\u00e8 mandat de 2020.<\/strong><\/p>\n<p>Ce n\u2019est pas mon 3\u00e8 mandat. C\u2019est le 1er mandat de la 3\u00e8 R\u00e9publique. Vous le savez bien, vous deux particuli\u00e8rement, vous m\u2019avez interview\u00e9 \u00e0 Abidjan. La constitution ivoirienne a \u00e9t\u00e9 vot\u00e9e en 2016. J\u2019\u00e9tais candidat en 2020 et j\u2019avais dit que je ne serai pas candidat. Mais, cela ne veut pas dire que je n\u2019\u00e9tais pas \u00e9ligible. Des circonstances exceptionnelles m\u2019ont emmen\u00e9 \u00e0 \u00eatre candidat. Mais, aujourd\u2019hui, je suis soulag\u00e9 de l\u2019avoir fait. C\u2019\u00e9tait une d\u00e9cision difficile pour moi pour des raisons personnelles. Maintenant, c\u2019est fait, la C\u00f4te d\u2019Ivoire est en bonne marche. Je suis soulag\u00e9 et je continuerais de faire mon travail pour que la C\u00f4te d\u2019Ivoire tienne bon et que nous continuons de faire des progr\u00e8s importants au plan \u00e9conomique et social.<br \/>\n<strong><br \/>\n Est-ce que des circonstances exceptionnelles pourraient vous conduire \u00e0 \u00eatre candidat en 2025 ?<\/strong><\/p>\n<p>Des circonstances exceptionnelles se posent  exceptionnellement, cher monsieur. En ce qui me concerne, tout le monde  sait ce quelle  \u00e9tait ma d\u00e9cision. Je l\u2019ai annonc\u00e9e au mois de mars pour des \u00e9lections qui devaient avoir lieu dans le mois d\u2019octobre. Donc je n\u2019ai pas de probl\u00e8me  \u00e0 me faire. Vous savez, j\u2019occupais des fonctions importantes pour rentrer dans la politique. Je ne suis pas \u00e0 la recherche d\u2019un job \u00e0 80 ans.<\/p>\n<p><strong>Donc en 2025, vous ne serez pas candidat ?<\/strong><\/p>\n<p>Laissez-tomber cela. En 2025, nous verrons bien. Les Ivoiriens choisiront qui, ils veulent. Je souhaite qu\u2019ils choisissent quelqu\u2019un de plus jeune que moi et mes pr\u00e9d\u00e9cesseurs.<\/p>\n<p><strong> Est-ce que vous avez d\u00e9j\u00e0 pens\u00e9 \u00e0 quelqu\u2019un qui pourrait porter les couleurs du Rhdp en 2025 ?<\/strong><\/p>\n<p>J\u2019en ai \u00e0 peu pr\u00e8s une demi-douzaine \u00e0 qui je pense. Ils sont nombreux, ils sont tr\u00e8s comp\u00e9tents et je suis persuad\u00e9 que nous ferons un choix d\u00e9mocratique et nous aurons quelqu\u2019un de tr\u00e8s comp\u00e9tent pour continuer de diriger le navire C\u00f4te d\u2019Ivoire.<\/p>\n<p><strong>Vous avez parl\u00e9 de la question de l\u2019\u00e2ge. Un d\u00e9put\u00e9 a annonc\u00e9 qu\u2019il pouvait d\u00e9poser un projet de loi au mois d\u2019avril \u00e0 l\u2019assembl\u00e9e pour r\u00e9tablir la limite d\u2019\u00e2ge pour \u00eatre candidat \u00e0 la pr\u00e9sidence \u00e0 75 ans. Une limite qui avait saut\u00e9 avec la r\u00e9vision constitutionnelle de 2016. Je crois savoir que vous y \u00eates favorable ?<\/strong><\/p>\n<p>Ah bon ! L\u2019assembl\u00e9e a son agenda et j\u2019ai le mien. Des d\u00e9put\u00e9s de mon parti prendront la d\u00e9cision qui sied  est en temps opportun.<\/p>\n<p><strong>Laurent Gbagbo a affirm\u00e9 que pour lui, c\u2019\u00e9tait inacceptable\u2026<\/strong><\/p>\n<p>Mais, Laurent Gbagbo, ce n\u2019est pas la R\u00e9publique.<\/p>\n<p><strong>Est-ce vous avez des contacts r\u00e9guliers avec lui parce qu\u2019il se dit que vous ne vous parlez plus depuis quelques mois ?<\/strong><\/p>\n<p>Non ! Ce n\u2019est pas vrai. Je lui ai parl\u00e9 il y a \u00e0 peine 3 semaines. Comme avec le pr\u00e9sident Henri Konan B\u00e9di\u00e9. Nous avons des relations fraternelles.<\/p>\n<p><strong>Au nom de cette  r\u00e9conciliation et de fraternit\u00e9 ivoirienne que vous dites apr\u00e8s Laurent Gbagbo, Charles Bl\u00e9 Goud\u00e9 et Soro Guillaume pourraient-ils rentrer en C\u00f4te d\u2019Ivoire   ?<\/strong><\/p>\n<p>Mais qu\u2019ils demandent \u00e0 la justice ce n&#8217;est pas moi, je ne suis pas le juge moi.<\/p>\n<p><strong>Vous parlez pour les deux ou qui ?<\/strong><\/p>\n<p>Non je n\u2019ai pas d\u2019opinion sur l\u2019un ou l\u2019autre.  Ils ont des dossiers judiciaires qui sont en cours, des dossiers qui sont devant la justice qu\u2019ils r\u00e8glent ces probl\u00e8mes administratifs et judiciaires.<br \/>\n<strong><br \/>\n Retranscrite par Moustapha. I ,  Regtoumda,  D. Ouattara, L. Abdul, A. Traor\u00e9,  M. Joel<\/strong><\/p>\n","protected":false},"excerpt":{"rendered":"<p>Dans une interview accord\u00e9e \u00e0 la radio RFI et \u00e0 la t\u00e9l\u00e9vision France 24, le mercredi 16 f\u00e9vrier 2022 , le pr\u00e9sident ivoirien Alassane Ouattara s\u2019est prononc\u00e9 encore une fois sur les sanctions de la Cedeao contre le Mali. Le chef de l\u2019Etat a dit qu\u2019il en est malheureux et demande \u00e0 la junte un [&hellip;]<\/p>\n","protected":false},"author":3,"featured_media":27681,"comment_status":"closed","ping_status":"closed","sticky":false,"template":"","format":"standard","meta":{"_monsterinsights_skip_tracking":false,"_monsterinsights_sitenote_active":false,"_monsterinsights_sitenote_note":"","_monsterinsights_sitenote_category":0,"footnotes":""},"categories":[2,17],"tags":[],"class_list":["post-27680","post","type-post","status-publish","format-standard","has-post-thumbnail","hentry","category-featured","category-politique"],"_links":{"self":[{"href":"https:\/\/www.lintelligentdabidjan.info\/news\/wp-json\/wp\/v2\/posts\/27680","targetHints":{"allow":["GET"]}}],"collection":[{"href":"https:\/\/www.lintelligentdabidjan.info\/news\/wp-json\/wp\/v2\/posts"}],"about":[{"href":"https:\/\/www.lintelligentdabidjan.info\/news\/wp-json\/wp\/v2\/types\/post"}],"author":[{"embeddable":true,"href":"https:\/\/www.lintelligentdabidjan.info\/news\/wp-json\/wp\/v2\/users\/3"}],"replies":[{"embeddable":true,"href":"https:\/\/www.lintelligentdabidjan.info\/news\/wp-json\/wp\/v2\/comments?post=27680"}],"version-history":[{"count":2,"href":"https:\/\/www.lintelligentdabidjan.info\/news\/wp-json\/wp\/v2\/posts\/27680\/revisions"}],"predecessor-version":[{"id":27683,"href":"https:\/\/www.lintelligentdabidjan.info\/news\/wp-json\/wp\/v2\/posts\/27680\/revisions\/27683"}],"wp:featuredmedia":[{"embeddable":true,"href":"https:\/\/www.lintelligentdabidjan.info\/news\/wp-json\/wp\/v2\/media\/27681"}],"wp:attachment":[{"href":"https:\/\/www.lintelligentdabidjan.info\/news\/wp-json\/wp\/v2\/media?parent=27680"}],"wp:term":[{"taxonomy":"category","embeddable":true,"href":"https:\/\/www.lintelligentdabidjan.info\/news\/wp-json\/wp\/v2\/categories?post=27680"},{"taxonomy":"post_tag","embeddable":true,"href":"https:\/\/www.lintelligentdabidjan.info\/news\/wp-json\/wp\/v2\/tags?post=27680"}],"curies":[{"name":"wp","href":"https:\/\/api.w.org\/{rel}","templated":true}]}}