{"id":27759,"date":"2022-03-02T20:10:16","date_gmt":"2022-03-02T19:10:16","guid":{"rendered":"https:\/\/www.lintelligentdabidjan.info\/news\/?p=27759"},"modified":"2022-03-02T20:10:16","modified_gmt":"2022-03-02T19:10:16","slug":"terrorisme-les-ivoiriens-nont-pas-dit-leur-dernier-mot","status":"publish","type":"post","link":"https:\/\/www.lintelligentdabidjan.info\/news\/terrorisme-les-ivoiriens-nont-pas-dit-leur-dernier-mot\/","title":{"rendered":"Terrorisme : Les Ivoiriens n\u2019ont pas dit leur dernier mot"},"content":{"rendered":"<p><em><strong>Le terrorisme et le grand banditisme se r\u00e9pandent comme une train\u00e9e de poudre. Dans le nord du pays, la protection et la s\u00e9curit\u00e9 de la population deviennent une priorit\u00e9.<\/strong><\/em><\/p>\n<p>Ce d\u00e9but d\u2019ann\u00e9e 2022 est tr\u00e8s encourageant. Face au fl\u00e9au s\u00e9curitaire, les autorit\u00e9s ivoiriennes se sont engag\u00e9es \u00e0 inverser la tendance, en ripostant sur des axes \u00e9conomiques et capacitaires, tout en favorisant la coop\u00e9ration r\u00e9gionale.<\/p>\n<p>R\u00e9gion sinistr\u00e9e, le nord-est du pays frontalier avec le Burkina-Faso subit actuellement l\u2019afflux d\u2019une centaine de r\u00e9fugi\u00e9s par jour, selon le Haut-commissariat de l\u2019Onu aux r\u00e9fugi\u00e9s. Depuis deux ans, des attaques sont signal\u00e9es. Plus inqui\u00e9tant encore, la recrudescence de pi\u00e8ges sur les routes. En effet, le 1er f\u00e9vrier de cette ann\u00e9e, selon des sources s\u00e9curitaires, un engin explosif improvis\u00e9 a encore \u00e9t\u00e9 d\u00e9couvert sur l\u2019axe Tehini-Kointa.<\/p>\n<p><strong><br \/>\nFace au d\u00e9ploiement massif de l\u2019arm\u00e9e ivoirienne dans la zone, les djihadistes changent de strat\u00e9gie. <\/strong><\/p>\n<p>Afin que les jeunes ne soient pas tent\u00e9s de rejoindre les rangs des groupes arm\u00e9s djihadistes, pour des raisons essentiellement li\u00e9es aux probl\u00e9matiques sociales et financi\u00e8res, le gouvernement ivoirien a d\u00e9cid\u00e9 de mettre l\u2019accent sur des actions sociales. Ces derni\u00e8res passent par le d\u00e9veloppement \u00e9conomique et la confiance dans les structures de l\u2019Etat.<\/p>\n<p>Fin janvier, lors de sa visite \u00e0 Kafolo, village frapp\u00e9 en 2020 et 2021 par des attaques djihadistes et toujours menac\u00e9, le Premier ministre Patrick Achi a annonc\u00e9 un plan d\u2019investissement de 8,6 milliards FCFA. Ce plan servira \u00e0 renforcer l\u2019insertion et la formation de pr\u00e8s de 20 000 jeunes issus des zones frontali\u00e8res du nord.<br \/>\n<strong><\/p>\n<p>Un renforcement cons\u00e9quent des capacit\u00e9s militaires<\/strong><\/p>\n<p>Les forces de d\u00e9fense et de s\u00e9curit\u00e9 ne sont pas en reste. Lors de la traditionnelle c\u00e9r\u00e9monie de pr\u00e9sentation des v\u0153ux le 2 f\u00e9vrier dernier \u00e0 Abidjan, le pr\u00e9sident de la R\u00e9publique et chef supr\u00eame des arm\u00e9es s\u2019est vu rassurant. Alassane Outtara a annonc\u00e9 le renforcement de la \u00ab puissance de feu \u00bb de l\u2019arm\u00e9e et l\u2019appui constant du gouvernement.<\/p>\n<p>Des efforts cons\u00e9quents ont \u00e9t\u00e9 faits en ce sens, avec \u00ab l\u2019arriv\u00e9e prochaine de patrouilleurs de haute mer afin d\u2019accroitre la souverainet\u00e9 de la marine nationale \u00bb, a-t-il pr\u00e9cis\u00e9. Sans compter les moyens d\u2019acquisition du renseignement et d\u2019intervention rapides pour les unit\u00e9s en op\u00e9rations dans le Nord du pays, les \u00e9quipements et les mat\u00e9riels roulants (200 nouveaux v\u00e9hicules militaires), ou les effets et \u00e9quipements individuels du soldat. Les infrastructures militaires se voient renforc\u00e9es avec la cr\u00e9ation de 18 casernes, dans les six r\u00e9gions frontali\u00e8res de la zone nord du pays.<\/p>\n<p>Pour contrer efficacement et dans la dur\u00e9e tous types de menaces, le chef de l\u2019Etat estime que l\u2019arm\u00e9e doit rajeunir. Les d\u00e9parts \u00e0 la retraite ayant d\u00e9j\u00e0 \u00e9t\u00e9 initi\u00e9s, pr\u00e8s de 3 000 jeunes soldats ont d\u00e9j\u00e0 rejoint des sites de formation, \u00e0 l\u2019issue d\u2019un concours. L\u2019objectif est d\u2019en recruter 10 000 sur trois ans.<\/p>\n<p><strong><br \/>\nUne coop\u00e9ration r\u00e9gionale incontournable<\/strong><\/p>\n<p>Travailler en synergie pour renforcer les capacit\u00e9s militaires des arm\u00e9es et consolider la formation des forces de s\u00e9curit\u00e9 (militaires, policiers, civils) font partie des grands axes d\u2019efforts \u00e9voqu\u00e9s lors du \u00ab S\u00e9minaire de renforcement des capacit\u00e9s contre le terrorisme \u00bb qui s\u2019est tenu \u00e0 Abidjan, \u00e0 l\u2019initiative de la C\u00f4te d\u2019Ivoire et du Ghana, du 24 au 28 janvier derniers. \u00ab Ce combat d\u00e9passe les limites des casernes. Il faut prendre des mesures pour contrecarrer le terrorisme au lieu d\u2019attendre pour constater les d\u00e9g\u00e2ts \u00bb, a indiqu\u00e9, le g\u00e9n\u00e9ral de brigade Diarrassouba Bakary, directeur des affaires strat\u00e9giques du minist\u00e8re de la d\u00e9fense ivoirien.<\/p>\n<p>Pour poursuivre sur les efforts, le 1er f\u00e9vrier, a eu lieu l\u2019adoption du projet de loi \u00e0 l\u2019Assembl\u00e9e nationale portant cr\u00e9ation de l\u2019Acad\u00e9mie internationale de lutte contre le terrorisme (AILCT). Cette acad\u00e9mie, situ\u00e9e \u00e0 Abidjan, est constitu\u00e9e d\u2019une \u00e9cole de formation des cadres, d\u2019un centre d\u2019entrainement pour les unit\u00e9s sp\u00e9cialis\u00e9es et d\u2019un institut de recherches strat\u00e9giques. Elle a pour objectif de r\u00e9tablir la s\u00e9curit\u00e9 et \u00e9radiquer le terrorisme en C\u00f4te d\u2019Ivoire et plus globalement dans la r\u00e9gion sahelo-saharienne. Pour atteindre cet objectif, la coop\u00e9ration avec les pays voisins est incontournable. \u00ab L\u2019AILCT doit devenir un p\u00f4le d\u2019expertise et de comp\u00e9tences r\u00e9gional de la lutte contre le terrorisme au b\u00e9n\u00e9fice de la stabilit\u00e9 de nos Etats et de la s\u00e9curit\u00e9 de nos populations \u00bb, avait d\u00e9clar\u00e9 le pr\u00e9sident ivoirien, Alassane Ouattara, lors de son inauguration en juin 2021. Si jusqu\u2019\u00e0 pr\u00e9sent l\u2019Acad\u00e9mie n\u2019a re\u00e7u que des stagiaires ivoiriens, elle envisage d\u2019accueillir des unit\u00e9s sp\u00e9cialis\u00e9es, militaires, policiers, magistrats et chercheurs provenant des pays de la sous-r\u00e9gion.<\/p>\n<p><strong>Constantine Ndoko<\/strong><\/p>\n","protected":false},"excerpt":{"rendered":"<p>Le terrorisme et le grand banditisme se r\u00e9pandent comme une train\u00e9e de poudre. Dans le nord du pays, la protection et la s\u00e9curit\u00e9 de la population deviennent une priorit\u00e9. Ce d\u00e9but d\u2019ann\u00e9e 2022 est tr\u00e8s encourageant. Face au fl\u00e9au s\u00e9curitaire, les autorit\u00e9s ivoiriennes se sont engag\u00e9es \u00e0 inverser la tendance, en ripostant sur des axes [&hellip;]<\/p>\n","protected":false},"author":3,"featured_media":27760,"comment_status":"closed","ping_status":"closed","sticky":false,"template":"","format":"standard","meta":{"_monsterinsights_skip_tracking":false,"_monsterinsights_sitenote_active":false,"_monsterinsights_sitenote_note":"","_monsterinsights_sitenote_category":0,"footnotes":""},"categories":[2,1,3],"tags":[],"class_list":["post-27759","post","type-post","status-publish","format-standard","has-post-thumbnail","hentry","category-featured","category-actualites","category-societe"],"_links":{"self":[{"href":"https:\/\/www.lintelligentdabidjan.info\/news\/wp-json\/wp\/v2\/posts\/27759","targetHints":{"allow":["GET"]}}],"collection":[{"href":"https:\/\/www.lintelligentdabidjan.info\/news\/wp-json\/wp\/v2\/posts"}],"about":[{"href":"https:\/\/www.lintelligentdabidjan.info\/news\/wp-json\/wp\/v2\/types\/post"}],"author":[{"embeddable":true,"href":"https:\/\/www.lintelligentdabidjan.info\/news\/wp-json\/wp\/v2\/users\/3"}],"replies":[{"embeddable":true,"href":"https:\/\/www.lintelligentdabidjan.info\/news\/wp-json\/wp\/v2\/comments?post=27759"}],"version-history":[{"count":1,"href":"https:\/\/www.lintelligentdabidjan.info\/news\/wp-json\/wp\/v2\/posts\/27759\/revisions"}],"predecessor-version":[{"id":27761,"href":"https:\/\/www.lintelligentdabidjan.info\/news\/wp-json\/wp\/v2\/posts\/27759\/revisions\/27761"}],"wp:featuredmedia":[{"embeddable":true,"href":"https:\/\/www.lintelligentdabidjan.info\/news\/wp-json\/wp\/v2\/media\/27760"}],"wp:attachment":[{"href":"https:\/\/www.lintelligentdabidjan.info\/news\/wp-json\/wp\/v2\/media?parent=27759"}],"wp:term":[{"taxonomy":"category","embeddable":true,"href":"https:\/\/www.lintelligentdabidjan.info\/news\/wp-json\/wp\/v2\/categories?post=27759"},{"taxonomy":"post_tag","embeddable":true,"href":"https:\/\/www.lintelligentdabidjan.info\/news\/wp-json\/wp\/v2\/tags?post=27759"}],"curies":[{"name":"wp","href":"https:\/\/api.w.org\/{rel}","templated":true}]}}