{"id":27873,"date":"2022-04-06T01:49:34","date_gmt":"2022-04-05T23:49:34","guid":{"rendered":"https:\/\/www.lintelligentdabidjan.info\/news\/?p=27873"},"modified":"2022-04-06T13:47:59","modified_gmt":"2022-04-06T11:47:59","slug":"inauguration-du-bureau-de-la-caf-danho-paulin-reaffirme-que-la-cote-divoire-sera-prete","status":"publish","type":"post","link":"https:\/\/www.lintelligentdabidjan.info\/news\/inauguration-du-bureau-de-la-caf-danho-paulin-reaffirme-que-la-cote-divoire-sera-prete\/","title":{"rendered":"\u00a0Inauguration du bureau de la Caf &#8211; Danho Paulin r\u00e9affirme que la C\u00f4te d\u2019Ivoire sera pr\u00eate"},"content":{"rendered":"<p><em><strong>Le ministre ivoirien  charg\u00e9 des Sports   a r\u00e9affirm\u00e9, au pr\u00e9sident de la Caf, Patrice Motsepe que la C\u00f4te d\u2019Ivoire sera pr\u00eate pour accueillir et organiser la 34e \u00e9dition de la Coupe d\u2019Afrique des Nations 2023.<\/strong><\/em><\/p>\n<p> En remettant officiellement les cl\u00e9s du bureau permanent de la CAF \u00e0 Abidjan, au Pr\u00e9sident de la Caf, Dr Patrice Motsepe, le lundi 4 avril 2022, le ministre en charge des sports a r\u00e9affirm\u00e9 que la C\u00f4te d\u2019Ivoire sera pr\u00eate pour accueillir et organiser la Coupe d&#8217;Afrique des Nations 2023.  &#8221; Le gouvernement l&#8217;a dit, le pr\u00e9sident de la R\u00e9publique Alassane l&#8217;a r\u00e9affirm\u00e9, toutes les infrastructures sportives, d&#8217;h\u00e9bergement seront livr\u00e9es le 31 d\u00e9cembre 2022. La C\u00f4te d&#8217;Ivoire sera pr\u00eate&#8221;, a confi\u00e9 le ministre Danho Paulin. <\/p>\n<p><strong><br \/>\n 400 milliards Fcfa d\u00e9j\u00e0 investis en infrastructures sportives, d&#8217;h\u00e9bergement routi\u00e8re.<\/strong>   <\/p>\n<p>Pour le ministre, la Caf, \u00e0 travers son bureau permanent, montre son engagement \u00e0 accompagner la C\u00f4te d&#8217;Ivoire dans toutes les \u00e9tapes devant conduire \u00e0 l&#8217; organisation d&#8217;une Can exceptionnelle.  &#8221; En ouvrant ce b\u00e2timent \u00e0 Abidjan, vous d\u00e9montrez votre engagement \u00e0 accompagner la C\u00f4te d&#8217;Ivoire \u00e0 respecter les standards de la Caf. Vous vous engagez aussi dans la proximit\u00e9. \u00c0 nous suivre, \u00e0 corriger nos imperfections, \u00e0 optimiser nos \u00e9nergies pour r\u00e9ussir la meilleure CAN en Afrique&#8221;, a dit Danho Paulin. Selon le ministre, l&#8217; \u00c9tat de C\u00f4te d\u2019Ivoire a d\u00e9j\u00e0 investi pr\u00e8s de 400 milliards Fcfa en infrastructures sportives, d&#8217;h\u00e9bergement routi\u00e8re.<br \/>\nLe bureau permanent de la CAF \u00e0 Abidjan est situ\u00e9 \u00e0 la Riviera Bonoumin dans la commune d&#8217;Abidjan. C&#8217;est un immeuble R+4 constitu\u00e9 de 14 appartements. <\/p>\n<p><strong>Ange Kouadio<\/strong><\/p>\n","protected":false},"excerpt":{"rendered":"<p>Le ministre ivoirien charg\u00e9 des Sports a r\u00e9affirm\u00e9, au pr\u00e9sident de la Caf, Patrice Motsepe que la C\u00f4te d\u2019Ivoire sera pr\u00eate pour accueillir et organiser la 34e \u00e9dition de la Coupe d\u2019Afrique des Nations 2023. En remettant officiellement les cl\u00e9s du bureau permanent de la CAF \u00e0 Abidjan, au Pr\u00e9sident de la Caf, Dr Patrice [&hellip;]<\/p>\n","protected":false},"author":3,"featured_media":27882,"comment_status":"closed","ping_status":"closed","sticky":false,"template":"","format":"standard","meta":{"_monsterinsights_skip_tracking":false,"_monsterinsights_sitenote_active":false,"_monsterinsights_sitenote_note":"","_monsterinsights_sitenote_category":0,"footnotes":""},"categories":[2,23],"tags":[610,77,733],"class_list":["post-27873","post","type-post","status-publish","format-standard","has-post-thumbnail","hentry","category-featured","category-sport","tag-caf","tag-cote-divoire","tag-danho-paulin"],"_links":{"self":[{"href":"https:\/\/www.lintelligentdabidjan.info\/news\/wp-json\/wp\/v2\/posts\/27873","targetHints":{"allow":["GET"]}}],"collection":[{"href":"https:\/\/www.lintelligentdabidjan.info\/news\/wp-json\/wp\/v2\/posts"}],"about":[{"href":"https:\/\/www.lintelligentdabidjan.info\/news\/wp-json\/wp\/v2\/types\/post"}],"author":[{"embeddable":true,"href":"https:\/\/www.lintelligentdabidjan.info\/news\/wp-json\/wp\/v2\/users\/3"}],"replies":[{"embeddable":true,"href":"https:\/\/www.lintelligentdabidjan.info\/news\/wp-json\/wp\/v2\/comments?post=27873"}],"version-history":[{"count":1,"href":"https:\/\/www.lintelligentdabidjan.info\/news\/wp-json\/wp\/v2\/posts\/27873\/revisions"}],"predecessor-version":[{"id":27875,"href":"https:\/\/www.lintelligentdabidjan.info\/news\/wp-json\/wp\/v2\/posts\/27873\/revisions\/27875"}],"wp:featuredmedia":[{"embeddable":true,"href":"https:\/\/www.lintelligentdabidjan.info\/news\/wp-json\/wp\/v2\/media\/27882"}],"wp:attachment":[{"href":"https:\/\/www.lintelligentdabidjan.info\/news\/wp-json\/wp\/v2\/media?parent=27873"}],"wp:term":[{"taxonomy":"category","embeddable":true,"href":"https:\/\/www.lintelligentdabidjan.info\/news\/wp-json\/wp\/v2\/categories?post=27873"},{"taxonomy":"post_tag","embeddable":true,"href":"https:\/\/www.lintelligentdabidjan.info\/news\/wp-json\/wp\/v2\/tags?post=27873"}],"curies":[{"name":"wp","href":"https:\/\/api.w.org\/{rel}","templated":true}]}}