{"id":27883,"date":"2022-04-06T17:44:00","date_gmt":"2022-04-06T15:44:00","guid":{"rendered":"https:\/\/www.lintelligentdabidjan.info\/news\/?p=27883"},"modified":"2022-04-06T18:04:04","modified_gmt":"2022-04-06T16:04:04","slug":"chomage-des-jeunes-a-bonoua-le-premier-adjoint-au-maire-de-bonoua-plaide-pour-la-jeunesse","status":"publish","type":"post","link":"https:\/\/www.lintelligentdabidjan.info\/news\/chomage-des-jeunes-a-bonoua-le-premier-adjoint-au-maire-de-bonoua-plaide-pour-la-jeunesse\/","title":{"rendered":"Ch\u00f4mage des jeunes \u00e0 Bonoua  &#8211; Le premier adjoint au maire de Bonoua plaide pour la jeunesse"},"content":{"rendered":"<p><em><strong>A la faveur de l\u2019Inauguration de la plateforme logistique d\u2019une structure  fran\u00e7aise  de d\u00e9m\u00e9nagement \u00e0 Yaou ,  la municipalit\u00e9 de Bonoua \u00e0 travers  son premier adjoint  Top\u00e9 Sylvestre a plaid\u00e9 pour  de la jeunesse de Bounoua, notamment celle de Yaou en qu\u00eate d\u2019emploi.  <\/strong><\/em><\/p>\n<p>\u00ab Pour la jeunesse est le socle de la Commune donc il faut penser  aux jeunes.  Quand, ils ne font rien, ils s\u2019adonnent \u00e0 tout, tous les mauvais vices. Alors qu\u2019il y a de quoi \u00e0 les occuper. Quand un jeune  est occup\u00e9 parfois, il ne pense pas aux mauvais choses parce qu\u2019il ne fait que travailler. Pensez \u00e0 la jeunesse \u00bb, a d\u00e9clar\u00e9 le premier adjoint au maire Top\u00e9 Sylvestre. Le premier adjoint au maire a assur\u00e9 que \u00ab la commune est pr\u00eate \u00e0 accueillir toutes les grandes soci\u00e9t\u00e9s qui veulent exercer \u00e0 Yaou \u00bb. Il s\u2019est f\u00e9licit\u00e9 de l\u2019installation de cette plateforme de d\u00e9m\u00e9nagement \u00e0 Yaou .<br \/>\nSensible au message lanc\u00e9 par l\u2019\u00e9missaire du maire de Bonoua, le directeur pays de cette entreprise Guillaume Dehem, a donn\u00e9 une suite favorable \u00e0 la requ\u00eate du 1er adjoint au maire.<br \/>\nM. Massardier a reconnu que &#8220;la C\u00f4te d\u2019Ivoire a \u00e9t\u00e9, et demeure, la base, le socle sur lequel le groupe s\u2019est appuy\u00e9 pour innover et se d\u00e9velopper dans tous les pays du continent&#8221;. Il a insist\u00e9 pour dire que c\u2019est dans le pays d\u2019Alassane Ouattara que l\u2019aventure a commenc\u00e9 et a \u00e9t\u00e9 source d\u2019inspiration pour le groupe. Il est important de souligner que le groupe  a cinq p\u00f4les d\u2019expertise. Notamment, le p\u00f4le d\u00e9m\u00e9nagement international, le p\u00f4le archivage physique et num\u00e9rique, le p\u00f4le relocation et le p\u00f4le &#8220;franchises&#8221;.<br \/>\n\u00c0 ce jour, AGS C\u00f4te d\u2019Ivoire, c\u2019est plus de 200 000 boites d\u2019archives conserv\u00e9es dans ses d\u00e9p\u00f4ts \u00e9quip\u00e9s et s\u00e9curis\u00e9s, plus de 3 000 000 de pages num\u00e9ris\u00e9es pour l\u2019ensemble de ses clients de son p\u00f4le archivage.<br \/>\nLe groupe vient de finaliser la construction de sa plateforme logistique devant servir pour ses activit\u00e9s en C\u00f4te d&#8217;Ivoire. Cette plateforme qui s\u2019\u00e9tend sur un terrain de 18 000m2 comprend des bureaux et des espaces de travail, mais \u00e9galement des d\u00e9p\u00f4ts.<\/p>\n<p><strong>Ange K<\/strong><\/p>\n","protected":false},"excerpt":{"rendered":"<p>A la faveur de l\u2019Inauguration de la plateforme logistique d\u2019une structure fran\u00e7aise de d\u00e9m\u00e9nagement \u00e0 Yaou , la municipalit\u00e9 de Bonoua \u00e0 travers son premier adjoint Top\u00e9 Sylvestre a plaid\u00e9 pour de la jeunesse de Bounoua, notamment celle de Yaou en qu\u00eate d\u2019emploi. \u00ab Pour la jeunesse est le socle de la Commune donc il [&hellip;]<\/p>\n","protected":false},"author":3,"featured_media":27884,"comment_status":"closed","ping_status":"closed","sticky":false,"template":"","format":"standard","meta":{"_monsterinsights_skip_tracking":false,"_monsterinsights_sitenote_active":false,"_monsterinsights_sitenote_note":"","_monsterinsights_sitenote_category":0,"footnotes":""},"categories":[1,3],"tags":[],"class_list":["post-27883","post","type-post","status-publish","format-standard","has-post-thumbnail","hentry","category-actualites","category-societe"],"_links":{"self":[{"href":"https:\/\/www.lintelligentdabidjan.info\/news\/wp-json\/wp\/v2\/posts\/27883","targetHints":{"allow":["GET"]}}],"collection":[{"href":"https:\/\/www.lintelligentdabidjan.info\/news\/wp-json\/wp\/v2\/posts"}],"about":[{"href":"https:\/\/www.lintelligentdabidjan.info\/news\/wp-json\/wp\/v2\/types\/post"}],"author":[{"embeddable":true,"href":"https:\/\/www.lintelligentdabidjan.info\/news\/wp-json\/wp\/v2\/users\/3"}],"replies":[{"embeddable":true,"href":"https:\/\/www.lintelligentdabidjan.info\/news\/wp-json\/wp\/v2\/comments?post=27883"}],"version-history":[{"count":3,"href":"https:\/\/www.lintelligentdabidjan.info\/news\/wp-json\/wp\/v2\/posts\/27883\/revisions"}],"predecessor-version":[{"id":27887,"href":"https:\/\/www.lintelligentdabidjan.info\/news\/wp-json\/wp\/v2\/posts\/27883\/revisions\/27887"}],"wp:featuredmedia":[{"embeddable":true,"href":"https:\/\/www.lintelligentdabidjan.info\/news\/wp-json\/wp\/v2\/media\/27884"}],"wp:attachment":[{"href":"https:\/\/www.lintelligentdabidjan.info\/news\/wp-json\/wp\/v2\/media?parent=27883"}],"wp:term":[{"taxonomy":"category","embeddable":true,"href":"https:\/\/www.lintelligentdabidjan.info\/news\/wp-json\/wp\/v2\/categories?post=27883"},{"taxonomy":"post_tag","embeddable":true,"href":"https:\/\/www.lintelligentdabidjan.info\/news\/wp-json\/wp\/v2\/tags?post=27883"}],"curies":[{"name":"wp","href":"https:\/\/api.w.org\/{rel}","templated":true}]}}