{"id":27968,"date":"2022-04-19T01:47:00","date_gmt":"2022-04-18T23:47:00","guid":{"rendered":"https:\/\/www.lintelligentdabidjan.info\/news\/?p=27968"},"modified":"2022-04-19T01:47:00","modified_gmt":"2022-04-18T23:47:00","slug":"projet-energie-solaire-pour-une-meilleure-sante-en-cote-divoire-ange-kouassi-eric-fondatrice-de-la-fondation-shekina-dresse-le-bilan","status":"publish","type":"post","link":"https:\/\/www.lintelligentdabidjan.info\/news\/projet-energie-solaire-pour-une-meilleure-sante-en-cote-divoire-ange-kouassi-eric-fondatrice-de-la-fondation-shekina-dresse-le-bilan\/","title":{"rendered":"Projet \u2018\u2019\u00c9nergie solaire pour une meilleure sant\u00e9 en C\u00f4te d\u2019Ivoire\u2019\u2019-     Ange Kouassi \u00c9ric,  fondatrice de la fondation Shekina dresse le bilan"},"content":{"rendered":"<p><em><strong>Ange Kouassi \u00c9ric, fondatrice de la fondation Shekina dresse le bilan  du projet \u2018\u2019\u00c9nergie solaire pour une meilleure sant\u00e9 en C\u00f4te d\u2019Ivoire\u2019\u2019<\/strong><\/em><\/p>\n<p>La Fondation Shekina a organis\u00e9 une conf\u00e9rence de presse-bilan du projet \u00ab \u00c9nergie solaire pour une meilleure sant\u00e9 en C\u00f4te d\u2019Ivoire \u00bb, le mercredi 13 avril 2022 dans les locaux de son partenaire \u00e0 la zone industrielle sur l&#8217;autoroute du Nord.<\/p>\n<p>Selon Ange Kouassi \u00c9ric, pr\u00e9sidente-fondatrice de la fondation Shekina, le projet \u2018\u2019 \u00c9nergie solaire pour une meilleure sant\u00e9 en C\u00f4te d\u2019Ivoire\u2019\u2019 consiste \u00e0 installer des panneaux photovolta\u00efques dans des centres de sant\u00e9 non encore \u00e9lectrifi\u00e9s de C\u00f4te d\u2019Ivoire. \u00ab Gr\u00e2ce \u00e0 ce projet, 9 centres de sant\u00e9 ont \u00e9t\u00e9 \u00e9lectrifi\u00e9s de 2019 \u00e0 2021. 15000 b\u00e9n\u00e9ficiaires ont re\u00e7u l&#8217;\u00e9nergie solaire pour ainsi donner 24H\/24 un meilleur acc\u00e8s aux soins et de meilleures conditions de travail pour les agents de sant\u00e9. Le projet arrive \u00e0 sa troisi\u00e8me \u00e9dition avec pr\u00e8s de 50000 b\u00e9n\u00e9ficiaires r\u00e9pandus dans 4 r\u00e9gions de la C\u00f4te d\u2019Ivoire notamment dans le Cavally, le Gu\u00e9mon, le Kabadougou et le Boukani \u00bb, a-t-elle expliqu\u00e9. Par ailleurs, elle a affirm\u00e9 que ce projet d\u2019une valeur totale de 20000 euros soit 13.186.518 de francs Cfa uniquement pour l\u2019op\u00e9ration 2021 est financ\u00e9 par la fondation Nexans \u00e0 hauteur de 15000 euros soit 9.889.888 francs Cfa et 5000 euros soit 3.296.629 francs Cfa par la fondation Shekina. Ainsi, avec l\u2019appui des partenaires financiers, d\u00e8s la semaine prochaine, ils passeront de 9 centres \u00e0 11 centres de sant\u00e9 \u00e9lectrifi\u00e9s en 4 ans. \u00ab D\u00e8s la semaine prochaine, nous serons dans la r\u00e9gion du Gb\u00eak\u00ea ,  pour l\u2019inauguration de 2 autres centres de sant\u00e9 (centre de sant\u00e9 de Mlankouassikro et d&#8217;Abolikro) financ\u00e9 par le Giz, Union europ\u00e9enne gr\u00e2ce au projet modal d&#8217;Adept, notre partenaire belge. Nous passerons de 9 centres \u00e0 11 centres de sant\u00e9 \u00e9lectrifi\u00e9s \u00bb, a affirm\u00e9 Ange Kouassi.<\/p>\n<p>Selon Nestor Antey, directeur g\u00e9n\u00e9ral d\u2019une entreprise, il reste tr\u00e8s attach\u00e9 aux questions li\u00e9es \u00e0 l\u2019\u00c9nergie et au d\u00e9veloppement des zones rurales de la C\u00f4te d&#8217;Ivoire. \u00ab Notre objectif au sein du groupe Nexans est de parvenir \u00e0 une r\u00e9duction d\u2019\u00e9mission de Carbonne de 46.2% \u00e0 l\u2019horizon 2030, c\u2019est un objectif ambitieux de communiquer \u00e0 l\u2019ensemble du personnel dans le monde auquel nous accordons beaucoup d\u2019int\u00e9r\u00eat \u00bb, a-t-il dit.<\/p>\n<p><strong>Mamadou Ouattara avec A. Traor\u00e9 (Stagiaire)<\/strong><\/p>\n","protected":false},"excerpt":{"rendered":"<p>Ange Kouassi \u00c9ric, fondatrice de la fondation Shekina dresse le bilan du projet \u2018\u2019\u00c9nergie solaire pour une meilleure sant\u00e9 en C\u00f4te d\u2019Ivoire\u2019\u2019 La Fondation Shekina a organis\u00e9 une conf\u00e9rence de presse-bilan du projet \u00ab \u00c9nergie solaire pour une meilleure sant\u00e9 en C\u00f4te d\u2019Ivoire \u00bb, le mercredi 13 avril 2022 dans les locaux de son partenaire [&hellip;]<\/p>\n","protected":false},"author":3,"featured_media":27969,"comment_status":"closed","ping_status":"closed","sticky":false,"template":"","format":"standard","meta":{"_monsterinsights_skip_tracking":false,"_monsterinsights_sitenote_active":false,"_monsterinsights_sitenote_note":"","_monsterinsights_sitenote_category":0,"footnotes":""},"categories":[2,18,3],"tags":[77,1329],"class_list":["post-27968","post","type-post","status-publish","format-standard","has-post-thumbnail","hentry","category-featured","category-economie","category-societe","tag-cote-divoire","tag-energie-solaire"],"_links":{"self":[{"href":"https:\/\/www.lintelligentdabidjan.info\/news\/wp-json\/wp\/v2\/posts\/27968","targetHints":{"allow":["GET"]}}],"collection":[{"href":"https:\/\/www.lintelligentdabidjan.info\/news\/wp-json\/wp\/v2\/posts"}],"about":[{"href":"https:\/\/www.lintelligentdabidjan.info\/news\/wp-json\/wp\/v2\/types\/post"}],"author":[{"embeddable":true,"href":"https:\/\/www.lintelligentdabidjan.info\/news\/wp-json\/wp\/v2\/users\/3"}],"replies":[{"embeddable":true,"href":"https:\/\/www.lintelligentdabidjan.info\/news\/wp-json\/wp\/v2\/comments?post=27968"}],"version-history":[{"count":1,"href":"https:\/\/www.lintelligentdabidjan.info\/news\/wp-json\/wp\/v2\/posts\/27968\/revisions"}],"predecessor-version":[{"id":27970,"href":"https:\/\/www.lintelligentdabidjan.info\/news\/wp-json\/wp\/v2\/posts\/27968\/revisions\/27970"}],"wp:featuredmedia":[{"embeddable":true,"href":"https:\/\/www.lintelligentdabidjan.info\/news\/wp-json\/wp\/v2\/media\/27969"}],"wp:attachment":[{"href":"https:\/\/www.lintelligentdabidjan.info\/news\/wp-json\/wp\/v2\/media?parent=27968"}],"wp:term":[{"taxonomy":"category","embeddable":true,"href":"https:\/\/www.lintelligentdabidjan.info\/news\/wp-json\/wp\/v2\/categories?post=27968"},{"taxonomy":"post_tag","embeddable":true,"href":"https:\/\/www.lintelligentdabidjan.info\/news\/wp-json\/wp\/v2\/tags?post=27968"}],"curies":[{"name":"wp","href":"https:\/\/api.w.org\/{rel}","templated":true}]}}