{"id":2799,"date":"2017-02-13T17:08:48","date_gmt":"2017-02-13T16:08:48","guid":{"rendered":"http:\/\/www.lintelligentdabidjan.info\/news\/?p=2799"},"modified":"2017-02-13T17:08:48","modified_gmt":"2017-02-13T16:08:48","slug":"conseil-dadministration-de-la-mutuelle-des-agents-medias-prives-de-cote-divoire-cisse-sindou-elu-president","status":"publish","type":"post","link":"https:\/\/www.lintelligentdabidjan.info\/news\/conseil-dadministration-de-la-mutuelle-des-agents-medias-prives-de-cote-divoire-cisse-sindou-elu-president\/","title":{"rendered":"Conseil d\u2019administration de la  mutuelle des agents m\u00e9dias priv\u00e9s de C\u00f4te d\u2019Ivoire  Ciss\u00e9 Sindou \u00e9lu pr\u00e9sident"},"content":{"rendered":"<p>   Les employ\u00e9s des medias priv\u00e9s de C\u00f4te d\u2019Ivoire ont enfin leur mutuelle.<!--more--><\/p>\n<p>  D\u00e9nomm\u00e9e Mutuelle G\u00e9n\u00e9rale des Agents des Medias Priv\u00e9s de C\u00f4te d\u2019Ivoire ( MSMEDIAS )  , elle a vu le jour le dimanche 12 f\u00e9vrier 2017 \u00e0 Grand-Bassam-Vitib \u00e0 l&#8217;issue de l\u2019Assembl\u00e9e G\u00e9n\u00e9rale Constitutive qui s\u2019est d\u00e9roul\u00e9e du samedi 11 au dimanche 12 f\u00e9vrier, \u00e0 Vitib. Elle a vu la participation de 44 d\u00e9l\u00e9gu\u00e9s de journaux et radios priv\u00e9s, sur 50 attendus. Trois points \u00e9taient \u00e0 l\u2019ordre du jour. :  l\u2019adoption des textes, le choix de la d\u00e9nomination de la mutuelle  et l\u2019\u00e9lection de ses instances dirigeantes (Pr\u00e9sident du conseil d\u2019administration et pr\u00e9sident du comit\u00e9 de contr\u00f4le). S\u2019agissant du Conseil d\u2019administration de la Mutuelle (qui comprend 6 membres), il sera pr\u00e9sid\u00e9 par Ciss\u00e9 Sindou. Le patron du quotidien  Nord-Sud a eu la caution de la  majorit\u00e9 \u00e9crasante des d\u00e9l\u00e9gu\u00e9s pr\u00e9sents \u00e0 l\u2019Assembl\u00e9e. Ciss\u00e9 Sindou a obtenu 43 voix sur 44, soit, 97,37 % des suffrages. Son challengeur n\u2019a obtenu aucune voix , le 44e d\u00e9l\u00e9gu\u00e9 ayant pr\u00e9f\u00e9r\u00e9 s\u2019abstenir. \u00ab je dis merci \u00e0 mes pairs d\u00e9l\u00e9gu\u00e9s pour la confiance plac\u00e9e en ma modeste personne. Cette mutuelle appartient \u00e0 tous les employ\u00e9s des medias priv\u00e9s de notre pays. Elle vient r\u00e9duire leurs souffrances ainsi que celles de leurs ayant droit. Aujourd\u2019hui est un grand jour pour tous les travailleurs de ce secteur, car, c\u2019est un grand pas vers le lancement effectif de nos activit\u00e9s. En effet,  nous sommes en train de boucler les derniers papiers administratifs. Et, les conclusions de cette AG faisaient partie des derniers documents importants  \u00e0 fournir. Je suis un homme heureux \u00bb, s\u2019est r\u00e9joui le Pca nouvellement \u00e9lu de la Mutuelle.<br \/>\nLa Commission de contr\u00f4le de la mutuelle sera dirig\u00e9e par Ousmane Sy Savan\u00e9. Candidat unique, sa liste de 6 membres a obtenu la caution de tous les d\u00e9l\u00e9gu\u00e9s pr\u00e9sents. Pour ce qui est des textes,  ils ont \u00e9t\u00e9 adopt\u00e9s \u00e0 l\u2019unanimit\u00e9.<br \/>\nPr\u00e9cisons que cette AG \u00e9tait plac\u00e9e sous le parrainage du ministre de la communication, Bruno Kon\u00e9, du maire de Grand-Bassam, Ezaley George Philippe et du Pr\u00e9sident de la Haute autorit\u00e9 de la Communication Audiovisuelle (Haca), Ibrahim Sy Savan\u00e9. Le ministre de la communication s\u2019est fait repr\u00e9senter par son conseiller technique, Ibrahim Diabat\u00e9 ; les deux autres co-parrains ont assist\u00e9 \u00e0 la c\u00e9r\u00e9monie d\u2019ouverture, samedi. Ils ont saisi l\u2019occasion pour prodiguer des conseils \u00e0 leurs filleuls. Le pr\u00e9sident de la Haca  a souhait\u00e9 bonne chance aux journalistes dans cette aventure. Il les a invit\u00e9s \u00e0 l\u2019entente et \u00e0 une confiance mutuelle. Car, selon lui, \u00ab le manque de confiance entra\u00eene la suspicion. Ce qui emm\u00e8ne les divisions \u00bb.   Le maire Ezaley a quant a promis son soutien \u00e0 la mutuelle. Le repr\u00e9sentant du ministre s\u2019est r\u00e9joui de l\u2019initiative.  Ibrahim Diabat\u00e9 a assur\u00e9 les journalistes de la d\u00e9termination du minist\u00e8re \u00e0 les accompagner. S&#8217;agissant de la d\u00e9nomination de la mutuelle, 24 d\u00e9l\u00e9gu\u00e9s ont vot\u00e9 pour MSMEDIAS contre 18 pour la d\u00e9nomination  MUGAMCI.<br \/>\nM.O<\/p>\n","protected":false},"excerpt":{"rendered":"<p>Les employ\u00e9s des medias priv\u00e9s de C\u00f4te d\u2019Ivoire ont enfin leur mutuelle.<\/p>\n","protected":false},"author":2,"featured_media":2800,"comment_status":"closed","ping_status":"closed","sticky":false,"template":"","format":"standard","meta":{"_monsterinsights_skip_tracking":false,"_monsterinsights_sitenote_active":false,"_monsterinsights_sitenote_note":"","_monsterinsights_sitenote_category":0,"footnotes":""},"categories":[3],"tags":[],"class_list":["post-2799","post","type-post","status-publish","format-standard","has-post-thumbnail","hentry","category-societe"],"_links":{"self":[{"href":"https:\/\/www.lintelligentdabidjan.info\/news\/wp-json\/wp\/v2\/posts\/2799","targetHints":{"allow":["GET"]}}],"collection":[{"href":"https:\/\/www.lintelligentdabidjan.info\/news\/wp-json\/wp\/v2\/posts"}],"about":[{"href":"https:\/\/www.lintelligentdabidjan.info\/news\/wp-json\/wp\/v2\/types\/post"}],"author":[{"embeddable":true,"href":"https:\/\/www.lintelligentdabidjan.info\/news\/wp-json\/wp\/v2\/users\/2"}],"replies":[{"embeddable":true,"href":"https:\/\/www.lintelligentdabidjan.info\/news\/wp-json\/wp\/v2\/comments?post=2799"}],"version-history":[{"count":1,"href":"https:\/\/www.lintelligentdabidjan.info\/news\/wp-json\/wp\/v2\/posts\/2799\/revisions"}],"predecessor-version":[{"id":2801,"href":"https:\/\/www.lintelligentdabidjan.info\/news\/wp-json\/wp\/v2\/posts\/2799\/revisions\/2801"}],"wp:featuredmedia":[{"embeddable":true,"href":"https:\/\/www.lintelligentdabidjan.info\/news\/wp-json\/wp\/v2\/media\/2800"}],"wp:attachment":[{"href":"https:\/\/www.lintelligentdabidjan.info\/news\/wp-json\/wp\/v2\/media?parent=2799"}],"wp:term":[{"taxonomy":"category","embeddable":true,"href":"https:\/\/www.lintelligentdabidjan.info\/news\/wp-json\/wp\/v2\/categories?post=2799"},{"taxonomy":"post_tag","embeddable":true,"href":"https:\/\/www.lintelligentdabidjan.info\/news\/wp-json\/wp\/v2\/tags?post=2799"}],"curies":[{"name":"wp","href":"https:\/\/api.w.org\/{rel}","templated":true}]}}