{"id":28046,"date":"2022-05-03T01:23:10","date_gmt":"2022-05-02T23:23:10","guid":{"rendered":"https:\/\/www.lintelligentdabidjan.info\/news\/?p=28046"},"modified":"2022-05-03T01:24:43","modified_gmt":"2022-05-02T23:24:43","slug":"aid-el-fir-a-guiglo-les-musulmans-prient-pour-la-paix-en-cote-divoire","status":"publish","type":"post","link":"https:\/\/www.lintelligentdabidjan.info\/news\/aid-el-fir-a-guiglo-les-musulmans-prient-pour-la-paix-en-cote-divoire\/","title":{"rendered":"Aid El Fir  \u00e0 Guiglo &#8211;  Les musulmans prient pour la paix en C\u00f4te d&#8217;Ivoire"},"content":{"rendered":"<p><em><strong>Les musulmans de Guiglo ont pri\u00e9 pour la paix en C\u00f4te d\u2019Ivoire<\/strong><\/em><\/p>\n<p>Le lundi 2 mai 2022 \u00e0 la grande mosqu\u00e9e de Guiglo \u00e0 l\u2019occasion de la pri\u00e8re de la fin du Ramadan, les musulmans de la commune de Guiglo   ont pri\u00e9 pour  la paix en C\u00f4te d&#8217;Ivoire en pr\u00e9sence de S\u00e9hi Marius SG-1 de la pr\u00e9fecture de Guiglo .<\/p>\n<p>\u00ab  Je suis fier, ce jour de la communaut\u00e9 musulmane qui ne cesse de travailler \u00e0 la coh\u00e9sion sociale dans la r\u00e9gion du Cavally et partout en C\u00f4te d&#8217;Ivoire. Le pr\u00e9fet me charge de vous dire de continuer dans ce sens, \u00e0  prier pour le pays et pour le gouvernement et surtout pour la paix \u00e0 guiglo. Je profite de l&#8217;occasion pour  lancer un appel \u00e0 la jeunesse \u00e0 \u0153uvrer pour le travail. Seul le travail d\u00e9termine la dignit\u00e9 et la valeur d&#8217;un homme et permet de s&#8217;\u00e9loigner de tous ceux qui apportent des semblants de messages d&#8217;attirer \u00e0 eux des gains faciles. Seul le travail peut les faire sortir de la mis\u00e8re.\u00bb, a expliqu\u00e9 S\u00e9hi Marius SG-1 de la pr\u00e9fecture de Guiglo.  <\/p>\n<p>Quant \u00e0 Diabi Fofana, l&#8217;Imam de la grande mosqu\u00e9e de Guiglo, membre du  Cosim  en charge du Cavally   , il a formul\u00e9  des v\u0153ux  pour le chef de l&#8217;\u00c9tat, Alassane Ouattara  et  les membres du gouvernement surtout pour la ministre Anne D\u00e9sir\u00e9e Ouloto, pr\u00e9sident du conseil r\u00e9gional du Cavally. <\/p>\n<p>\u00ab  Au nom de la paix et la coh\u00e9sion sociale en C\u00f4te d&#8217;Ivoire, nous prions pour tous les membres du gouvernement afin que la sagesse les habite  pour diriger le pays, la C\u00f4te d&#8217;Ivoire. Aussi , nous avons pri\u00e9 pour  le gouvernement qui tend toujours la main \u00e0 l&#8217;opposition , afin le dialogue politique engag\u00e9 entre eux nous am\u00e8ne \u00e0 une vraie r\u00e9conciliation nationale et une paix d\u00e9finitive et durable.\u00bb, a dit l&#8217;Imam Diabi Fofana. Il a  r\u00e9it\u00e9r\u00e9 ses remerciements \u00e0 la ministre Anne D\u00e9sir\u00e9e Ouloto pour les actions  de paix  qu&#8217;elle a entam\u00e9es dans la r\u00e9gion du Cavally et \u00e0 tous les \u00e9lus et cadres qui les ont soutenus pendant le mois de ramadan.<\/p>\n<p><strong><br \/>\nKonhon Dominique, correspondant dans le Cavally<\/strong><\/p>\n<p>photo l\u00e9gend\u00e9e : Une vue de la mosqu\u00e9e.<\/p>\n","protected":false},"excerpt":{"rendered":"<p>Les musulmans de Guiglo ont pri\u00e9 pour la paix en C\u00f4te d\u2019Ivoire Le lundi 2 mai 2022 \u00e0 la grande mosqu\u00e9e de Guiglo \u00e0 l\u2019occasion de la pri\u00e8re de la fin du Ramadan, les musulmans de la commune de Guiglo ont pri\u00e9 pour la paix en C\u00f4te d&#8217;Ivoire en pr\u00e9sence de S\u00e9hi Marius SG-1 de [&hellip;]<\/p>\n","protected":false},"author":3,"featured_media":28047,"comment_status":"closed","ping_status":"closed","sticky":false,"template":"","format":"standard","meta":{"_monsterinsights_skip_tracking":false,"_monsterinsights_sitenote_active":false,"_monsterinsights_sitenote_note":"","_monsterinsights_sitenote_category":0,"footnotes":""},"categories":[2,3],"tags":[77,674,569,655],"class_list":["post-28046","post","type-post","status-publish","format-standard","has-post-thumbnail","hentry","category-featured","category-societe","tag-cote-divoire","tag-guiglo","tag-musulmans","tag-paix"],"_links":{"self":[{"href":"https:\/\/www.lintelligentdabidjan.info\/news\/wp-json\/wp\/v2\/posts\/28046","targetHints":{"allow":["GET"]}}],"collection":[{"href":"https:\/\/www.lintelligentdabidjan.info\/news\/wp-json\/wp\/v2\/posts"}],"about":[{"href":"https:\/\/www.lintelligentdabidjan.info\/news\/wp-json\/wp\/v2\/types\/post"}],"author":[{"embeddable":true,"href":"https:\/\/www.lintelligentdabidjan.info\/news\/wp-json\/wp\/v2\/users\/3"}],"replies":[{"embeddable":true,"href":"https:\/\/www.lintelligentdabidjan.info\/news\/wp-json\/wp\/v2\/comments?post=28046"}],"version-history":[{"count":1,"href":"https:\/\/www.lintelligentdabidjan.info\/news\/wp-json\/wp\/v2\/posts\/28046\/revisions"}],"predecessor-version":[{"id":28048,"href":"https:\/\/www.lintelligentdabidjan.info\/news\/wp-json\/wp\/v2\/posts\/28046\/revisions\/28048"}],"wp:featuredmedia":[{"embeddable":true,"href":"https:\/\/www.lintelligentdabidjan.info\/news\/wp-json\/wp\/v2\/media\/28047"}],"wp:attachment":[{"href":"https:\/\/www.lintelligentdabidjan.info\/news\/wp-json\/wp\/v2\/media?parent=28046"}],"wp:term":[{"taxonomy":"category","embeddable":true,"href":"https:\/\/www.lintelligentdabidjan.info\/news\/wp-json\/wp\/v2\/categories?post=28046"},{"taxonomy":"post_tag","embeddable":true,"href":"https:\/\/www.lintelligentdabidjan.info\/news\/wp-json\/wp\/v2\/tags?post=28046"}],"curies":[{"name":"wp","href":"https:\/\/api.w.org\/{rel}","templated":true}]}}