{"id":28070,"date":"2022-05-09T15:00:56","date_gmt":"2022-05-09T13:00:56","guid":{"rendered":"https:\/\/www.lintelligentdabidjan.info\/news\/?p=28070"},"modified":"2022-05-09T15:07:09","modified_gmt":"2022-05-09T13:07:09","slug":"deces-du-pan-amadou-soumahoro-bakayoko-ly-ramata-salue-la-memoire-dune-grande-figure-politique","status":"publish","type":"post","link":"https:\/\/www.lintelligentdabidjan.info\/news\/deces-du-pan-amadou-soumahoro-bakayoko-ly-ramata-salue-la-memoire-dune-grande-figure-politique\/","title":{"rendered":"D\u00e9c\u00e8s du PAN Amadou Soumahoro\/  BAKAYOKO-LY Ramata\u00a0salue la m\u00e9moire d&#8217;une grande figure politique"},"content":{"rendered":"<p><em><strong>J&#8217;ai appris avec une r\u00e9elle \u00e9motion le d\u00e9c\u00e8s de Monsieur Amadou SOUMAHORO, Pr\u00e9sident de l\u2019Assembl\u00e9e nationale de C\u00f4te d\u2019Ivoire.<\/strong><br \/>\n<\/em><\/p>\n<p>\u00a0Monsieur Amadou SOUMAHORO, personnalit\u00e9 politique respect\u00e9e pour son attachement aux valeurs r\u00e9publicaines,\u00a0 et sa grande loyaut\u00e9 \u00e0 SEM Alassane OUATTARA, a \u00e9t\u00e9\u00a0 une grande figure de la sc\u00e8ne politique de la C\u00f4te d\u2019Ivoire. Avec sa disparition, notre pays perd un homme de conviction, un patriote engag\u00e9 pour son pays.<\/p>\n<p>En cette douloureuse circonstance, je voudrais adresser au Chef de l\u2019\u00c9tat, \u00e0 l&#8217;Assembl\u00e9e nationale, \u00e0 la veuve, aux enfants ainsi qu\u2019\u00e0 toute sa famille biologique et \u00e0 tout le Worodougou, mes sinc\u00e8res condol\u00e9ances. Je prie\u00a0 le Seigneur Tout-Puissant d\u2019accorder \u00e0 notre cher d\u00e9funt sa mis\u00e9ricordieuse cl\u00e9mence.<\/p>\n<p><strong>Sercom<\/strong><\/p>\n","protected":false},"excerpt":{"rendered":"<p>J&#8217;ai appris avec une r\u00e9elle \u00e9motion le d\u00e9c\u00e8s de Monsieur Amadou SOUMAHORO, Pr\u00e9sident de l\u2019Assembl\u00e9e nationale de C\u00f4te d\u2019Ivoire. \u00a0Monsieur Amadou SOUMAHORO, personnalit\u00e9 politique respect\u00e9e pour son attachement aux valeurs r\u00e9publicaines,\u00a0 et sa grande loyaut\u00e9 \u00e0 SEM Alassane OUATTARA, a \u00e9t\u00e9\u00a0 une grande figure de la sc\u00e8ne politique de la C\u00f4te d\u2019Ivoire. Avec sa disparition, [&hellip;]<\/p>\n","protected":false},"author":3,"featured_media":28071,"comment_status":"closed","ping_status":"closed","sticky":false,"template":"","format":"standard","meta":{"_monsterinsights_skip_tracking":false,"_monsterinsights_sitenote_active":false,"_monsterinsights_sitenote_note":"","_monsterinsights_sitenote_category":0,"footnotes":""},"categories":[1,17],"tags":[71,76,77],"class_list":["post-28070","post","type-post","status-publish","format-standard","has-post-thumbnail","hentry","category-actualites","category-politique","tag-amadou-soumahoro","tag-assemblee-nationale","tag-cote-divoire"],"_links":{"self":[{"href":"https:\/\/www.lintelligentdabidjan.info\/news\/wp-json\/wp\/v2\/posts\/28070","targetHints":{"allow":["GET"]}}],"collection":[{"href":"https:\/\/www.lintelligentdabidjan.info\/news\/wp-json\/wp\/v2\/posts"}],"about":[{"href":"https:\/\/www.lintelligentdabidjan.info\/news\/wp-json\/wp\/v2\/types\/post"}],"author":[{"embeddable":true,"href":"https:\/\/www.lintelligentdabidjan.info\/news\/wp-json\/wp\/v2\/users\/3"}],"replies":[{"embeddable":true,"href":"https:\/\/www.lintelligentdabidjan.info\/news\/wp-json\/wp\/v2\/comments?post=28070"}],"version-history":[{"count":1,"href":"https:\/\/www.lintelligentdabidjan.info\/news\/wp-json\/wp\/v2\/posts\/28070\/revisions"}],"predecessor-version":[{"id":28072,"href":"https:\/\/www.lintelligentdabidjan.info\/news\/wp-json\/wp\/v2\/posts\/28070\/revisions\/28072"}],"wp:featuredmedia":[{"embeddable":true,"href":"https:\/\/www.lintelligentdabidjan.info\/news\/wp-json\/wp\/v2\/media\/28071"}],"wp:attachment":[{"href":"https:\/\/www.lintelligentdabidjan.info\/news\/wp-json\/wp\/v2\/media?parent=28070"}],"wp:term":[{"taxonomy":"category","embeddable":true,"href":"https:\/\/www.lintelligentdabidjan.info\/news\/wp-json\/wp\/v2\/categories?post=28070"},{"taxonomy":"post_tag","embeddable":true,"href":"https:\/\/www.lintelligentdabidjan.info\/news\/wp-json\/wp\/v2\/tags?post=28070"}],"curies":[{"name":"wp","href":"https:\/\/api.w.org\/{rel}","templated":true}]}}