{"id":281,"date":"2016-10-02T20:39:49","date_gmt":"2016-10-02T18:39:49","guid":{"rendered":"http:\/\/www.lintelligentdabidjan.info\/news\/?p=281"},"modified":"2016-10-02T20:43:19","modified_gmt":"2016-10-02T18:43:19","slug":"interview-exclusive-alpha-barry-depuis-new-york-le-burkina-la-cote-divoire-hamed-bakayoko-guillaume-soro-et-moi","status":"publish","type":"post","link":"https:\/\/www.lintelligentdabidjan.info\/news\/interview-exclusive-alpha-barry-depuis-new-york-le-burkina-la-cote-divoire-hamed-bakayoko-guillaume-soro-et-moi\/","title":{"rendered":"Interview exclusive : Alpha Barry depuis New York : \u00ab Le Burkina , la C\u00f4te d\u2019Ivoire , Hamed Bakayoko , Guillaume Soro et moi \u00bb"},"content":{"rendered":"<p>Son Excellence Alpha Barry , ministre des Affaires \u00e9trang\u00e8res, de la Coop\u00e9ration et des Burkinab\u00e8 de l\u2019Ext\u00e9rieur, fait de nouvelles r\u00e9v\u00e9lations sur la gestion de l\u2019affaire des \u00e9coutes t\u00e9l\u00e9phoniques dans laquelle \u00e9tait cit\u00e9 le Pr\u00e9sident de l\u2019Assembl\u00e9e nationale de C\u00f4te d\u2019Ivoire, Guillaume Soro. Une affaire qui avait \u00e9t\u00e9 r\u00e9gl\u00e9e par voie diplomatique entre Abidjan et Ouaga. L\u2019Intelligent d\u2019Abidjan l\u2019a rencontr\u00e9 \u00e0 New York, en marge de la 71\u00e8me Session de l\u2019Assembl\u00e9e G\u00e9n\u00e9rale des Nations Unies. Interview exclusive. <\/p>\n<p>Excellence , le th\u00e8me de la 71\u00e8me Session de l\u2019Assembl\u00e9e G\u00e9n\u00e9rale de l\u2019ONU \u00e9tait : \u00ab Les objectifs du d\u00e9veloppement durable, une impulsion universelle pour transformer notre monde \u00bb. Quelle \u00e9tait la position du Burkina Faso sur ce th\u00e8me ? <\/p>\n<p>La position du Burkina Faso est la position commune de beaucoup de pays africains, surtout les pays sah\u00e9liens que nous sommes. Vous savez, le Burkina Faso est un pays aux ressources limit\u00e9es, un pays o\u00f9 les populations se battent au quotidien pour s\u2019assurer un repas par jour. En tous cas, ce sont des millions de personnes qui sont dans cette situation. Ce n\u2019est pas du tout facile. Donc la r\u00e9silience des populations est \u00e0 saluer. Du coup, nous faisons face \u00e0 des probl\u00e8mes d\u2019environnement, d\u2019agriculture, d\u2019eau, de sant\u00e9\u2026Donc toutes sortes de difficult\u00e9s qui rendent la vie quotidienne difficile pour ces populations. Et aujourd\u2019hui, on est pour qu\u2019il y ait r\u00e9ellement de vrais partenariats avec des investissements massifs dans nos pays pour v\u00e9ritablement changer les choses. Jusque-l\u00e0, on a essay\u00e9 plusieurs sch\u00e9mas dont les r\u00e9sultats restent limit\u00e9s. Donc la meilleure solution, ce sont des plans Marshal pour nos pays. Et on plaide pour cela. Le Pr\u00e9sident Roch Marc Christian Kabor\u00e9 a pr\u00e9sid\u00e9 la rencontre de haut niveau sur \u00ab L\u2019autonomisation des femmes et dividende d\u00e9mographique au sahel \u00bb. Qu\u2019a-t-il dit en ce qui concerne ce th\u00e8me ? <\/p>\n<p>Justement , vous connaissez le r\u00f4le de la femme au Burkina. Elle a un r\u00f4le pivot dans la famille , c\u2019est elle qui se bat au quotidien pour nourrir les enfants, elle aide beaucoup le mari dans les t\u00e2ches quotidiennes en plus du m\u00e9nage. Et aussi elle assure \u00e9galement l\u2019\u00e9conomie familiale. Mais en m\u00eame temps, les femmes burkinab\u00e8 sont reconnues comme des femmes qui s\u2019organisent et qui sont dans des associations, dans des organisations de la soci\u00e9t\u00e9 civile et dans des activit\u00e9s de production et de commercialisation pour le bien-\u00eatre de la famille. Nous voulons que les femmes soient dans des positions o\u00f9 elles sont autonomes dans leurs activit\u00e9s, o\u00f9 elles ne d\u00e9pendent pas forcement des hommes. Par exemple, l\u2019acc\u00e8s \u00e0 la terre pour les femmes dans nos pays n\u2019est pas \u00e9vident. Parfois ce sont les hommes qui ont acc\u00e8s \u00e0 la terre. Donc c\u2019est l\u00e0 qu\u2019il faut qu\u2019on travaille. \u00c9videmment, le dividende d\u00e9mographique ne se limite pas seulement aux femmes, il y a aussi la jeunesse. Le Burkina est caract\u00e9ris\u00e9 par une jeunesse combattante, celle qui a fait ses preuves pendant les moments de lutte, de r\u00e9volution et autres. Donc comment capter cette \u00e9nergie qui est g\u00e9n\u00e9r\u00e9e par cette jeunesse-l\u00e0, pour la transformer en une \u00e9nergie de d\u00e9veloppement. Cette jeunesse \u00e0 qui il faut offrir des emplois, des jeunes qui vont cr\u00e9er, qui vont se prendre en charge \u00e0 travers leurs propres entreprises. C\u2019est tout \u00e7a la probl\u00e9matique du dividende d\u00e9mographique \u00e0 la fois pour les femmes, mais aussi pour toute cette jeunesse qui est assez importante au Burkina. <\/p>\n<p>Excellence, le Pr\u00e9sident Alassane Ouattara \u00e9tait en campagne et en lobbying ici \u00e0 New York, car son pays, la C\u00f4te d\u2019Ivoire, est candidat \u00e0 un si\u00e8ge de membre non-permanent au Conseil de s\u00e9curit\u00e9. Que pense le Burkina Faso de cette candidature ? <\/p>\n<p>La C\u00f4te d\u2019Ivoire, c\u2019est notre pays voisin, notre pays fr\u00e8re et alli\u00e9. Si la C\u00f4te d\u2019Ivoire est candidate \u00e0 un si\u00e8ge non-permanent au Conseil de s\u00e9curit\u00e9 de l\u2019ONU, le soutien du Burkina Faso est naturel. Il y a des accords qui nous lient avec ce pays, on se soutient mutuellement. C\u2019est une \u00e9vidence. <\/p>\n<p>Comment se porte le Burkina, un an apr\u00e8s le putsch manqu\u00e9, que certains observateurs ont qualifi\u00e9 de coup d\u2019\u00c9tat le plus b\u00eate du monde ? <\/p>\n<p>Le Burkina se porte bien. Et le Burkina essaye de se relancer apr\u00e8s les \u00e9lections. Il y avait eu deux ann\u00e9es d\u2019agitations politiques, plus l\u2019ann\u00e9e de la transition, donc on peut dire qu\u2019il y a eu trois ann\u00e9es de crise qui ont plomb\u00e9 l\u2019\u00e9conomie et les activit\u00e9s dans le pays. Nous sommes donc dans un processus de relance de l\u2019\u00e9conomie. Mais on a tout de suite fait face aux attentats du 15 janvier 2016 \u00e0 Ouagadougou et il y a quelques attaques qui continuent \u00e0 cause de notre proximit\u00e9 avec le Mali. Tout cela ne facilite pas ce processus de relance de l\u2019\u00e9conomie, mais il ne faudrait pas que l\u2019aspect s\u00e9curitaire prenne le pas sur cette relance. C\u2019est pourquoi le Burkina organise une Table ronde les 7 et 8 d\u00e9cembre 2016 \u00e0 Paris en France, pour mobiliser davantage de ressources additionnelles pour financer le Plan national de d\u00e9veloppement \u00e9conomique et social que nous avons \u00e9labor\u00e9 r\u00e9cemment. Rentr\u00e9 r\u00e9cemment de son exil d\u2019Abidjan, le dernier Premier ministre de Blaise Compaor\u00e9, a \u00e9t\u00e9 arr\u00eat\u00e9 et inculp\u00e9 au Burkina Faso. Pourquoi ? N\u2019y a-t-il pas une v\u00e9ritable chasse aux sorci\u00e8res qui se poursuit au Burkina ? <\/p>\n<p>D\u2019abord, il faut savoir que c\u2019est une question qui rel\u00e8ve de la justice. Aujourd\u2019hui, il y a une nette s\u00e9paration entre la justice et le pouvoir. Et cela a \u00e9t\u00e9 consacr\u00e9 par des lois prises sous la transition. D\u00e9sormais, il n\u2019y a aucune emprise du gouvernement sur la justice. Donc on ne peut pas parler de chasse aux sorci\u00e8res de la part du gouvernement burkinab\u00e9. D\u2019ailleurs le gouvernement a re\u00e7u l\u2019opposition. Je ne sais pas quelles sont les raisons au niveau de la justice burkinab\u00e9 en ce qui concerne l\u2019incarc\u00e9ration de l\u2019ancien Premier ministre Luc-Adolphe Tiao. Le ministre de la Justice lui a rendu visite en prison pour voir les conditions dans lesquelles il \u00e9tait d\u00e9tenu. Selon les informations que nous avons re\u00e7ues, il a dit qu\u2019il n\u2019avait pas de probl\u00e8mes en tant que tel. Qu\u2019il \u00e9tait bien trait\u00e9. Ceci est donc le t\u00e9moignage de la bonne volont\u00e9 du gouvernement, le fait que le ministre de la Justice rende visite \u00e0 l\u2019ancien Premier ministre Tiao \u00e0 la prison. <\/p>\n<p>Guillaume Soro, le Pr\u00e9sident du parlement ivoirien, est un ami \u00e0 vous. Vos relations personnelles se sont-elles distendues, d\u00e9t\u00e9rior\u00e9es, depuis l\u2019affaire dites des \u00e9coutes t\u00e9l\u00e9phoniques ? <\/p>\n<p>Non, non ! Vous savez, moi je suis ami \u00e0 tout le monde. Guillaume Soro est un ami. \u00c9videmment nous sommes chacun dans des positions un peu diff\u00e9rentes dans nos pays respectifs. Donc nous sommes amen\u00e9s \u00e0 d\u00e9fendre certaines positions et \u00e0 g\u00e9rer certaines situations. Sinon nous demeurons des amis. Le ministre d\u2019\u00c9tat, ministre de l\u2019Int\u00e9rieur et de la S\u00e9curit\u00e9 de C\u00f4te d\u2019Ivoire Hamed Bakayoko, est \u00e9galement un ami \u00e0 vous. Que vous a-t-il dit au sujet de Guillaume Soro, puisque vous \u00eates tr\u00e8s proches tous les trois ? A-t-il partag\u00e9 avec vous, en priv\u00e9, son amertume vis-\u00e0-vis de ce scandale dans lequel il a \u00e9t\u00e9 cit\u00e9 ? <\/p>\n<p>Je peux avouer une chose, c\u2019est que Hamed Bakayoko a beaucoup travaill\u00e9 pour r\u00e9gler le probl\u00e8me de Guillaume Soro. Lui et moi avions beaucoup \u00e9chang\u00e9 durant cette p\u00e9riode. Il \u00e9tait notre principal interlocuteur sur ce dossier. Je parle du r\u00e8glement diplomatique des cons\u00e9quences n\u00e9es de cette affaire. Hamed Bakayoko a \u00e9norm\u00e9ment travaill\u00e9 sur ce dossier. On a travaill\u00e9 en tout cas ensemble sur ce dossier. Des \u00e9lections pr\u00e9sidentielles ont eu r\u00e9cemment lieu au Gabon, o\u00f9 deux candidats revendiquent la victoire. Dites-nous pour qui roule le Burkina Faso ? Pour Ali Bongo ou pour Jean Ping ? <\/p>\n<p>Vous savez tr\u00e8s vite le Pr\u00e9sident de la R\u00e9publique du Burkina a appel\u00e9 \u00e0 l\u2019apaisement et a demand\u00e9 une intervention de l\u2019Union africaine pour pouvoir calmer le jeu. Il a eu raison tr\u00e8s t\u00f4t puisqu\u2019effectivement apr\u00e8s, l\u2019Union africaine s\u2019est impliqu\u00e9e et aujourd\u2019hui il y a des observateurs de l\u2019UA pour aider la Cour constitutionnelle du Gabon. Les pr\u00e9sidents sont choisis par le peuple gabonais , et le Burkina ne peut pas \u00eatre en soutien \u00e0 un quelconque candidat en particulier. <\/p>\n<p>R\u00e9alis\u00e9e par Jo\u00ebl Tour\u00e9 , envoy\u00e9 sp\u00e9cial \u00e0 New York <\/p>\n<div class=\"fb-comments\" data-width=\"728\" data-numposts=\"50\"><\/div>\n","protected":false},"excerpt":{"rendered":"<p>Son Excellence Alpha Barry , ministre des Affaires \u00e9trang\u00e8res, de la Coop\u00e9ration et des Burkinab\u00e8 de l\u2019Ext\u00e9rieur, fait de nouvelles r\u00e9v\u00e9lations sur la gestion de l\u2019affaire des \u00e9coutes t\u00e9l\u00e9phoniques dans laquelle \u00e9tait cit\u00e9 le Pr\u00e9sident de l\u2019Assembl\u00e9e nationale de C\u00f4te d\u2019Ivoire, Guillaume Soro. Une affaire qui avait \u00e9t\u00e9 r\u00e9gl\u00e9e par voie diplomatique entre Abidjan et [&hellip;]<\/p>\n","protected":false},"author":1,"featured_media":282,"comment_status":"closed","ping_status":"closed","sticky":false,"template":"","format":"standard","meta":{"footnotes":""},"categories":[21,29,17],"tags":[],"class_list":["post-281","post","type-post","status-publish","format-standard","has-post-thumbnail","hentry","category-international","category-interview","category-politique"],"_links":{"self":[{"href":"https:\/\/www.lintelligentdabidjan.info\/news\/wp-json\/wp\/v2\/posts\/281","targetHints":{"allow":["GET"]}}],"collection":[{"href":"https:\/\/www.lintelligentdabidjan.info\/news\/wp-json\/wp\/v2\/posts"}],"about":[{"href":"https:\/\/www.lintelligentdabidjan.info\/news\/wp-json\/wp\/v2\/types\/post"}],"author":[{"embeddable":true,"href":"https:\/\/www.lintelligentdabidjan.info\/news\/wp-json\/wp\/v2\/users\/1"}],"replies":[{"embeddable":true,"href":"https:\/\/www.lintelligentdabidjan.info\/news\/wp-json\/wp\/v2\/comments?post=281"}],"version-history":[{"count":2,"href":"https:\/\/www.lintelligentdabidjan.info\/news\/wp-json\/wp\/v2\/posts\/281\/revisions"}],"predecessor-version":[{"id":284,"href":"https:\/\/www.lintelligentdabidjan.info\/news\/wp-json\/wp\/v2\/posts\/281\/revisions\/284"}],"wp:featuredmedia":[{"embeddable":true,"href":"https:\/\/www.lintelligentdabidjan.info\/news\/wp-json\/wp\/v2\/media\/282"}],"wp:attachment":[{"href":"https:\/\/www.lintelligentdabidjan.info\/news\/wp-json\/wp\/v2\/media?parent=281"}],"wp:term":[{"taxonomy":"category","embeddable":true,"href":"https:\/\/www.lintelligentdabidjan.info\/news\/wp-json\/wp\/v2\/categories?post=281"},{"taxonomy":"post_tag","embeddable":true,"href":"https:\/\/www.lintelligentdabidjan.info\/news\/wp-json\/wp\/v2\/tags?post=281"}],"curies":[{"name":"wp","href":"https:\/\/api.w.org\/{rel}","templated":true}]}}