{"id":2821,"date":"2017-02-14T12:48:24","date_gmt":"2017-02-14T11:48:24","guid":{"rendered":"http:\/\/www.lintelligentdabidjan.info\/news\/?p=2821"},"modified":"2017-02-14T12:52:09","modified_gmt":"2017-02-14T11:52:09","slug":"2821","status":"publish","type":"post","link":"https:\/\/www.lintelligentdabidjan.info\/news\/2821\/","title":{"rendered":"Jean Kouassi Abonouan lors de la  1 \u00e8re session du Conseil r\u00e9gional de l&#8217;ann\u00e9e 2017 du Gb\u00eak\u00ea :Notre priorit\u00e9,  apporter la sant\u00e9 et l&#8217;eau potable."},"content":{"rendered":"<p>La premi\u00e8re session de l&#8217;ann\u00e9e 2017 du Conseil r\u00e9gional de Gb\u00eak\u00ea a eu lieu le vendredi, 10 f\u00e9vrier 2017 au centre culturel Jacques Aka de Bouak\u00e9, Jean Kouassi Abonouan, le pr\u00e9sident a annonc\u00e9 aux Conseillers pr\u00e9sents que pour cette ann\u00e9e, la priorit\u00e9 sera accord\u00e9e\u00a0 \u00e0 la r\u00e9alisation d&#8217;infrastructures socio-\u00e9conomiques.<!--more--><\/p>\n<p>&#8220;Notre priorit\u00e9, apporter l&#8217;eau potable, l&#8217;\u00e9lectricit\u00e9, l&#8217;\u00e9ducation et la sant\u00e9 aux populations partout dans notre r\u00e9gion&#8221;, a-t-il dit. Avant de faire la synth\u00e8se des investissements r\u00e9alis\u00e9s dans la r\u00e9gion de 2013 \u00e0 2016.<\/p>\n<p>Ce sont pendant ces trois ann\u00e9es dira le pr\u00e9sident Abonouan, la construction de 53 logements sociaux, la r\u00e9habilitation et la construction de 43 \u00e9coles publiques (primaires et secondaires), de 23 centres de sant\u00e9 int\u00e9gr\u00e9, l&#8217;\u00e9lectrification de 23 villages, la construction de 6 march\u00e9s et le reprofilage de 553 km de route \u00e0 travers toute la r\u00e9gion. &#8221; Pour 2017, nous allons faire en sorte de r\u00e9pondre le plus vite possible aux pr\u00e9occupations des populations &#8220;, a-t-il ajout\u00e9.<\/p>\n<p>Au cours de cette premi\u00e8re r\u00e9union, le bilan de l&#8217;exercice 2015-2016 a \u00e9galement \u00e9t\u00e9 fait suivi de l&#8217;adoption du budget primitif au titre de l&#8217;exercice 2017 qui s&#8217;\u00e9l\u00e8ve \u00e0 1.859.272.000 FCFA dont 1.042.807.000 FCFA en fonctionnement et 816.465.000 FCFA en investissement. Il a \u00e9t\u00e9 \u00e9galement annonc\u00e9 la cr\u00e9ation d&#8217;une base de donn\u00e9es \u00e0 travers le syst\u00e8me e-Region. Un syst\u00e8me, a-t-on appris, qui permettra d&#8217;identifier toutes les potentialit\u00e9s \u00e9conomiques de la r\u00e9gion afin d&#8217;engranger plus de recettes \u00e0 travers les taxes. &#8221; Il ne faut pas tout attendre de l&#8217;\u00c9tat. A notre niveau, nous devons mettre des syst\u00e8mes en place pour cr\u00e9er des ressources et pour s&#8217;autofinancer &#8220;, a dit le pr\u00e9sident de Conseil r\u00e9gional de Gb\u00eak\u00ea mettant ainsi \u00e0 profit l&#8217;embellie \u00e9conomique de sa r\u00e9gion.<\/p>\n<p>Les conseillers r\u00e9gionaux ont adopt\u00e9 \u00e0 l&#8217;unanimit\u00e9 la gestion du pr\u00e9sident Jean Kouassi Abonouan qui a \u00e9t\u00e9 reconnu meilleur agent de d\u00e9veloppement national en 2016.<\/p>\n<p>Ils l&#8217;ont f\u00e9licit\u00e9 et encourag\u00e9 dans la m\u00eame voie afin que la r\u00e9gion de Gb\u00eak\u00ea devienne moderne et un mod\u00e8le.<\/p>\n<p>Profitant de la bonne ambiance qui pr\u00e9vaut, le pr\u00e9sident Abonouan a exhort\u00e9 les uns et les autres \u00e0 s&#8217;impliquer davantage aux probl\u00e8mes de d\u00e9veloppement de la r\u00e9gion. &#8221; Le d\u00e9veloppement de notre r\u00e9gion doit-\u00eatre, notre affaire \u00e0 tous&#8221;,a-t-il insist\u00e9.<\/p>\n<p>Le samedi 11 f\u00e9vrier, le Conseil a organis\u00e9 une\u00a0 c\u00e9r\u00e9monie de pr\u00e9sentation de v\u0153ux de nouvel an\u00a0\u00a0 dans un h\u00f4tel de Bouak\u00e9 suivie d&#8217;une r\u00e9ception en honneur de Anzian Kouam\u00e9, directeur g\u00e9n\u00e9ral adjoint de l&#8217;administration du Conseil, admis \u00e0 faire valoir ses droits \u00e0 la retraite.<\/p>\n<p>Aboubacar Al Syddick \u00e0 Bouak\u00e9<\/p>\n","protected":false},"excerpt":{"rendered":"<p>La premi\u00e8re session de l&#8217;ann\u00e9e 2017 du Conseil r\u00e9gional de Gb\u00eak\u00ea a eu lieu le vendredi, 10 f\u00e9vrier 2017 au centre culturel Jacques Aka de Bouak\u00e9, Jean Kouassi Abonouan, le pr\u00e9sident a annonc\u00e9 aux Conseillers pr\u00e9sents que pour cette ann\u00e9e, la priorit\u00e9 sera accord\u00e9e\u00a0 \u00e0 la r\u00e9alisation d&#8217;infrastructures socio-\u00e9conomiques.<\/p>\n","protected":false},"author":2,"featured_media":2822,"comment_status":"closed","ping_status":"closed","sticky":false,"template":"","format":"standard","meta":{"_monsterinsights_skip_tracking":false,"_monsterinsights_sitenote_active":false,"_monsterinsights_sitenote_note":"","_monsterinsights_sitenote_category":0,"footnotes":""},"categories":[3],"tags":[],"class_list":["post-2821","post","type-post","status-publish","format-standard","has-post-thumbnail","hentry","category-societe"],"_links":{"self":[{"href":"https:\/\/www.lintelligentdabidjan.info\/news\/wp-json\/wp\/v2\/posts\/2821","targetHints":{"allow":["GET"]}}],"collection":[{"href":"https:\/\/www.lintelligentdabidjan.info\/news\/wp-json\/wp\/v2\/posts"}],"about":[{"href":"https:\/\/www.lintelligentdabidjan.info\/news\/wp-json\/wp\/v2\/types\/post"}],"author":[{"embeddable":true,"href":"https:\/\/www.lintelligentdabidjan.info\/news\/wp-json\/wp\/v2\/users\/2"}],"replies":[{"embeddable":true,"href":"https:\/\/www.lintelligentdabidjan.info\/news\/wp-json\/wp\/v2\/comments?post=2821"}],"version-history":[{"count":3,"href":"https:\/\/www.lintelligentdabidjan.info\/news\/wp-json\/wp\/v2\/posts\/2821\/revisions"}],"predecessor-version":[{"id":2825,"href":"https:\/\/www.lintelligentdabidjan.info\/news\/wp-json\/wp\/v2\/posts\/2821\/revisions\/2825"}],"wp:featuredmedia":[{"embeddable":true,"href":"https:\/\/www.lintelligentdabidjan.info\/news\/wp-json\/wp\/v2\/media\/2822"}],"wp:attachment":[{"href":"https:\/\/www.lintelligentdabidjan.info\/news\/wp-json\/wp\/v2\/media?parent=2821"}],"wp:term":[{"taxonomy":"category","embeddable":true,"href":"https:\/\/www.lintelligentdabidjan.info\/news\/wp-json\/wp\/v2\/categories?post=2821"},{"taxonomy":"post_tag","embeddable":true,"href":"https:\/\/www.lintelligentdabidjan.info\/news\/wp-json\/wp\/v2\/tags?post=2821"}],"curies":[{"name":"wp","href":"https:\/\/api.w.org\/{rel}","templated":true}]}}