{"id":28240,"date":"2022-06-07T02:18:20","date_gmt":"2022-06-07T00:18:20","guid":{"rendered":"https:\/\/www.lintelligentdabidjan.info\/news\/?p=28240"},"modified":"2022-06-07T02:18:20","modified_gmt":"2022-06-07T00:18:20","slug":"presidence-a-lassemblee-nationale-le-candidat-adama-bictogo-obtient-le-soutien-du-fpi","status":"publish","type":"post","link":"https:\/\/www.lintelligentdabidjan.info\/news\/presidence-a-lassemblee-nationale-le-candidat-adama-bictogo-obtient-le-soutien-du-fpi\/","title":{"rendered":"Pr\u00e9sidence \u00e0 l&#8217;assembl\u00e9e Nationale- Le candidat Adama Bictogo obtient le soutien du Fpi"},"content":{"rendered":"<p><em><strong>Le Fpi pr\u00eat \u00e0 donner sa voix au candidat Rhdp qui obtient ainsi un autre soutien.<\/strong><\/em><\/p>\n<p>Au sortir d\u2019une rencontre \u00e0 sa r\u00e9sidence \u00e0 Abidjan Cocody-Riviera, le dimanche 05 juin 2022 avec une d\u00e9l\u00e9gation du Rhdp, le pr\u00e9sident du Front Populaire Ivoirien, Pascal Affi N&#8217;Guessan a promis que les d\u00e9put\u00e9s de sa formation politique  apporteront leur soutien \u00e0 la candidature du d\u00e9put\u00e9 Adama Bictogo.<\/p>\n<p>Consid\u00e9rant cette visite comme une marque de consid\u00e9ration \u00e0 sa personne et son parti politique, le pr\u00e9sident du Front Populaire Ivoirien (Fpi), Pascal Affi N&#8217;Guessan a traduit toute sa gratitude \u00e0Adama Bictogo et \u00e0 toute la d\u00e9l\u00e9gation qui l&#8217;a accompagn\u00e9. \u00c0 cette occasion, il a exprim\u00e9 la volont\u00e9 de son parti politique de lui donner sa voix \u00e0 l&#8217;\u00e9lection du pr\u00e9sident de l&#8217;Assembl\u00e9e Nationale. \u00ab Il est venu solliciter notre voix par rapport au vote qui aurait lieu le mardi. Nous lui avons t\u00e9moign\u00e9 toute notre gratitude et lui avons dit qu&#8217;il peut compter sur nous aussi bien \u00e0 l&#8217;occasion des votes qui vont se tenir, mais surtout par ce qui va \u00eatre fait par la suite au sein de l&#8217;h\u00e9micycle pour faire avancer la C\u00f4te d&#8217;Ivoire, notre cher pays\u00bb, a-t-il d\u00e9clar\u00e9. <\/p>\n<p><strong>Une vision qui converge totalement avec celle du Fpi. <\/strong><\/p>\n<p>Selon Affi N&#8217;Guessan, la vision d\u00e9clin\u00e9e par le candidat Adama Bictogo \u00e0 la t\u00eate de l&#8217;Assembl\u00e9e Nationale converge totalement avec la vision de leur parti politique pour la marche de la C\u00f4te d&#8217;Ivoire vers la r\u00e9conciliation nationale. Pour lui, quelle que soit leur divergence politique, ils doivent avoir \u00e0 l&#8217;esprit qu&#8217;ils appartiennent tous \u00e0 la m\u00eame nation. \u00ab Nous travaillons tous pour le d\u00e9veloppement \u00e9conomique et social de ce pays, pour le progr\u00e8s de nos partis et nous devons savoir nous rassembler d\u00e8s que cela est n\u00e9cessaire pour faire avancer le pays \u00bb, s&#8217;est exprim\u00e9 Affi N&#8217;Guessan. <\/p>\n<p><strong>Bictogo salue la d\u00e9cision du Fpi<\/strong><\/p>\n<p>Le candidat Rhdp au perchoir de l\u2019H\u00e9micycle, Adama Bictogo a salu\u00e9 la d\u00e9cision d&#8217;Affi N&#8217;Guessan de se mobiliser pour lui accorder le suffrage des d\u00e9put\u00e9s de son parti dans la perspective de l&#8217;\u00e9lection du 7 juin. \u00ab Je lui dis merci de m&#8217;avoir apport\u00e9 son soutien apr\u00e8s que j&#8217;ai d\u00e9clin\u00e9 ma vision. Ce que je note, c&#8217;est la C\u00f4te d&#8217;Ivoire qui gagne. C&#8217;est cette C\u00f4te d&#8217;Ivoire que nous voulons porter. Ce signal que nous lan\u00e7ons \u00e0 nos populations, c&#8217;est un signal d&#8217;apaisement et de dire que les parenth\u00e8ses que nous avons connues doivent rester dans le pass\u00e9 et que nous devons nous projeter pour l&#8217;avenir pour une C\u00f4te d&#8217;Ivoire prosp\u00e8re, forte de sa diversit\u00e9 \u00bb, a-t-il dit. Il a indiqu\u00e9 que sa vision est d&#8217;avoir une Assembl\u00e9e Nationale inclusive avec une gestion participative de toutes les sensibilit\u00e9s pour que les populations qui ont exprim\u00e9 leur confiance en l&#8217;institution \u00e0 travers les diff\u00e9rents d\u00e9put\u00e9s puissent se reconna\u00eetre au parlement. \u00ab Nous avons un id\u00e9al, c&#8217;est de favoriser une Assembl\u00e9e nationale inclusive avec une gestion participative pour que tous les Ivoiriens puissent se retrouver dans notre Assembl\u00e9e. Nous voulons cr\u00e9er une force motrice de coh\u00e9sion sociale telle que pr\u00f4n\u00e9e par le Pr\u00e9sident Alassane Ouattara. M\u00eame si les pouvoirs sont s\u00e9par\u00e9s, le l\u00e9gislatif et l&#8217;ex\u00e9cutif peuvent converger lorsqu&#8217;il s&#8217;agit de l&#8217;int\u00e9r\u00eat de la nation.<br \/>\nNous voulons que cette assembl\u00e9e soit le maillon fort de la cha\u00eene de solidarit\u00e9, de renforcement de la coh\u00e9sion\u00bb, a-t-il affirm\u00e9.Le Fpi dispose de deux d\u00e9put\u00e9s dont son pr\u00e9sident Affi N&#8217;Guessan <\/p>\n<p><strong>Tour\u00e9 Abdoulaye avec A. Traor\u00e9 (Stagiaire)<\/strong><\/p>\n","protected":false},"excerpt":{"rendered":"<p>Le Fpi pr\u00eat \u00e0 donner sa voix au candidat Rhdp qui obtient ainsi un autre soutien. Au sortir d\u2019une rencontre \u00e0 sa r\u00e9sidence \u00e0 Abidjan Cocody-Riviera, le dimanche 05 juin 2022 avec une d\u00e9l\u00e9gation du Rhdp, le pr\u00e9sident du Front Populaire Ivoirien, Pascal Affi N&#8217;Guessan a promis que les d\u00e9put\u00e9s de sa formation politique apporteront [&hellip;]<\/p>\n","protected":false},"author":3,"featured_media":28241,"comment_status":"closed","ping_status":"closed","sticky":false,"template":"","format":"standard","meta":{"footnotes":""},"categories":[2,17],"tags":[323,76,45,144],"class_list":["post-28240","post","type-post","status-publish","format-standard","has-post-thumbnail","hentry","category-featured","category-politique","tag-adama-bictogo","tag-assemblee-nationale","tag-fpi","tag-rhdp"],"_links":{"self":[{"href":"https:\/\/www.lintelligentdabidjan.info\/news\/wp-json\/wp\/v2\/posts\/28240","targetHints":{"allow":["GET"]}}],"collection":[{"href":"https:\/\/www.lintelligentdabidjan.info\/news\/wp-json\/wp\/v2\/posts"}],"about":[{"href":"https:\/\/www.lintelligentdabidjan.info\/news\/wp-json\/wp\/v2\/types\/post"}],"author":[{"embeddable":true,"href":"https:\/\/www.lintelligentdabidjan.info\/news\/wp-json\/wp\/v2\/users\/3"}],"replies":[{"embeddable":true,"href":"https:\/\/www.lintelligentdabidjan.info\/news\/wp-json\/wp\/v2\/comments?post=28240"}],"version-history":[{"count":1,"href":"https:\/\/www.lintelligentdabidjan.info\/news\/wp-json\/wp\/v2\/posts\/28240\/revisions"}],"predecessor-version":[{"id":28242,"href":"https:\/\/www.lintelligentdabidjan.info\/news\/wp-json\/wp\/v2\/posts\/28240\/revisions\/28242"}],"wp:featuredmedia":[{"embeddable":true,"href":"https:\/\/www.lintelligentdabidjan.info\/news\/wp-json\/wp\/v2\/media\/28241"}],"wp:attachment":[{"href":"https:\/\/www.lintelligentdabidjan.info\/news\/wp-json\/wp\/v2\/media?parent=28240"}],"wp:term":[{"taxonomy":"category","embeddable":true,"href":"https:\/\/www.lintelligentdabidjan.info\/news\/wp-json\/wp\/v2\/categories?post=28240"},{"taxonomy":"post_tag","embeddable":true,"href":"https:\/\/www.lintelligentdabidjan.info\/news\/wp-json\/wp\/v2\/tags?post=28240"}],"curies":[{"name":"wp","href":"https:\/\/api.w.org\/{rel}","templated":true}]}}