{"id":28350,"date":"2022-07-04T11:08:37","date_gmt":"2022-07-04T09:08:37","guid":{"rendered":"https:\/\/www.lintelligentdabidjan.info\/news\/?p=28350"},"modified":"2022-07-04T11:09:20","modified_gmt":"2022-07-04T09:09:20","slug":"cafop-de-san-pedro-bapteme-de-la-promotion-anne-ouloto-avec-530-eleves-maitres","status":"publish","type":"post","link":"https:\/\/www.lintelligentdabidjan.info\/news\/cafop-de-san-pedro-bapteme-de-la-promotion-anne-ouloto-avec-530-eleves-maitres\/","title":{"rendered":"Cafop de San Pedro-  Bapt\u00eame de la promotion Anne Ouloto avec 530 \u00e9l\u00e8ves ma\u00eetres"},"content":{"rendered":"<p><em><strong>Le samedi 2 juillet 2022, la 6e promotion des \u00e9l\u00e8ves-ma\u00eetres du CAFOP de San Pedro a \u00e9t\u00e9 baptis\u00e9e sur le site m\u00eame de cette structure de formation d\u2019instituteurs ; en pr\u00e9sence du repr\u00e9sentant de la marraine, Anne D\u00e9sir\u00e9e Ouloto ministre de la fonction publique  dont le nom a \u00e9t\u00e9 donn\u00e9 \u00e0 cette 6e promotion du CAFOP de San Pedro.<\/strong><\/em><\/p>\n<p>Cette c\u00e9r\u00e9monie a \u00e9t\u00e9 l\u2019occasion pour les \u00e9l\u00e8ves-ma\u00eetres au nombre de 530 de rendre hommage au Chef de l\u2019Etat, Alassane Ouattara, \u00e0 son gouvernement, \u00e0 la ministre Mariatou Kon\u00e9, \u00e0 l\u2019ensemble des acteurs du syst\u00e8me \u00e9ducatif ivoirien et aux autorit\u00e9s administratives de la r\u00e9gion, pour la formation de qualit\u00e9 qu\u2019ils ont re\u00e7ue.<\/p>\n<p>Le directeur des ressources humaines du minist\u00e8re de la fonction publique  , Tio Louis Serge, repr\u00e9sentant de la marraine, a exprim\u00e9 la gratitude de la ministre Anne Ouloto aux nouveaux enseignants pour le choix de sa personne comme marraine de cette c\u00e9r\u00e9monie. Il a reconnu la dext\u00e9rit\u00e9 et l\u2019efficacit\u00e9 des Enseignants-Formateurs. Tio Louis Serge a \u00e9galement rendu au nom de la marraine un vibrant hommage au pr\u00e9sident Alassane Ouattara dont la vision globale pour un meilleur d\u00e9veloppement de la C\u00f4te d\u2019ivoire a permis un renforcement notable des acquis et de la performance des CAFOP en C\u00f4te d\u2019ivoire. Aux filleuls de la promotion 2020-2022, il a , au nom de la pr\u00e9sidente du conseil r\u00e9gional du Cavally prodigu\u00e9 de sages conseils et les a encourag\u00e9s \u00e0 demeurer dans la pers\u00e9v\u00e9rance, le s\u00e9rieux et surtout \u00e0 \u00eatre des personnes engag\u00e9es au service des \u00e9l\u00e8ves qu\u2019ils auront sous leur responsabilit\u00e9. \u00ab Quelles que soient les difficult\u00e9s restez attach\u00e9s  aux valeurs citoyennes et r\u00e9publicaines dans la r\u00e9ussite de vos \u00e9l\u00e8ves \u00bb, a indiqu\u00e9 l&#8217;\u00e9missaire d&#8217;Anne Ouloto<\/p>\n<p>Il a souhait\u00e9 bonne chance \u00e0 toutes et \u00e0 tous pour les examens de fin d\u2019ann\u00e9e qui se tiendront \u00e0 partir du mardi 5 juillet prochain.<\/p>\n<p>Au nom de ses camarades, Kpehegnan Rockefeller , pr\u00e9sident de la 6\u00e8me promotion du CAFOP a dit les raisons du choix de la ministre Anne Ouloto :\u00ab Tout d\u2019abord, vous \u00eates la maman de la jeunesse ivoirienne. Vous avez soutenu bon nombre de jeunes pour leur r\u00e9insertion dans la soci\u00e9t\u00e9. Votre parcours nous inspire et nous voulons \u00eatre votre prototype \u00bb, a dit le pr\u00e9sident de la 6 e promotion. Avant de s&#8217;adresser \u00e0 ses camarades de promotion :\u00ab Nous rejoindrons nos diff\u00e9rents postes dans quelques mois. N\u2019oublions pas que nos valeurs seront nos premiers rep\u00e8res, n\u2019oublions pas non plus que chacun de nous, est responsable de l\u2019ensemble de son \u00e9tablissement. Le mauvais comportement de l\u2019un ternira l\u2019image de tous. L\u2019am\u00e9lioration du syst\u00e8me \u00e9ducatif d\u00e9pend de l\u2019action de chacun, \u00e0 son niveau\u00bb.<\/p>\n<p>Pour terminer, au nom de ses camarades de promotion, il s&#8217;est engag\u00e9 \u00e0 faire en sorte que l&#8217;orientation donn\u00e9e par la ministre de l&#8217;\u00e9ducation nationale et de l&#8217;alphab\u00e9tisation , Mariatou Kon\u00e9 de tourner dos \u00e0 la fraude soit appliqu\u00e9e par les 530 \u00e9l\u00e8ves ma\u00eetres.<\/p>\n<p>Pour le directeur du CAFOP de San Pedro, Konan Charles, cet engagement des \u00e9l\u00e8ves ma\u00eetres est un honneur \u00e0 toute la famille de l&#8217;\u00e9ducation nationale et aux formateurs du CAFOP de San Pedro. Il a exprim\u00e9 sa reconnaissance \u00e0 la marraine de la 6 e promotion , la ministre Anne Ouloto.<\/p>\n<p> <strong><\/p>\n<p>Une correspondance particuli\u00e8re de Coulibaly Serge <\/strong><\/p>\n","protected":false},"excerpt":{"rendered":"<p>Le samedi 2 juillet 2022, la 6e promotion des \u00e9l\u00e8ves-ma\u00eetres du CAFOP de San Pedro a \u00e9t\u00e9 baptis\u00e9e sur le site m\u00eame de cette structure de formation d\u2019instituteurs ; en pr\u00e9sence du repr\u00e9sentant de la marraine, Anne D\u00e9sir\u00e9e Ouloto ministre de la fonction publique dont le nom a \u00e9t\u00e9 donn\u00e9 \u00e0 cette 6e promotion du [&hellip;]<\/p>\n","protected":false},"author":3,"featured_media":28351,"comment_status":"closed","ping_status":"closed","sticky":false,"template":"","format":"standard","meta":{"_monsterinsights_skip_tracking":false,"_monsterinsights_sitenote_active":false,"_monsterinsights_sitenote_note":"","_monsterinsights_sitenote_category":0,"footnotes":""},"categories":[2,3],"tags":[],"class_list":["post-28350","post","type-post","status-publish","format-standard","has-post-thumbnail","hentry","category-featured","category-societe"],"_links":{"self":[{"href":"https:\/\/www.lintelligentdabidjan.info\/news\/wp-json\/wp\/v2\/posts\/28350","targetHints":{"allow":["GET"]}}],"collection":[{"href":"https:\/\/www.lintelligentdabidjan.info\/news\/wp-json\/wp\/v2\/posts"}],"about":[{"href":"https:\/\/www.lintelligentdabidjan.info\/news\/wp-json\/wp\/v2\/types\/post"}],"author":[{"embeddable":true,"href":"https:\/\/www.lintelligentdabidjan.info\/news\/wp-json\/wp\/v2\/users\/3"}],"replies":[{"embeddable":true,"href":"https:\/\/www.lintelligentdabidjan.info\/news\/wp-json\/wp\/v2\/comments?post=28350"}],"version-history":[{"count":1,"href":"https:\/\/www.lintelligentdabidjan.info\/news\/wp-json\/wp\/v2\/posts\/28350\/revisions"}],"predecessor-version":[{"id":28352,"href":"https:\/\/www.lintelligentdabidjan.info\/news\/wp-json\/wp\/v2\/posts\/28350\/revisions\/28352"}],"wp:featuredmedia":[{"embeddable":true,"href":"https:\/\/www.lintelligentdabidjan.info\/news\/wp-json\/wp\/v2\/media\/28351"}],"wp:attachment":[{"href":"https:\/\/www.lintelligentdabidjan.info\/news\/wp-json\/wp\/v2\/media?parent=28350"}],"wp:term":[{"taxonomy":"category","embeddable":true,"href":"https:\/\/www.lintelligentdabidjan.info\/news\/wp-json\/wp\/v2\/categories?post=28350"},{"taxonomy":"post_tag","embeddable":true,"href":"https:\/\/www.lintelligentdabidjan.info\/news\/wp-json\/wp\/v2\/tags?post=28350"}],"curies":[{"name":"wp","href":"https:\/\/api.w.org\/{rel}","templated":true}]}}