{"id":28367,"date":"2022-07-06T00:36:11","date_gmt":"2022-07-05T22:36:11","guid":{"rendered":"https:\/\/www.lintelligentdabidjan.info\/news\/?p=28367"},"modified":"2022-07-06T01:20:26","modified_gmt":"2022-07-05T23:20:26","slug":"cote-divoire-ladci-sensibilise-les-tres-petites-et-micro-entreprises-sur-ses-actions","status":"publish","type":"post","link":"https:\/\/www.lintelligentdabidjan.info\/news\/cote-divoire-ladci-sensibilise-les-tres-petites-et-micro-entreprises-sur-ses-actions\/","title":{"rendered":"C\u00f4te d&#8217;Ivoire &#8211;  L&#8217;Adci sensibilise les  tr\u00e8s petites et micro \u2013entreprises sur ses actions"},"content":{"rendered":"<p><em><strong>L&#8217;Adci explique ses actions aux  tr\u00e8s petites et micro -entreprises.  <\/strong><\/em><\/p>\n<p>La 2\u00e8 journ\u00e9e d\u2019Information  et de sensibilisation des tr\u00e8s petites et micro-entreprises industrielles  (Tpme) a eu lieu, le jeudi 30 juin 2022 dans un h\u00f4tel de Cocody \u00e0 Abidjan. Camille Niamk\u00e9, directrice des op\u00e9rations de l\u2019Agence pour le d\u00e9veloppement et la comp\u00e9titivit\u00e9 des industries de C\u00f4te d\u2019Ivoire (Adci) a signifi\u00e9 que l\u2019Adci m\u00e8ne des actions de renforcement des capacit\u00e9s industrielles et commerciales au sein des entreprises-cibles et \u00e9ligibles.    <\/p>\n<p>La Directrice de l\u02caAdci a donn\u00e9 les trois composantes du programme que sont  \u2018\u2019L\u2019accompagnement des Tr\u00e8s Petites et Micro Entreprises\u2019\u2019, \u2018\u2019 Renforcement des capacit\u00e9s des organisations interm\u00e9diaires, des agences d\u2019appui aux entreprises\u2019\u2019 et \u2018\u2019l\u2019am\u00e9lioration de l\u2019environnement des affaires\u2019\u2019. Pour elle, l &#8216;Adci  ex\u00e9cute la composante1 du programme.  \u00ab L\u02caAdci a pour mission d\u2019accompagner les Tr\u00e8s Petites et Micro \u2013Entreprises \u00e0 renforcer leur comp\u00e9titivit\u00e9  c\u2019est-\u00e0-dire \u00e0 relever leurs performances strat\u00e9giques et op\u00e9rationnelles, \u00e0 faciliter leur acc\u00e8s au financement en vue de leur int\u00e9gration harmonieuse dans ce vaste march\u00e9 r\u00e9gional et internationale \u00bb, a-t-elle fait savoir.<\/p>\n<p><strong>  Un programme de  5, 4 milliards de F Cfa<\/strong><\/p>\n<p>Pour Roxana Toran, charg\u00e9e-programme de la    d\u00e9l\u00e9gation de l\u2019Union Europ\u00e9enne  en C\u00f4te d\u2019Ivoire,\u00ab ce programme  de 9 millions d\u2019euros ,soit 5, 4 milliards de F Cfa  intervient    en  appui \u00e0 d\u2019autres structures\u00bb. Elle  a indiqu\u00e9 que cette  \u0153uvre intervient dans  l\u2019accompagnement priv\u00e9, pour ne citer que le Projet d\u2019appui \u00e0 la comp\u00e9titivit\u00e9 et l\u2019int\u00e9gration r\u00e9gionale (Pacir) .<\/p>\n<p> Roxana a fait savoir   que dans le cadre du soutien au fonds-Covid mis en place par le gouvernement ivoirien, l\u2019Union Europ\u00e9enne a contribu\u00e9 \u00e0 hauteur de 16 milliards de F Cfa.<\/p>\n<p><strong>Journ\u00e9e  d\u2019Information  et de sensibilisation<\/strong><\/p>\n<p>La 2\u00e8 journ\u00e9e d\u2019information  et de sensibilisation a vu la participation de la Caisse nationale de pr\u00e9voyance sociale (Cnps) en tant qu\u2019 agence nationale charg\u00e9e de la gestion du r\u00e9gime de la protection sociale des travailleurs du secteur priv\u00e9 et assimil\u00e9s et des travailleurs ind\u00e9pendants. Cette entreprise a   sensibilis\u00e9  les chefs  d\u2019entreprises  sur l\u2019importance d\u2019affilier leurs entreprises et d&#8217;immatriculer leurs salari\u00e9s .  <\/p>\n<p><strong>Mamadou Ouattara avec C.  Mobio (stagiaire)<\/strong><\/p>\n","protected":false},"excerpt":{"rendered":"<p>L&#8217;Adci explique ses actions aux tr\u00e8s petites et micro -entreprises. La 2\u00e8 journ\u00e9e d\u2019Information et de sensibilisation des tr\u00e8s petites et micro-entreprises industrielles (Tpme) a eu lieu, le jeudi 30 juin 2022 dans un h\u00f4tel de Cocody \u00e0 Abidjan. Camille Niamk\u00e9, directrice des op\u00e9rations de l\u2019Agence pour le d\u00e9veloppement et la comp\u00e9titivit\u00e9 des industries de [&hellip;]<\/p>\n","protected":false},"author":3,"featured_media":28369,"comment_status":"closed","ping_status":"closed","sticky":false,"template":"","format":"standard","meta":{"_monsterinsights_skip_tracking":false,"_monsterinsights_sitenote_active":false,"_monsterinsights_sitenote_note":"","_monsterinsights_sitenote_category":0,"footnotes":""},"categories":[2,3],"tags":[1374,77],"class_list":["post-28367","post","type-post","status-publish","format-standard","has-post-thumbnail","hentry","category-featured","category-societe","tag-adci","tag-cote-divoire"],"_links":{"self":[{"href":"https:\/\/www.lintelligentdabidjan.info\/news\/wp-json\/wp\/v2\/posts\/28367","targetHints":{"allow":["GET"]}}],"collection":[{"href":"https:\/\/www.lintelligentdabidjan.info\/news\/wp-json\/wp\/v2\/posts"}],"about":[{"href":"https:\/\/www.lintelligentdabidjan.info\/news\/wp-json\/wp\/v2\/types\/post"}],"author":[{"embeddable":true,"href":"https:\/\/www.lintelligentdabidjan.info\/news\/wp-json\/wp\/v2\/users\/3"}],"replies":[{"embeddable":true,"href":"https:\/\/www.lintelligentdabidjan.info\/news\/wp-json\/wp\/v2\/comments?post=28367"}],"version-history":[{"count":3,"href":"https:\/\/www.lintelligentdabidjan.info\/news\/wp-json\/wp\/v2\/posts\/28367\/revisions"}],"predecessor-version":[{"id":28372,"href":"https:\/\/www.lintelligentdabidjan.info\/news\/wp-json\/wp\/v2\/posts\/28367\/revisions\/28372"}],"wp:featuredmedia":[{"embeddable":true,"href":"https:\/\/www.lintelligentdabidjan.info\/news\/wp-json\/wp\/v2\/media\/28369"}],"wp:attachment":[{"href":"https:\/\/www.lintelligentdabidjan.info\/news\/wp-json\/wp\/v2\/media?parent=28367"}],"wp:term":[{"taxonomy":"category","embeddable":true,"href":"https:\/\/www.lintelligentdabidjan.info\/news\/wp-json\/wp\/v2\/categories?post=28367"},{"taxonomy":"post_tag","embeddable":true,"href":"https:\/\/www.lintelligentdabidjan.info\/news\/wp-json\/wp\/v2\/tags?post=28367"}],"curies":[{"name":"wp","href":"https:\/\/api.w.org\/{rel}","templated":true}]}}