{"id":2840,"date":"2017-02-15T15:02:17","date_gmt":"2017-02-15T14:02:17","guid":{"rendered":"http:\/\/www.lintelligentdabidjan.info\/news\/?p=2840"},"modified":"2017-02-15T15:02:17","modified_gmt":"2017-02-15T14:02:17","slug":"operation-dengagement-national-contre-la-salubrite-anne-ouloto-invite-les-maires-a-simpliquer","status":"publish","type":"post","link":"https:\/\/www.lintelligentdabidjan.info\/news\/operation-dengagement-national-contre-la-salubrite-anne-ouloto-invite-les-maires-a-simpliquer\/","title":{"rendered":"Op\u00e9ration d&#8217;engagement national contre la salubrit\u00e9  Anne Ouloto invite les maires \u00e0 s\u2019impliquer"},"content":{"rendered":"<p>\u00c0 la t\u00eate du minist\u00e8re de la Salubrit\u00e9, de l\u2019Environnement et du D\u00e9veloppement durable, Anne D\u00e9sir\u00e9e Ouloto est d\u00e9termin\u00e9e \u00e0 mettre en \u0153uvre les grandes actions afin de parvenir \u00e0 offrir aux Ivoiriens un cadre de vie sain et harmonieux.<!--more--> En pr\u00e9sence des maires r\u00e9unis au sein de l\u2019Union des villes et communes de C\u00f4te d\u2019Ivoire (UVICO.CI) au si\u00e8ge de cette organisation \u00e0 Abidjan-Plateau le lundi 13 f\u00e9vrier 2017, la ministre a invit\u00e9 les \u00e9lus municipaux \u00e0 une synergie d\u2019actions dans le combat de la lutte contre l\u2019insalubrit\u00e9.\u00a0 La ministre a annonc\u00e9 \u00e0 cet effet le lancement de l\u2019op\u00e9ration d\u00e9nomm\u00e9e \u00ab l\u2019engagement national \u00bb qui aura lieu le 23 f\u00e9vrier 2017 au palais de la culture \u00e0 Treichville. Selon elle, l\u2019objectif \u00ab est de revisiter nos comportements\u00a0 et de revisiter notre cadre de vie. Chacun a un r\u00f4le \u00e0 jouer et nous voulons commencer par les \u00e9lus, faire en sorte que l\u2019Ivoirien r\u00e9apprenne \u00e0 vivre avec son cadre de vie et que la rue ne soit pas une poubelle. Nous voulons partager cette exigence avec tous les leaders. A cette c\u00e9r\u00e9monie, nous souhaitons que les maires prennent une part active de fa\u00e7on \u00e0 ce que les autres membres du corps social s\u2019engagent \u00e0 nos c\u00f4t\u00e9s pour\u00a0 lutter contre l\u2019insalubrit\u00e9. Pourquoi, cette c\u00e9r\u00e9monie d\u2019engagement national ?\u00a0\u00a0\u00a0 Parce que le gouvernement a d\u00e9cid\u00e9 que chaque premier samedi du mois,\u00a0 soit consacr\u00e9 \u00e0 des actions communautaires de nettoyage \u00bb, indique-t-elle puis d\u2019ajouter : \u00ab Apr\u00e8s la c\u00e9r\u00e9monie d\u2019engament national, nous allons mettre l\u2019accent sur le district d\u2019Abidjan pour des c\u00e9r\u00e9monies d\u2019engagement \u00e9clat\u00e9es, pour que\u00a0 vous invitiez vos administr\u00e9s \u00e0 s\u2019engager \u00bb, a expliqu\u00e9 Anne Ouloto. \u00c0 cette rencontre avec l\u2019organe des \u00e9lus municipaux, la ministre a annonc\u00e9 aussi l\u2019ouverture de nouvelles d\u00e9charges dans les diff\u00e9rentes villes en tenant compte des normes environnementales. \u00abLes \u00e9tudes seront en cours pour identifier des lieux de d\u00e9charges indiqu\u00e9s pour qu\u2019il y ait\u00a0 des d\u00e9charges dans les diff\u00e9rents d\u00e9partements. Pour l\u2019heure, il importe que nous puissions identifier une d\u00e9charge provisoire qui ne sera pas \u00e0 l\u2019entr\u00e9e des villes, une d\u00e9charge qui ne sera pas sur les art\u00e8res principales. L\u2019op\u00e9ration grand m\u00e9nage est une initiative pour soutenir l\u2019action des maires, c\u2019est une initiative pour vous accompagner \u00e0 faire en sorte que vos communes soient belles \u00bb. \u00c0 la suite de son expos\u00e9, Gilbert Kafana\u00a0 Kon\u00e9, pr\u00e9sident de l\u2019UVICOCI a rassur\u00e9 la ministre Anne Ouloto quant \u00e0 l\u2019engagement des \u00e9lus municipaux \u00e0 l\u2019accompagner dans cette mission parce que\u00a0 \u00ab nous avons tous soif de la propret\u00e9 dans nos communes \u00bb.<\/p>\n<p>EF<\/p>\n","protected":false},"excerpt":{"rendered":"<p>\u00c0 la t\u00eate du minist\u00e8re de la Salubrit\u00e9, de l\u2019Environnement et du D\u00e9veloppement durable, Anne D\u00e9sir\u00e9e Ouloto est d\u00e9termin\u00e9e \u00e0 mettre en \u0153uvre les grandes actions afin de parvenir \u00e0 offrir aux Ivoiriens un cadre de vie sain et harmonieux.<\/p>\n","protected":false},"author":2,"featured_media":2841,"comment_status":"closed","ping_status":"closed","sticky":false,"template":"","format":"standard","meta":{"_monsterinsights_skip_tracking":false,"_monsterinsights_sitenote_active":false,"_monsterinsights_sitenote_note":"","_monsterinsights_sitenote_category":0,"footnotes":""},"categories":[3],"tags":[],"class_list":["post-2840","post","type-post","status-publish","format-standard","has-post-thumbnail","hentry","category-societe"],"_links":{"self":[{"href":"https:\/\/www.lintelligentdabidjan.info\/news\/wp-json\/wp\/v2\/posts\/2840","targetHints":{"allow":["GET"]}}],"collection":[{"href":"https:\/\/www.lintelligentdabidjan.info\/news\/wp-json\/wp\/v2\/posts"}],"about":[{"href":"https:\/\/www.lintelligentdabidjan.info\/news\/wp-json\/wp\/v2\/types\/post"}],"author":[{"embeddable":true,"href":"https:\/\/www.lintelligentdabidjan.info\/news\/wp-json\/wp\/v2\/users\/2"}],"replies":[{"embeddable":true,"href":"https:\/\/www.lintelligentdabidjan.info\/news\/wp-json\/wp\/v2\/comments?post=2840"}],"version-history":[{"count":1,"href":"https:\/\/www.lintelligentdabidjan.info\/news\/wp-json\/wp\/v2\/posts\/2840\/revisions"}],"predecessor-version":[{"id":2842,"href":"https:\/\/www.lintelligentdabidjan.info\/news\/wp-json\/wp\/v2\/posts\/2840\/revisions\/2842"}],"wp:featuredmedia":[{"embeddable":true,"href":"https:\/\/www.lintelligentdabidjan.info\/news\/wp-json\/wp\/v2\/media\/2841"}],"wp:attachment":[{"href":"https:\/\/www.lintelligentdabidjan.info\/news\/wp-json\/wp\/v2\/media?parent=2840"}],"wp:term":[{"taxonomy":"category","embeddable":true,"href":"https:\/\/www.lintelligentdabidjan.info\/news\/wp-json\/wp\/v2\/categories?post=2840"},{"taxonomy":"post_tag","embeddable":true,"href":"https:\/\/www.lintelligentdabidjan.info\/news\/wp-json\/wp\/v2\/tags?post=2840"}],"curies":[{"name":"wp","href":"https:\/\/api.w.org\/{rel}","templated":true}]}}