{"id":2871,"date":"2017-02-16T21:15:04","date_gmt":"2017-02-16T20:15:04","guid":{"rendered":"http:\/\/www.lintelligentdabidjan.info\/news\/?p=2871"},"modified":"2017-02-16T21:15:20","modified_gmt":"2017-02-16T20:15:20","slug":"education-nationale-kandia-camara-sexprime-sur-les-greves-intempestives-2","status":"publish","type":"post","link":"https:\/\/www.lintelligentdabidjan.info\/news\/education-nationale-kandia-camara-sexprime-sur-les-greves-intempestives-2\/","title":{"rendered":"Education Nationale Kandia Camara s\u2019exprime sur les gr\u00e8ves intempestives"},"content":{"rendered":"<p>Le ministre de l\u2019\u00e9ducation nationale, de l\u2019enseignement technique et la formation professionnelle s\u2019est exprim\u00e9 le mardi 14 f\u00e9vrier 2017 sur le plateau de la RTI et a plaid\u00e9 pour une tr\u00eave dans le secteur \u00e9ducation-formation qui subit des gr\u00e8ves intempestives depuis le d\u00e9but de l\u2019ann\u00e9e 2016-2017.<br \/>\nLe r\u00e9cent d\u00e9brayage des fonctionnaires ivoiriens, le r\u00e9am\u00e9nagement du calendrier scolaire, les cours de mercredi, les efforts consentis par l\u2019\u00c9tat sont, entre autres, les questions pass\u00e9es en revue par la premi\u00e8re responsable de l\u2019\u00e9ducation nationale.<br \/>\n\u00abJe lance un appel d\u2019abord aux enseignants, et ensuite \u00e0 toute la communaut\u00e9 \u00e9ducative pour une mobilisation g\u00e9n\u00e9rale autour de l\u2019\u00e9cole. Que tout le monde se mobilise pour qu\u2019on n\u2019ait plus de gr\u00e8ve et qu\u2019on aille \u00e0 une tr\u00eave. A notre connaissance, l\u2019\u00c9tat ne doit plus rien aux enseignants. Il y a eu un accord entre les syndicats et l\u2019\u00c9tat en 2014 sur la question des stocks d\u2019arri\u00e9r\u00e9s qui ont \u00e9t\u00e9 abandonn\u00e9s au profit du d\u00e9blocage des salaires. De 2011 \u00e0 aujourd\u2019hui, le salaire des enseignants a \u00e9t\u00e9 multipli\u00e9 par deux\u2026 Je voudrais dire aux enseignants que ce n\u2019est pas pour toutes les revendications qu\u2019on va \u00e0 la gr\u00e8ve\u00bb, a estim\u00e9 Mme Camara avant de r\u00e9v\u00e9ler que \u00ab pr\u00e8s de 1314 enseignants syndicalistes sont \u00e0 Abidjan, ils ne travaillent pas et per\u00e7oivent pourtant leurs salaires. Nous trouvons cela inadmissible. Nous avons pris la d\u00e9cision de red\u00e9ployer les enseignants l\u00e0 o\u00f9 il y a le besoin\u00bb, a-t-elle annonc\u00e9.\u00bb, a expliqu\u00e9 Kandia Camara.<br \/>\nSelon le ministre le r\u00e9am\u00e9nagement du calendrier scolaire qui supprime les cong\u00e9s de f\u00e9vrier et r\u00e9duit ceux de paques \u00e0 cinq jours est une d\u00e9cision prise par le gouvernement pour la r\u00e9ussite des enfants, afin de leur \u00e9viter de perdre leur ann\u00e9e. Par ailleurs, malgr\u00e9 le nouvel emploi du temps \u00ab sur les 365 jours de l\u2019ann\u00e9e, les enseignants ne travaillent que pendant 165 jours. Ils ont 200 jours dans l\u2019ann\u00e9e pour faire leurs courses. Dans tous les pays au monde, c\u2019est au moins 5 jours de classe par semaine. Le quantum horaire normal par an est de 1000 heures de cours alors que nous sommes \u00e0 990 heures en C\u00f4te d\u2019Ivoire malgr\u00e9 le r\u00e9am\u00e9nagement \u00bb, a-t-elle d\u00e9plor\u00e9.<br \/>\nEn ce qui concerne l\u2019institution des cours de mercredi dans le primaire qui avait soulev\u00e9 l\u2019emportement de certains enseignants, Kandia Camara a inform\u00e9 que plus de cent directeurs d\u2019\u00e9coles hostiles \u00e0 cette mesure ont \u00e9t\u00e9 sanctionn\u00e9s par ses services.<\/p>\n<p>D.S avec (sercomAbidjan.net)<\/p>\n<div class=\"fb-comments\" data-width=\"728\" data-numposts=\"50\"><\/div>\n","protected":false},"excerpt":{"rendered":"<p>Le ministre de l\u2019\u00e9ducation nationale, de l\u2019enseignement technique et la formation professionnelle s\u2019est exprim\u00e9 le mardi 14 f\u00e9vrier 2017 sur le plateau de la RTI et a plaid\u00e9 pour une tr\u00eave dans le secteur \u00e9ducation-formation qui subit des gr\u00e8ves intempestives depuis le d\u00e9but de l\u2019ann\u00e9e 2016-2017. Le r\u00e9cent d\u00e9brayage des fonctionnaires ivoiriens, le r\u00e9am\u00e9nagement du [&hellip;]<\/p>\n","protected":false},"author":1,"featured_media":2872,"comment_status":"closed","ping_status":"closed","sticky":false,"template":"","format":"standard","meta":{"_monsterinsights_skip_tracking":false,"_monsterinsights_sitenote_active":false,"_monsterinsights_sitenote_note":"","_monsterinsights_sitenote_category":0,"footnotes":""},"categories":[2,3],"tags":[],"class_list":["post-2871","post","type-post","status-publish","format-standard","has-post-thumbnail","hentry","category-featured","category-societe"],"_links":{"self":[{"href":"https:\/\/www.lintelligentdabidjan.info\/news\/wp-json\/wp\/v2\/posts\/2871","targetHints":{"allow":["GET"]}}],"collection":[{"href":"https:\/\/www.lintelligentdabidjan.info\/news\/wp-json\/wp\/v2\/posts"}],"about":[{"href":"https:\/\/www.lintelligentdabidjan.info\/news\/wp-json\/wp\/v2\/types\/post"}],"author":[{"embeddable":true,"href":"https:\/\/www.lintelligentdabidjan.info\/news\/wp-json\/wp\/v2\/users\/1"}],"replies":[{"embeddable":true,"href":"https:\/\/www.lintelligentdabidjan.info\/news\/wp-json\/wp\/v2\/comments?post=2871"}],"version-history":[{"count":1,"href":"https:\/\/www.lintelligentdabidjan.info\/news\/wp-json\/wp\/v2\/posts\/2871\/revisions"}],"predecessor-version":[{"id":2873,"href":"https:\/\/www.lintelligentdabidjan.info\/news\/wp-json\/wp\/v2\/posts\/2871\/revisions\/2873"}],"wp:featuredmedia":[{"embeddable":true,"href":"https:\/\/www.lintelligentdabidjan.info\/news\/wp-json\/wp\/v2\/media\/2872"}],"wp:attachment":[{"href":"https:\/\/www.lintelligentdabidjan.info\/news\/wp-json\/wp\/v2\/media?parent=2871"}],"wp:term":[{"taxonomy":"category","embeddable":true,"href":"https:\/\/www.lintelligentdabidjan.info\/news\/wp-json\/wp\/v2\/categories?post=2871"},{"taxonomy":"post_tag","embeddable":true,"href":"https:\/\/www.lintelligentdabidjan.info\/news\/wp-json\/wp\/v2\/tags?post=2871"}],"curies":[{"name":"wp","href":"https:\/\/api.w.org\/{rel}","templated":true}]}}