{"id":2874,"date":"2017-02-17T12:09:07","date_gmt":"2017-02-17T11:09:07","guid":{"rendered":"http:\/\/www.lintelligentdabidjan.info\/news\/?p=2874"},"modified":"2017-02-17T12:09:07","modified_gmt":"2017-02-17T11:09:07","slug":"education-numerique-lancement-officiel-de-la-campagne-baby-lab","status":"publish","type":"post","link":"https:\/\/www.lintelligentdabidjan.info\/news\/education-numerique-lancement-officiel-de-la-campagne-baby-lab\/","title":{"rendered":"Education num\u00e9rique  Lancement officiel de la campagne Baby Lab"},"content":{"rendered":"<p>Dans le but de promouvoir l\u2019\u00e9ducation num\u00e9rique, les membres du Baby Lab ont organis\u00e9 une rencontre avec la presse et plusieurs invit\u00e9s, le jeudi 16 f\u00e9vrier 2017 \u00e0 Abidjan dans la commune d\u2019Abobo.<!--more--><\/p>\n<p>Baby Lab, atelier de fabrication num\u00e9rique lance sa campagne \u00ab r\u00e9inventons l\u2019\u00e9ducation des enfants par le num\u00e9rique dans le sens de former les enfants de 8 \u00e0 15 ans \u00e0 l\u2019\u00e9duction num\u00e9rique \u00bb. Selon le Co-fondateur\u00a0 du Baby Lab, GuiakoObin qui s\u2019est dit \u00eatre honor\u00e9 de la pr\u00e9sence de tous, \u00ab le d\u00e9fi actuel de l\u2019Afrique et dans les prochaines ann\u00e9es, est de pouvoir absorber sa croissance exponentielle en aidant sa population \u00e0 entreprendre. Le num\u00e9rique est l\u2019un des leviers que nous utilisons pour y r\u00e9pondre en impliquant d\u00e9j\u00e0 les enfants de moins de 16 ans ainsi que sa jeunesse par la formation \u00bb, a-t-il fait savoir. Pour lui, cette activit\u00e9 qui se fait dans une commune populaire d\u2019Abidjan (Ndlr : Abobo) permettra de changer l\u2019image de cette cit\u00e9 aux yeux du monde. Elle permettra \u00e9galement d\u2019\u00e9loigner les enfants des diff\u00e9rents vices de cette commune. Ce qui fait partie de leurs objectifs qui est de r\u00e9duire la d\u00e9linquance juv\u00e9nile en utilisant les nouvelles technologies comme moyen de socialisation et en stimulant la cr\u00e9ativit\u00e9 et l\u2019innovation d\u00e8s le bas \u00e2ge.<\/p>\n<p>Pour Pauline Boutroy, fondatrice de Madeleo et collaboratrice \u00e0 Baby Lab, le projet est innovant et peut permettre aux enfants d\u2019apprendre en s\u2019amusant \u00e0 cet atelier qui favorise la formation des enfants en faisant d\u2019eux de tr\u00e8s bons talents.\u00a0 \u00ab La formation \u00e0 cet atelier est faite sur le volet informatique, \u00e9lectronique mais \u00e9galement robotique, elle permet aux enfants d\u2019apprendre plus vite avec un programme d\u2019\u00e9ducation num\u00e9rique adapt\u00e9 et aussi\u00a0 et de r\u00e9aliser plusieurs activit\u00e9s. \u00bb<\/p>\n<p>Leur objectif majeur\u00a0 selon elle, est de d\u00e9passer le nombre d\u2019enfant form\u00e9s qu\u2019ils ont eu depuis leur cr\u00e9ation en 2014 qui est de 200 enfants \u00e0 Abobo \u00e0 1000 enfants en C\u00f4te d\u2019Ivoire d\u2019ici 2 ans. Et d\u2019\u00e9tendre ce projet dans tout le pays. Pour la r\u00e9alisation de ce projet, ils\u00a0 disent avoir besoin du soutien des autorit\u00e9s.<\/p>\n<p>Notons que cette campagne qui se veut afro-europ\u00e9enne, compte 60 jours et prendra fin le 17 Avril 2017. Celle de l\u2019Europe d\u00e9butera en mars 2017.<\/p>\n<p>O.D avec D.S<\/p>\n","protected":false},"excerpt":{"rendered":"<p>Dans le but de promouvoir l\u2019\u00e9ducation num\u00e9rique, les membres du Baby Lab ont organis\u00e9 une rencontre avec la presse et plusieurs invit\u00e9s, le jeudi 16 f\u00e9vrier 2017 \u00e0 Abidjan dans la commune d\u2019Abobo.<\/p>\n","protected":false},"author":2,"featured_media":2875,"comment_status":"closed","ping_status":"closed","sticky":false,"template":"","format":"standard","meta":{"_monsterinsights_skip_tracking":false,"_monsterinsights_sitenote_active":false,"_monsterinsights_sitenote_note":"","_monsterinsights_sitenote_category":0,"footnotes":""},"categories":[3],"tags":[],"class_list":["post-2874","post","type-post","status-publish","format-standard","has-post-thumbnail","hentry","category-societe"],"_links":{"self":[{"href":"https:\/\/www.lintelligentdabidjan.info\/news\/wp-json\/wp\/v2\/posts\/2874","targetHints":{"allow":["GET"]}}],"collection":[{"href":"https:\/\/www.lintelligentdabidjan.info\/news\/wp-json\/wp\/v2\/posts"}],"about":[{"href":"https:\/\/www.lintelligentdabidjan.info\/news\/wp-json\/wp\/v2\/types\/post"}],"author":[{"embeddable":true,"href":"https:\/\/www.lintelligentdabidjan.info\/news\/wp-json\/wp\/v2\/users\/2"}],"replies":[{"embeddable":true,"href":"https:\/\/www.lintelligentdabidjan.info\/news\/wp-json\/wp\/v2\/comments?post=2874"}],"version-history":[{"count":1,"href":"https:\/\/www.lintelligentdabidjan.info\/news\/wp-json\/wp\/v2\/posts\/2874\/revisions"}],"predecessor-version":[{"id":2876,"href":"https:\/\/www.lintelligentdabidjan.info\/news\/wp-json\/wp\/v2\/posts\/2874\/revisions\/2876"}],"wp:featuredmedia":[{"embeddable":true,"href":"https:\/\/www.lintelligentdabidjan.info\/news\/wp-json\/wp\/v2\/media\/2875"}],"wp:attachment":[{"href":"https:\/\/www.lintelligentdabidjan.info\/news\/wp-json\/wp\/v2\/media?parent=2874"}],"wp:term":[{"taxonomy":"category","embeddable":true,"href":"https:\/\/www.lintelligentdabidjan.info\/news\/wp-json\/wp\/v2\/categories?post=2874"},{"taxonomy":"post_tag","embeddable":true,"href":"https:\/\/www.lintelligentdabidjan.info\/news\/wp-json\/wp\/v2\/tags?post=2874"}],"curies":[{"name":"wp","href":"https:\/\/api.w.org\/{rel}","templated":true}]}}