{"id":28788,"date":"2022-09-20T01:04:39","date_gmt":"2022-09-19T23:04:39","guid":{"rendered":"https:\/\/www.lintelligentdabidjan.info\/news\/?p=28788"},"modified":"2022-09-20T01:06:15","modified_gmt":"2022-09-19T23:06:15","slug":"grande-conference-sur-la-vie-de-cheikh-oumar-foutiyou-le-24-septembre-le-cheick-moustapha-sonta-appelle-les-tidjanites-a-la-mobilisation","status":"publish","type":"post","link":"https:\/\/www.lintelligentdabidjan.info\/news\/grande-conference-sur-la-vie-de-cheikh-oumar-foutiyou-le-24-septembre-le-cheick-moustapha-sonta-appelle-les-tidjanites-a-la-mobilisation\/","title":{"rendered":"Grande conf\u00e9rence  sur la vie de Cheikh Oumar Foutiyou le 24 septembre-  Le Cheick Moustapha Sonta appelle les Tidjanites \u00e0 la mobilisation"},"content":{"rendered":"<p><em><strong>En pr\u00e9lude  de la conf\u00e9rence sur la vie du Cheikh Oumar Foutiyou, le Cheick Moustapha Sonta, Khalife g\u00e9n\u00e9ral de la Tidjaniya en C\u00f4te d\u2019Ivoire, a tenu un point de presse, \u00e0 sa r\u00e9sidence, le mercredi 14 septembre 2022, pour annoncer la tenue d&#8217;une \u2018\u2019hadratoul djoumah\u2019\u2019 et la conf\u00e9rence sur la vie de Cheikh Oumar Foutiyou . Et ce, en pr\u00e9sence d\u2019une d\u00e9l\u00e9gation de l&#8217;Association Renndo Cheikh Oumar Foutiyou\u2019\u2019, venue du S\u00e9n\u00e9gal pour cet \u00e9v\u00e9nement. Il a appel\u00e9 les tidjanites \u00e0 la mobilisation. <\/strong><\/em><\/p>\n<p>Le Cheick Moustapha Sonta, \u00e0 travers ce point de point presse, a inform\u00e9 officiellement les populations, les communaut\u00e9s religieuses de la tenue d&#8217;une \u2018\u2019hadratoul djoumah\u2019\u2019 le vendredi 23 septembre 2022 \u00e0 la mosqu\u00e9e s\u00e9n\u00e9galaise de Treichville \u00e0 l\u2019Avenue 8, ainsi qu&#8217;une Conf\u00e9rence sur la vie de Cheikh Oumar Foutiyou, sa vie et ses \u0153uvres, le samedi 24 septembre 2022, dans un h\u00f4tel \u00e0 Abidjan-Plateau.<br \/>\n\u00ab Je lance un appel \u00e0 tous les Tidjanites, ceux qui sont \u00e0 Abidjan, ceux qui sont \u00e0 l\u2019int\u00e9rieur peuvent \u00e9galement venir prendre part \u00e0 cette grande assise tidiane au nom de Cheikh Oumar Foutiyou Tall, au nom de la famille Tall, au nom de l\u2019ensemble de tous les Tidjanes. Qu\u2019on se retrouve dans cette grande assembl\u00e9e autour du nom de Dieu pour magnifier Allah Soub\u2019anah watta Allah. Personnellement, j\u2019y serai. Je demande \u00e0 tous les Tidjanes de se mettre avec moi pour qu\u2019on participe \u00e0 cet \u00e9v\u00e8nement \u00bb, a indiqu\u00e9 le khalife g\u00e9n\u00e9ral de la Tidjaniya en C\u00f4te d\u2019Ivoire.<\/p>\n<p><strong>\u00ab le Khalif  g\u00e9n\u00e9ral est honor\u00e9 \u00bb   <\/strong><\/p>\n<p>Poursuivant, le Cheick Moustapha Sonta, au nom de toute la Tidjaniya en C\u00f4te d\u2019Ivoire, a diss\u00e9qu\u00e9 l\u2019\u00e9v\u00e9nement et traduit la reconnaissance du Khalif g\u00e9n\u00e9ral pour cette marque d\u2019attention. \u00ab Je prends la parole en mon nom et au nom de toute la Tidianiya en C\u00f4te d\u2019Ivoire pour parler d\u2019un contexte. Aujourd\u2019hui, le Khalif g\u00e9n\u00e9ral est honor\u00e9 parce que nous avons re\u00e7u une grande d\u00e9l\u00e9gation de la famille du Cheikh Oumar Foutiyo Tall au nom du Khalif g\u00e9n\u00e9ral Thierno Bassirou Tall et au nom de Thierno Nourou Tall qui est le porte-parole de la famille qui a envoy\u00e9 une d\u00e9l\u00e9gation depuis le S\u00e9n\u00e9gal vers nous, pour qu\u2019on se mette ensemble pour parler d\u2019un \u00e9v\u00e9nement. Non seulement parler d\u2019un \u00e9v\u00e9nement, mais de participer ensemble \u00e0 un \u00e9v\u00e9nement. L\u2019\u00e9v\u00e9nement c\u2019est quoi ? Il y a en deux, la \u2018\u2019hadratoul\u2019\u2019 qui va se tenir 23 septembre 2022, \u00e0 la mosqu\u00e9e s\u00e9n\u00e9galaise \u00e0 Treichville \u00e0 partir de 17h et la grande conf\u00e9rence sur Conf\u00e9rence sur la vie de Cheikh Oumar Foutiyou, sa vie et ses \u0153uvres, le samedi 24 septembre 2022, \u00e0 Noon H\u00f4tel dans la commune du Plateau  \u00bb, a-t-il indiqu\u00e9.<\/p>\n<p><strong>\u00ab Nous sommes chez le Cheick Moustapha Sonta pour une cause assez importante, une cause noble \u00bb<\/strong><\/p>\n<p>Quant au Cheick Mahmoud N\u2019diaye, guide spirituel de Nasrul Houda, il a, au nom de la d\u00e9l\u00e9gation, donn\u00e9 les raisons de leur pr\u00e9sence chez le Cheick Moustapha Sonta .  &#8220;Nous sommes ici, chez le Cheick Moustapha Sonta pour une cause assez importante, une cause noble, car c\u2019est sous l\u2019autorit\u00e9 spirituelle de Thierno Bassirou Tall que le Khalif g\u00e9n\u00e9ral de la famille oumarienne, une famille universelle, repr\u00e9sent\u00e9e ici par une forte d\u00e9l\u00e9gation \u00e0 la t\u00eate de laquelle Thierno Bara Tall et accompagn\u00e9 de certains fr\u00e8res est venu chez le khalife pour apporter une information capitale, communiquer  quelques dates, (la Conf\u00e9rence sur la vie de Cheikh Oumar Foutiyou), a-t-il fait savoir.<br \/>\nPour rappel, l\u2019association Renndo Cheikh Oumar Foutiyou est une association d\u2019entraide islamique culturelle et de d\u00e9veloppement. Ces activit\u00e9s rentrent dans le cadre de son programme national et international de vulgarisation de la vie et de l\u2019\u0153uvre du saint homme qu\u2019est le Cheikh Oumar Foutiyou Tall.<br \/>\n<strong>Mamadou Ouattara avec L.Abdul<\/strong><\/p>\n","protected":false},"excerpt":{"rendered":"<p>En pr\u00e9lude de la conf\u00e9rence sur la vie du Cheikh Oumar Foutiyou, le Cheick Moustapha Sonta, Khalife g\u00e9n\u00e9ral de la Tidjaniya en C\u00f4te d\u2019Ivoire, a tenu un point de presse, \u00e0 sa r\u00e9sidence, le mercredi 14 septembre 2022, pour annoncer la tenue d&#8217;une \u2018\u2019hadratoul djoumah\u2019\u2019 et la conf\u00e9rence sur la vie de Cheikh Oumar Foutiyou [&hellip;]<\/p>\n","protected":false},"author":3,"featured_media":28789,"comment_status":"closed","ping_status":"closed","sticky":false,"template":"","format":"standard","meta":{"_monsterinsights_skip_tracking":false,"_monsterinsights_sitenote_active":false,"_monsterinsights_sitenote_note":"","_monsterinsights_sitenote_category":0,"footnotes":""},"categories":[2,3],"tags":[1429,1427,77,1428],"class_list":["post-28788","post","type-post","status-publish","format-standard","has-post-thumbnail","hentry","category-featured","category-societe","tag-cheick-moustapha-sonta","tag-cheikh-oumar-foutiyou","tag-cote-divoire","tag-tidianiya"],"_links":{"self":[{"href":"https:\/\/www.lintelligentdabidjan.info\/news\/wp-json\/wp\/v2\/posts\/28788","targetHints":{"allow":["GET"]}}],"collection":[{"href":"https:\/\/www.lintelligentdabidjan.info\/news\/wp-json\/wp\/v2\/posts"}],"about":[{"href":"https:\/\/www.lintelligentdabidjan.info\/news\/wp-json\/wp\/v2\/types\/post"}],"author":[{"embeddable":true,"href":"https:\/\/www.lintelligentdabidjan.info\/news\/wp-json\/wp\/v2\/users\/3"}],"replies":[{"embeddable":true,"href":"https:\/\/www.lintelligentdabidjan.info\/news\/wp-json\/wp\/v2\/comments?post=28788"}],"version-history":[{"count":1,"href":"https:\/\/www.lintelligentdabidjan.info\/news\/wp-json\/wp\/v2\/posts\/28788\/revisions"}],"predecessor-version":[{"id":28790,"href":"https:\/\/www.lintelligentdabidjan.info\/news\/wp-json\/wp\/v2\/posts\/28788\/revisions\/28790"}],"wp:featuredmedia":[{"embeddable":true,"href":"https:\/\/www.lintelligentdabidjan.info\/news\/wp-json\/wp\/v2\/media\/28789"}],"wp:attachment":[{"href":"https:\/\/www.lintelligentdabidjan.info\/news\/wp-json\/wp\/v2\/media?parent=28788"}],"wp:term":[{"taxonomy":"category","embeddable":true,"href":"https:\/\/www.lintelligentdabidjan.info\/news\/wp-json\/wp\/v2\/categories?post=28788"},{"taxonomy":"post_tag","embeddable":true,"href":"https:\/\/www.lintelligentdabidjan.info\/news\/wp-json\/wp\/v2\/tags?post=28788"}],"curies":[{"name":"wp","href":"https:\/\/api.w.org\/{rel}","templated":true}]}}