{"id":28854,"date":"2022-09-28T01:17:34","date_gmt":"2022-09-27T23:17:34","guid":{"rendered":"https:\/\/www.lintelligentdabidjan.info\/news\/?p=28854"},"modified":"2022-09-28T11:25:57","modified_gmt":"2022-09-28T09:25:57","slug":"lintelligent-en-pdf-anps-au-senegal-et-rti-life-nci-ajsci-unpsci-en-cote-divoire-comment-medias-senegalais-et-ivoiriens-sappretent-a-couvrir-la-coupe-du-monde-au-qatar-livre-la-cote-d","status":"publish","type":"post","link":"https:\/\/www.lintelligentdabidjan.info\/news\/lintelligent-en-pdf-anps-au-senegal-et-rti-life-nci-ajsci-unpsci-en-cote-divoire-comment-medias-senegalais-et-ivoiriens-sappretent-a-couvrir-la-coupe-du-monde-au-qatar-livre-la-cote-d\/","title":{"rendered":"L&#8217;Intelligent en Pdf : ANPS au S\u00e9n\u00e9gal et RTI, Life, Nci, AJSCI, UNPSCI en C\u00f4te d&#8217;Ivoire Comment m\u00e9dias s\u00e9n\u00e9galais et ivoiriens s&#8217;appr\u00eatent \u00e0 couvrir la Coupe du monde au Qatar; Livre &#8220;La C\u00f4te d\u2019Ivoire au Conseil de s\u00e9curit\u00e9 des Nations unies&#8221; (1960-2019) Alcide Dj\u00e9dj\u00e9 rend hommage au leadership d&#8217;Alassane Ouattara ; \u00c9lection \u00e0 la F\u00e9d\u00e9ration ivoirienne de Taekwondo Ce que le candidat Jean Marc Yac\u00e9 a fait hier;  Prochain congr\u00e8s \u00e9lectif de l&#8217;Unjci  Laurent Okou\u00e9 \u00e9nonce des d\u00e9saccords avec JC Coulibaly et d\u00e9voile des intentions."},"content":{"rendered":"<p><strong>Comment les m\u00e9dias ivoiriens couvriront la coupe du monde au Qatar et r\u00e9v\u00e9lations sur le cas du S\u00e9n\u00e9gal. \u00c9tat des lieux avec des des acteurs de m\u00e9dias et des associations aussi bien en C\u00f4te d&#8217;Ivoire non qualifi\u00e9e pour cette 22 \u00e8me \u00e9dition , qu&#8217;au S\u00e9n\u00e9gal figurant parmi les 5 pays africains qualifi\u00e9s pour la comp\u00e9tition. <\/strong><\/p>\n<p>Dans moins de deux mois, les regards et les esprits , au del\u00e0 des cam\u00e9ras , seront braqu\u00e9s sur le Qatar \u00e0 l\u2019occasion de la 22e \u00e9dition de la Coupe du monde pr\u00e9vue du 20 novembre au 18 d\u00e9cembre 2022. Comment les m\u00e9dias ivoiriens couvriront l\u2019\u00e9v\u00e8nement malgr\u00e9 l\u2019absence des \u00c9l\u00e9phants ? Comment les m\u00e9dias s\u00e9n\u00e9galais s&#8217;y pr\u00e9parent ?<\/p>\n<p><strong>Article complet \u00e0 lire sur<\/strong><\/p>\n<p><a href=\"https:\/\/news.abidjan.net\/titrologie\/39-lintelligent-dabidjan\/articles\" target=\"_blank\">https:\/\/news.abidjan.net\/titrologie\/39-lintelligent-dabidjan\/articles<\/a><\/p>\n<p>&nbsp;<\/p>\n<p><a href=\"http:\/\/pressecotedivoire.ci\/titrologie\/LINTELLABJ5062McDi03\/journal\" target=\"_blank\">http:\/\/pressecotedivoire.ci\/titrologie\/LINTELLABJ5062McDi03\/journal<\/a><\/p>\n<p><a href=\"https:\/\/www.youscribe.com\/catalogue\/presse\/actualites-africaines\/cote-d-ivoire\/l-intelligent-n-5061-du-mercredi-28-septembre-2022-3349276\" target=\"_blank\">https:\/\/www.youscribe.com\/catalogue\/presse\/actualites-africaines\/cote-d-ivoire\/l-intelligent-n-5061-du-mercredi-28-septembre-2022-3349276<\/a><\/p>\n<p><strong>A lire \u00e9galement:<\/strong><\/p>\n<p>-Livre &#8220;La C\u00f4te d\u2019Ivoire au Conseil de s\u00e9curit\u00e9 des Nations unies&#8221; (1960-2019)<\/p>\n<p>Alcide Dj\u00e9dj\u00e9 rend hommage au leadership d&#8217;Alassane Ouattara<\/p>\n<p>-\u00c9lection \u00e0 la F\u00e9d\u00e9ration ivoirienne de Taekwondo<\/p>\n<p>Ce que le candidat Jean Marc Yac\u00e9 a fait hier<\/p>\n<p>-Prochain congr\u00e8s \u00e9lectif de l&#8217;Unjci<\/p>\n<p>Laurent Okou\u00e9 \u00e9nonce des d\u00e9saccords avec JC Coulibaly et d\u00e9voile des intentions Photo<\/p>\n<p>-D\u00e9tention des soldats ivoiriens au Mali- Gerald Darmanin, apr\u00e8s avoir \u00e9t\u00e9 re\u00e7u par le Pr\u00e9sident Alassane Ouattara :\u00ab Notre soutien est total aupr\u00e8s du gouvernement de la C\u00f4te d\u2019Ivoire<\/p>\n<p>-Rentr\u00e9e scolaire 2022-2023<\/p>\n<p>Euphrasie N\u2019guessan apporte son soutien \u00e0 des familles de Yopougon<\/p>\n<p>-\u00c0 mon avis<\/p>\n<p>Voici les premiers m\u00e9dias d\u2019Afrique<\/p>\n","protected":false},"excerpt":{"rendered":"<p>Comment les m\u00e9dias ivoiriens couvriront la coupe du monde au Qatar et r\u00e9v\u00e9lations sur le cas du S\u00e9n\u00e9gal. \u00c9tat des lieux avec des des acteurs de m\u00e9dias et des associations aussi bien en C\u00f4te d&#8217;Ivoire non qualifi\u00e9e pour cette 22 \u00e8me \u00e9dition , qu&#8217;au S\u00e9n\u00e9gal figurant parmi les 5 pays africains qualifi\u00e9s pour la comp\u00e9tition. [&hellip;]<\/p>\n","protected":false},"author":3,"featured_media":28855,"comment_status":"closed","ping_status":"closed","sticky":false,"template":"","format":"standard","meta":{"_monsterinsights_skip_tracking":false,"_monsterinsights_sitenote_active":false,"_monsterinsights_sitenote_note":"","_monsterinsights_sitenote_category":0,"footnotes":""},"categories":[2,3],"tags":[],"class_list":["post-28854","post","type-post","status-publish","format-standard","has-post-thumbnail","hentry","category-featured","category-societe"],"_links":{"self":[{"href":"https:\/\/www.lintelligentdabidjan.info\/news\/wp-json\/wp\/v2\/posts\/28854","targetHints":{"allow":["GET"]}}],"collection":[{"href":"https:\/\/www.lintelligentdabidjan.info\/news\/wp-json\/wp\/v2\/posts"}],"about":[{"href":"https:\/\/www.lintelligentdabidjan.info\/news\/wp-json\/wp\/v2\/types\/post"}],"author":[{"embeddable":true,"href":"https:\/\/www.lintelligentdabidjan.info\/news\/wp-json\/wp\/v2\/users\/3"}],"replies":[{"embeddable":true,"href":"https:\/\/www.lintelligentdabidjan.info\/news\/wp-json\/wp\/v2\/comments?post=28854"}],"version-history":[{"count":4,"href":"https:\/\/www.lintelligentdabidjan.info\/news\/wp-json\/wp\/v2\/posts\/28854\/revisions"}],"predecessor-version":[{"id":28860,"href":"https:\/\/www.lintelligentdabidjan.info\/news\/wp-json\/wp\/v2\/posts\/28854\/revisions\/28860"}],"wp:featuredmedia":[{"embeddable":true,"href":"https:\/\/www.lintelligentdabidjan.info\/news\/wp-json\/wp\/v2\/media\/28855"}],"wp:attachment":[{"href":"https:\/\/www.lintelligentdabidjan.info\/news\/wp-json\/wp\/v2\/media?parent=28854"}],"wp:term":[{"taxonomy":"category","embeddable":true,"href":"https:\/\/www.lintelligentdabidjan.info\/news\/wp-json\/wp\/v2\/categories?post=28854"},{"taxonomy":"post_tag","embeddable":true,"href":"https:\/\/www.lintelligentdabidjan.info\/news\/wp-json\/wp\/v2\/tags?post=28854"}],"curies":[{"name":"wp","href":"https:\/\/api.w.org\/{rel}","templated":true}]}}