{"id":28892,"date":"2022-10-04T01:35:31","date_gmt":"2022-10-03T23:35:31","guid":{"rendered":"https:\/\/www.lintelligentdabidjan.info\/news\/?p=28892"},"modified":"2022-10-04T01:35:42","modified_gmt":"2022-10-03T23:35:42","slug":"jean-marie-vianney-yameogo-representant-de-loms-en-cote-divoire-dici-2050-les-personnes-agees-de-60-ans-et-plus-seront-plus-nombreuses-que-les-adolescents-et-les-j","status":"publish","type":"post","link":"https:\/\/www.lintelligentdabidjan.info\/news\/jean-marie-vianney-yameogo-representant-de-loms-en-cote-divoire-dici-2050-les-personnes-agees-de-60-ans-et-plus-seront-plus-nombreuses-que-les-adolescents-et-les-j\/","title":{"rendered":"Jean-Marie Vianney Yam\u00e9ogo, repr\u00e9sentant de l\u2019OMS en C\u00f4te d\u2019Ivoire : \u00abD\u2019ici 2050, les personnes \u00e2g\u00e9es de 60 ans et plus seront plus nombreuses que les adolescents et les jeunes de 15 \u00e0 24 ans \u00bb"},"content":{"rendered":"<p><em><strong>Selon Jean-Marie Vianney Yam\u00e9ogo, le repr\u00e9sentant du Bureau de l\u2019OMS en C\u00f4te d\u2019Ivoire, les personnes \u00e2g\u00e9es de 60 ans et plus seront plus nombreuses que les adolescents et les jeunes de 15 \u00e0 24 ans, d\u2019ici 2050.<\/strong><\/em><\/p>\n<p>Le samedi 1er octobre 2022, le bureau de l\u2019Organisation mondiale de la sant\u00e9 (OMS) en C\u00f4te d\u2019Ivoire a c\u00e9l\u00e9br\u00e9 la premi\u00e8re journ\u00e9e internationale des personnes \u00e2g\u00e9es. Une journ\u00e9e institu\u00e9e par l\u2019ONU afin d\u2019inviter les hommes du troisi\u00e8me \u00e2ge \u00e0 rester en bonne sant\u00e9, de sorte \u00e0 augmenter l\u2019exp\u00e9rience de vie. La c\u00e9r\u00e9monie s\u2019est d\u00e9roul\u00e9e au si\u00e8ge de l\u2019organisation \u00e0 Cocody II-Plateaux-Aghien.<\/p>\n<p>Mais d\u00e9j\u00e0, Jean-Marie Vianney Yam\u00e9ogo, repr\u00e9sentant de l\u2019OMS en C\u00f4te d\u2019Ivoire, s\u2019est r\u00e9joui de l\u2019augmentation de l\u2019esp\u00e9rance de vie dans le monde. \u00ab Le nombre de personnes \u00e2g\u00e9es de 60 ans et plus, d\u00e9passe d\u00e9sormais celui des enfants de moins de 5 ans. D\u2019ici 2050, les personnes \u00e2g\u00e9es de 60 ans et plus seront plus nombreuses que les adolescents et les jeunes \u00e2g\u00e9s de 15 \u00e0 24 ans.  Environ 65% de ces personnes \u00e2g\u00e9es vivront dans les pays \u00e0 revenus interm\u00e9diaires ou faibles \u00bb, a-t-il fait savoir.<br \/>\n<strong><br \/>\n\u00ab Il faut prendre de l\u2019\u00e2ge en restant en bonne sant\u00e9 \u00bb<\/strong><\/p>\n<p>Jean-Marie Vianney Yam\u00e9ogo a ajout\u00e9 qu&#8217;en Afrique, l\u2019esp\u00e9rance de vie est de 56 ans. Et qu\u2019elle a augment\u00e9 de 10 ans en moyenne, par personne, entre 2000 et 2019. Une augmentation qu\u2019il dit sup\u00e9rieure \u00e0 celles constat\u00e9e dans les autres r\u00e9gions du monde. Cette \u00e9dition de la journ\u00e9e internationale des personnes \u00e2g\u00e9es est la premi\u00e8re de la d\u00e9cennie dite \u201cd\u00e9cennie des personnes \u00e2g\u00e9es\u201d. Elle sera c\u00e9l\u00e9br\u00e9e chaque 1er octobre de l\u2019ann\u00e9e jusqu\u2019en 2030.  \u00ab Les Nations unies ont d\u00e9clar\u00e9 la d\u00e9cennie 2021-2030 comme \u00e9tant la d\u00e9cennie du vieillissement en bonne sant\u00e9. Il faut prendre de l\u2019\u00e2ge en restant en bonne sant\u00e9. C\u2019est ce que nous c\u00e9l\u00e9brons aujourd\u2019hui. L\u2019Assembl\u00e9e g\u00e9n\u00e9rale de l\u2019ONU a demand\u00e9 \u00e0 l\u2019OMS de conduire cette d\u00e9cennie. Voil\u00e0 pourquoi, nous sommes l\u00e0 \u00bb, a expliqu\u00e9 Jean-Marie Vianney Yam\u00e9ogo. Environ 150 personnes \u00e2g\u00e9es de plus de 60 ans ont \u00e9t\u00e9 convi\u00e9es \u00e0 la c\u00e9r\u00e9monie qui s\u2019est voulue conviviale. Elles sont venues de plusieurs Associations de retrait\u00e9s de la commune de Cocody.  La c\u00e9r\u00e9monie a \u00e9t\u00e9 une occasion de t\u00e9moignages, de danses. Elles ont eu droit \u00e0 un repas fraternel offert par l\u2019OMS.<\/p>\n<p><strong>J-H Koffo<\/strong><\/p>\n","protected":false},"excerpt":{"rendered":"<p>Selon Jean-Marie Vianney Yam\u00e9ogo, le repr\u00e9sentant du Bureau de l\u2019OMS en C\u00f4te d\u2019Ivoire, les personnes \u00e2g\u00e9es de 60 ans et plus seront plus nombreuses que les adolescents et les jeunes de 15 \u00e0 24 ans, d\u2019ici 2050. Le samedi 1er octobre 2022, le bureau de l\u2019Organisation mondiale de la sant\u00e9 (OMS) en C\u00f4te d\u2019Ivoire a [&hellip;]<\/p>\n","protected":false},"author":3,"featured_media":28893,"comment_status":"closed","ping_status":"closed","sticky":false,"template":"","format":"standard","meta":{"_monsterinsights_skip_tracking":false,"_monsterinsights_sitenote_active":false,"_monsterinsights_sitenote_note":"","_monsterinsights_sitenote_category":0,"footnotes":""},"categories":[2,3],"tags":[77,1452,1453],"class_list":["post-28892","post","type-post","status-publish","format-standard","has-post-thumbnail","hentry","category-featured","category-societe","tag-cote-divoire","tag-jean-marie-vianney-yameogo","tag-oms"],"_links":{"self":[{"href":"https:\/\/www.lintelligentdabidjan.info\/news\/wp-json\/wp\/v2\/posts\/28892","targetHints":{"allow":["GET"]}}],"collection":[{"href":"https:\/\/www.lintelligentdabidjan.info\/news\/wp-json\/wp\/v2\/posts"}],"about":[{"href":"https:\/\/www.lintelligentdabidjan.info\/news\/wp-json\/wp\/v2\/types\/post"}],"author":[{"embeddable":true,"href":"https:\/\/www.lintelligentdabidjan.info\/news\/wp-json\/wp\/v2\/users\/3"}],"replies":[{"embeddable":true,"href":"https:\/\/www.lintelligentdabidjan.info\/news\/wp-json\/wp\/v2\/comments?post=28892"}],"version-history":[{"count":1,"href":"https:\/\/www.lintelligentdabidjan.info\/news\/wp-json\/wp\/v2\/posts\/28892\/revisions"}],"predecessor-version":[{"id":28894,"href":"https:\/\/www.lintelligentdabidjan.info\/news\/wp-json\/wp\/v2\/posts\/28892\/revisions\/28894"}],"wp:featuredmedia":[{"embeddable":true,"href":"https:\/\/www.lintelligentdabidjan.info\/news\/wp-json\/wp\/v2\/media\/28893"}],"wp:attachment":[{"href":"https:\/\/www.lintelligentdabidjan.info\/news\/wp-json\/wp\/v2\/media?parent=28892"}],"wp:term":[{"taxonomy":"category","embeddable":true,"href":"https:\/\/www.lintelligentdabidjan.info\/news\/wp-json\/wp\/v2\/categories?post=28892"},{"taxonomy":"post_tag","embeddable":true,"href":"https:\/\/www.lintelligentdabidjan.info\/news\/wp-json\/wp\/v2\/tags?post=28892"}],"curies":[{"name":"wp","href":"https:\/\/api.w.org\/{rel}","templated":true}]}}