{"id":2917,"date":"2017-02-20T10:20:50","date_gmt":"2017-02-20T09:20:50","guid":{"rendered":"http:\/\/www.lintelligentdabidjan.info\/news\/?p=2917"},"modified":"2017-02-20T10:20:50","modified_gmt":"2017-02-20T09:20:50","slug":"cote-divoire-situation-socio-politique-sylvain-takoue-leader-de-gauche-et-ses-camarades-preparent-un-conclave-de-lopposition","status":"publish","type":"post","link":"https:\/\/www.lintelligentdabidjan.info\/news\/cote-divoire-situation-socio-politique-sylvain-takoue-leader-de-gauche-et-ses-camarades-preparent-un-conclave-de-lopposition\/","title":{"rendered":"C\u00f4te d\u2019Ivoire : Situation socio-politique  Sylvain Takou\u00e9 (leader de gauche) et ses camarades pr\u00e9parent un conclave de l\u2019opposition"},"content":{"rendered":"<p>Le leader de gauche, Sylvain Takou\u00e9, par ailleurs candidat d\u00e9clar\u00e9 \u00e0 la pr\u00e9sidentielle 2020, pr\u00e9pare activement un important conclave de l\u2019opposition ivoirienne pour que celle-ci, de son avis, \u00ab parle d\u2019une m\u00eame voix et propose un plan s\u00e9rieux de pacification du pays \u00bb.<!--more--> Et cela, au regard de la pr\u00e9occupante situation socio-politique de la C\u00f4te d\u2019Ivoire qui interpelle tant la communaut\u00e9 nationale qu\u2019internationale. Il \u00e9tait, \u00e0 cet effet, en concertation avec ses camarades de lutte, dans le cadre d\u2019une rencontre de r\u00e9flexion tenue, le samedi 18 f\u00e9vrier 2017, dans un caf\u00e9-restaurant d\u2019Angr\u00e9, \u00e0 Cocody. \u00ab Face \u00e0 ce qui se passe de dramatique aujourd\u2019hui en C\u00f4te d\u2019Ivoire, je veux parler de la grave crise de soci\u00e9t\u00e9 qui t\u00e9tanise le pays \u00e0 des niveaux n\u00e9vralgiques, crise qui r\u00e9sulte de la mal-gouvernance d\u2019Etat qui pr\u00e9vaut, il faut imm\u00e9diatement r\u00e9fl\u00e9chir \u00e0 une alternative s\u00e9rieuse conciliante pour donner une chance \u00e0 la paix\u00bb, a \u00e9voqu\u00e9 le leader de gauche. Avant de pr\u00e9ciser qu\u2019 \u00ab il est temps de passer, purement et simplement, \u00e0 une transition politique en C\u00f4te d\u2019Ivoire, au regard m\u00eame du r\u00e9cent rapport alarmant dress\u00e9 par des parlementaires fran\u00e7ais sur la situation socio-politique du pays \u00bb. Pour Sylvain Takou\u00e9, \u00ab la transition politique que nous proposons exigera que toutes les forces vives du pays soient appel\u00e9es \u00e0 travailler ensemble, et en bonne intelligence, aux vrais probl\u00e8mes de fond que sont la r\u00e9conciliation nationale, la situation des prisonniers politiques et des exil\u00e9s, l\u2019acceptation d\u2019une constitution consensuelle, le retour \u00e0 la d\u00e9mocratie, etc. \u00bb. Des questions capitales pour lesquelles l\u2019opposition ivoirienne doit, selon le leader de gauche, se rassembler pour exiger la mise en place d\u2019une transition politique \u00e0 m\u00eame de vider ces contentieux de soci\u00e9t\u00e9 qui constituent, \u00e0 ses yeux, des pr\u00e9alables et des blocages \u00e0 la coexistence pacifique en C\u00f4te d\u2019Ivoire. D\u2019o\u00f9, pour Sylvain Takou\u00e9, la n\u00e9cessit\u00e9 et l\u2019urgence d\u2019un conclave auquel il appelle tr\u00e8s bient\u00f4t toutes les forces politiques de l\u2019opposition.<\/p>\n<p>La Cellule de Communication<\/p>\n","protected":false},"excerpt":{"rendered":"<p>Le leader de gauche, Sylvain Takou\u00e9, par ailleurs candidat d\u00e9clar\u00e9 \u00e0 la pr\u00e9sidentielle 2020, pr\u00e9pare activement un important conclave de l\u2019opposition ivoirienne pour que celle-ci, de son avis, \u00ab parle d\u2019une m\u00eame voix et propose un plan s\u00e9rieux de pacification du pays \u00bb.<\/p>\n","protected":false},"author":2,"featured_media":2918,"comment_status":"closed","ping_status":"closed","sticky":false,"template":"","format":"standard","meta":{"_monsterinsights_skip_tracking":false,"_monsterinsights_sitenote_active":false,"_monsterinsights_sitenote_note":"","_monsterinsights_sitenote_category":0,"footnotes":""},"categories":[3],"tags":[],"class_list":["post-2917","post","type-post","status-publish","format-standard","has-post-thumbnail","hentry","category-societe"],"_links":{"self":[{"href":"https:\/\/www.lintelligentdabidjan.info\/news\/wp-json\/wp\/v2\/posts\/2917","targetHints":{"allow":["GET"]}}],"collection":[{"href":"https:\/\/www.lintelligentdabidjan.info\/news\/wp-json\/wp\/v2\/posts"}],"about":[{"href":"https:\/\/www.lintelligentdabidjan.info\/news\/wp-json\/wp\/v2\/types\/post"}],"author":[{"embeddable":true,"href":"https:\/\/www.lintelligentdabidjan.info\/news\/wp-json\/wp\/v2\/users\/2"}],"replies":[{"embeddable":true,"href":"https:\/\/www.lintelligentdabidjan.info\/news\/wp-json\/wp\/v2\/comments?post=2917"}],"version-history":[{"count":1,"href":"https:\/\/www.lintelligentdabidjan.info\/news\/wp-json\/wp\/v2\/posts\/2917\/revisions"}],"predecessor-version":[{"id":2919,"href":"https:\/\/www.lintelligentdabidjan.info\/news\/wp-json\/wp\/v2\/posts\/2917\/revisions\/2919"}],"wp:featuredmedia":[{"embeddable":true,"href":"https:\/\/www.lintelligentdabidjan.info\/news\/wp-json\/wp\/v2\/media\/2918"}],"wp:attachment":[{"href":"https:\/\/www.lintelligentdabidjan.info\/news\/wp-json\/wp\/v2\/media?parent=2917"}],"wp:term":[{"taxonomy":"category","embeddable":true,"href":"https:\/\/www.lintelligentdabidjan.info\/news\/wp-json\/wp\/v2\/categories?post=2917"},{"taxonomy":"post_tag","embeddable":true,"href":"https:\/\/www.lintelligentdabidjan.info\/news\/wp-json\/wp\/v2\/tags?post=2917"}],"curies":[{"name":"wp","href":"https:\/\/api.w.org\/{rel}","templated":true}]}}