{"id":2923,"date":"2017-02-20T10:46:25","date_gmt":"2017-02-20T09:46:25","guid":{"rendered":"http:\/\/www.lintelligentdabidjan.info\/news\/?p=2923"},"modified":"2017-02-20T10:46:57","modified_gmt":"2017-02-20T09:46:57","slug":"kader-ndao-enterre-a-yopougon-pres-de-son-geniteur-concert-et-decoration-prevus","status":"publish","type":"post","link":"https:\/\/www.lintelligentdabidjan.info\/news\/kader-ndao-enterre-a-yopougon-pres-de-son-geniteur-concert-et-decoration-prevus\/","title":{"rendered":"Kader N&#8217;dao enterr\u00e9 \u00e0 Yopougon pr\u00e8s de son g\u00e9niteur  Concert et d\u00e9coration pr\u00e9vus"},"content":{"rendered":"<p>Apr\u00e8s la pri\u00e8re lors de la lev\u00e9e de corps \u00e0 Ivosep \u00e0 Treichville, c\u2019est \u00e0 14 heures 23 minutes, ce samedi 18 f\u00e9vrier 2017, que la d\u00e9pouille mortelle de Kader N\u2019dao, pr\u00e9c\u00e9d\u00e9e d&#8217;un impressionnant cort\u00e8ge, a franchi le principal portail du cimeti\u00e8re municipal de Yopougon.<!--more--><\/p>\n<p>Plusieurs heures auparavant, Simplice, Jules, Olivier\u2026bref, les amis d\u2019enfance de \u2018\u2019Bily\u2019\u2019, au quartier Yopougon Selmer avaient investi les lieux pour dire un dernier au revoir \u00e0 celui qui avait \u00e9t\u00e9 capitaine de leur \u00e9quipe de football.<\/p>\n<p>Cet \u00e9pisode a permis d&#8217;apprendre que Kader N\u2019dao fut un bon joueur de football. Il a \u00e9t\u00e9 capitaine de l\u2019\u00e9quipe junior du stade d\u2019Abidjan compos\u00e9e \u00e0 l\u2019\u00e9poque de Ti\u00e9hi Jo\u00ebl, Omar Ben Salah.<\/p>\n<p>Au cimeti\u00e8re, \u00e0 la suite d\u2019un bref pr\u00eache de l\u2019imam, Kader N\u2019dao, 55 ans, a \u00e9t\u00e9 inhum\u00e9 dans la \u2018\u2019douleur\u2019\u2019, en pr\u00e9sence de nombreux coll\u00e8ges, amis et connaissances. La s\u00e9paration a provoqu\u00e9 une vive \u00e9motion dans la foule.<\/p>\n<p>Ironie du sort : l&#8217;homme de m\u00e9dia a \u00e9t\u00e9 enterr\u00e9 \u00e0 presque cinq m\u00e8tres de la tombe son p\u00e8re, N\u2019dao Ibrahima, d\u00e9c\u00e9d\u00e9 en 2002, \u00e0 l\u2019\u00e2ge de 82 ans.<\/p>\n<p>Sur place, Barh\u00e9l\u00e9my Inabo, le pr\u00e9sident du comit\u00e9 d\u2019organisation de ces obs\u00e8ques a dit : \u2018\u2019Je tiens \u00e0 vous annoncer que dans un mois, un concert g\u00e9ant en hommage \u00e0 Kader N\u2019dao sera organis\u00e9 au palais des sports de Treichville. Les recettes seront enti\u00e8rement revers\u00e9es aux enfants ainsi qu\u2019\u00e0 la m\u00e8re de Kader N\u2019dao &#8220;.<\/p>\n<p>L&#8217;on a \u00e9galement appris que l&#8217;animateur sera d\u00e9cor\u00e9 dans l&#8217;ordre de la communication par le ministre ivoirien en charge de la communication, Bruno Kon\u00e9.<\/p>\n<p>Afrikipresse<\/p>\n","protected":false},"excerpt":{"rendered":"<p>Apr\u00e8s la pri\u00e8re lors de la lev\u00e9e de corps \u00e0 Ivosep \u00e0 Treichville, c\u2019est \u00e0 14 heures 23 minutes, ce samedi 18 f\u00e9vrier 2017, que la d\u00e9pouille mortelle de Kader N\u2019dao, pr\u00e9c\u00e9d\u00e9e d&#8217;un impressionnant cort\u00e8ge, a franchi le principal portail du cimeti\u00e8re municipal de Yopougon.<\/p>\n","protected":false},"author":2,"featured_media":2924,"comment_status":"closed","ping_status":"closed","sticky":false,"template":"","format":"standard","meta":{"_monsterinsights_skip_tracking":false,"_monsterinsights_sitenote_active":false,"_monsterinsights_sitenote_note":"","_monsterinsights_sitenote_category":0,"footnotes":""},"categories":[2,3],"tags":[],"class_list":["post-2923","post","type-post","status-publish","format-standard","has-post-thumbnail","hentry","category-featured","category-societe"],"_links":{"self":[{"href":"https:\/\/www.lintelligentdabidjan.info\/news\/wp-json\/wp\/v2\/posts\/2923","targetHints":{"allow":["GET"]}}],"collection":[{"href":"https:\/\/www.lintelligentdabidjan.info\/news\/wp-json\/wp\/v2\/posts"}],"about":[{"href":"https:\/\/www.lintelligentdabidjan.info\/news\/wp-json\/wp\/v2\/types\/post"}],"author":[{"embeddable":true,"href":"https:\/\/www.lintelligentdabidjan.info\/news\/wp-json\/wp\/v2\/users\/2"}],"replies":[{"embeddable":true,"href":"https:\/\/www.lintelligentdabidjan.info\/news\/wp-json\/wp\/v2\/comments?post=2923"}],"version-history":[{"count":1,"href":"https:\/\/www.lintelligentdabidjan.info\/news\/wp-json\/wp\/v2\/posts\/2923\/revisions"}],"predecessor-version":[{"id":2925,"href":"https:\/\/www.lintelligentdabidjan.info\/news\/wp-json\/wp\/v2\/posts\/2923\/revisions\/2925"}],"wp:featuredmedia":[{"embeddable":true,"href":"https:\/\/www.lintelligentdabidjan.info\/news\/wp-json\/wp\/v2\/media\/2924"}],"wp:attachment":[{"href":"https:\/\/www.lintelligentdabidjan.info\/news\/wp-json\/wp\/v2\/media?parent=2923"}],"wp:term":[{"taxonomy":"category","embeddable":true,"href":"https:\/\/www.lintelligentdabidjan.info\/news\/wp-json\/wp\/v2\/categories?post=2923"},{"taxonomy":"post_tag","embeddable":true,"href":"https:\/\/www.lintelligentdabidjan.info\/news\/wp-json\/wp\/v2\/tags?post=2923"}],"curies":[{"name":"wp","href":"https:\/\/api.w.org\/{rel}","templated":true}]}}