{"id":29322,"date":"2022-11-22T23:51:06","date_gmt":"2022-11-22T22:51:06","guid":{"rendered":"https:\/\/www.lintelligentdabidjan.info\/news\/?p=29322"},"modified":"2022-11-23T00:02:46","modified_gmt":"2022-11-22T23:02:46","slug":"ministere-de-la-promotion-de-la-jeunesse-de-linsertion-professionnelle-et-du-service-civique-les-structures-et-leurs-missions-expliquees-aux-medias","status":"publish","type":"post","link":"https:\/\/www.lintelligentdabidjan.info\/news\/ministere-de-la-promotion-de-la-jeunesse-de-linsertion-professionnelle-et-du-service-civique-les-structures-et-leurs-missions-expliquees-aux-medias\/","title":{"rendered":"Minist\u00e8re de la Promotion de la jeunesse, de l&#8217;insertion professionnelle et du service civique- Les structures et leurs missions expliqu\u00e9es aux m\u00e9dias"},"content":{"rendered":"<p><em><strong><a href=\"https:\/\/www.lintelligentdabidjan.info\/news\/promotion-de-la-jeunesse-et-de-lemploi-des-jeunes-la-semaine-nationale-de-la-jeunesse-annoncee-pour-le-10-aout-2020\/\" target=\"_blank\">Le minist\u00e8re de la Promotion de la jeunesse<\/a>, de l&#8217;insertion professionnelle et du service civique a pr\u00e9sent\u00e9 ses structures et leurs missions \u00e0 la presse. <\/strong><\/em><\/p>\n<p>Le vendredi 18 novembre 2020, le minist\u00e8re de la Promotion de la jeunesse, de l&#8217;insertion professionnelle et du service civique, a pr\u00e9sent\u00e9, dans un r\u00e9ceptif h\u00f4telier, \u00e0 Abidjan-Plateau, ses missions et ses structures sous-tutelles aux hommes de m\u00e9dias.<\/p>\n<p>Trois structures sous-tutelles composent le minist\u00e8re de la Promotion de la Jeunesse, de l\u2019Insertion professionnelle et du Service civique. Il s\u2019agit notamment de l\u2019Agence Emploi Jeunes (Aej), du Bureau de Coordination des Programmes Emploi (Bcpe) et de l\u2019Office du <a href=\"https:\/\/www.gouv.ci\/_actualite-article.php?recordID=7365\" target=\"_blank\">Service civique <\/a>national (Oscn), ainsi ses deux directions centrales ( direction de la vie associative et la direction du civisme et de la citoyennet\u00e9). Les responsables desdites structures ont pr\u00e9sent\u00e9 successivement les missions et le r\u00f4le de leurs d\u00e9partements. Hermann Toualy, coordonnateur du bureau de coordination des programmes emplois a indiqu\u00e9 que \u00ab le Bcpe a deux domaines d&#8217;intervention que sont l&#8217;emploi et la formation \u00bb. Poursuivant, il a fait savoir que le Bcpe a pour missions de renforcer les capacit\u00e9s des acteurs du secteur formation et d&#8217;\u00eatre une force de proposition des politiques publiques. Quant \u00e0 Clarisse Kpani, conseill\u00e8re en insertion professionnelle, elle a soulign\u00e9 que l&#8217;Agence emploi jeune est le guichet unique de l&#8217;emploi en C\u00f4te d&#8217;Ivoire. Elle a \u00ab pour missions d&#8217;assurer l&#8217;interm\u00e9diation entre les entreprises et les demandeurs d&#8217;emplois et de mettre en \u0153uvre la politique de l&#8217;emploi en C\u00f4te d&#8217;Ivoire \u00bb. En ce qui concerne, l\u2019Office du service civique national, le directeur de cette structure, Tour\u00e9 Mamadou a pr\u00e9sent\u00e9 son institution qui ambitionne le passage \u00e0 \u00e9chelle de tous les outils du service civique. \u00ab Dans le service civique, nous mettons trois outils \u00e0 savoir la prise en charge des jeunes vuln\u00e9rables et en voie de marginalisation, le service national des jeunes pour renforcer le civisme ainsi que le volontariat et le b\u00e9n\u00e9volat \u00bb, a-t-il indiqu\u00e9. Il a annonc\u00e9 que l\u2019Etat pr\u00e9voit de construire, d\u2019ici \u00e0 2025, 14 centres du service civique dans les 14 districts autonomes et chaque centre pourra recevoir 1000 jeunes par an. Cette session de formation a \u00e9t\u00e9 pr\u00e9sid\u00e9e par Lacin\u00e9 Diomand\u00e9, directeur de cabinet adjoint du ministre de la Promotion de la jeunesse, de l&#8217;insertion professionnelle et du service civique Mamadou Tour\u00e9 .<br \/>\n<strong><br \/>\nMamadou Ouattara avec L.Abdul<\/strong><\/p>\n","protected":false},"excerpt":{"rendered":"<p>Le minist\u00e8re de la Promotion de la jeunesse, de l&#8217;insertion professionnelle et du service civique a pr\u00e9sent\u00e9 ses structures et leurs missions \u00e0 la presse. Le vendredi 18 novembre 2020, le minist\u00e8re de la Promotion de la jeunesse, de l&#8217;insertion professionnelle et du service civique, a pr\u00e9sent\u00e9, dans un r\u00e9ceptif h\u00f4telier, \u00e0 Abidjan-Plateau, ses missions [&hellip;]<\/p>\n","protected":false},"author":3,"featured_media":29323,"comment_status":"closed","ping_status":"closed","sticky":false,"template":"","format":"standard","meta":{"_monsterinsights_skip_tracking":false,"_monsterinsights_sitenote_active":false,"_monsterinsights_sitenote_note":"","_monsterinsights_sitenote_category":0,"footnotes":""},"categories":[2,3],"tags":[1520,691,536,1521],"class_list":["post-29322","post","type-post","status-publish","format-standard","has-post-thumbnail","hentry","category-featured","category-societe","tag-insertion","tag-jeunesse","tag-medias","tag-service-civique"],"_links":{"self":[{"href":"https:\/\/www.lintelligentdabidjan.info\/news\/wp-json\/wp\/v2\/posts\/29322","targetHints":{"allow":["GET"]}}],"collection":[{"href":"https:\/\/www.lintelligentdabidjan.info\/news\/wp-json\/wp\/v2\/posts"}],"about":[{"href":"https:\/\/www.lintelligentdabidjan.info\/news\/wp-json\/wp\/v2\/types\/post"}],"author":[{"embeddable":true,"href":"https:\/\/www.lintelligentdabidjan.info\/news\/wp-json\/wp\/v2\/users\/3"}],"replies":[{"embeddable":true,"href":"https:\/\/www.lintelligentdabidjan.info\/news\/wp-json\/wp\/v2\/comments?post=29322"}],"version-history":[{"count":3,"href":"https:\/\/www.lintelligentdabidjan.info\/news\/wp-json\/wp\/v2\/posts\/29322\/revisions"}],"predecessor-version":[{"id":29326,"href":"https:\/\/www.lintelligentdabidjan.info\/news\/wp-json\/wp\/v2\/posts\/29322\/revisions\/29326"}],"wp:featuredmedia":[{"embeddable":true,"href":"https:\/\/www.lintelligentdabidjan.info\/news\/wp-json\/wp\/v2\/media\/29323"}],"wp:attachment":[{"href":"https:\/\/www.lintelligentdabidjan.info\/news\/wp-json\/wp\/v2\/media?parent=29322"}],"wp:term":[{"taxonomy":"category","embeddable":true,"href":"https:\/\/www.lintelligentdabidjan.info\/news\/wp-json\/wp\/v2\/categories?post=29322"},{"taxonomy":"post_tag","embeddable":true,"href":"https:\/\/www.lintelligentdabidjan.info\/news\/wp-json\/wp\/v2\/tags?post=29322"}],"curies":[{"name":"wp","href":"https:\/\/api.w.org\/{rel}","templated":true}]}}