{"id":2933,"date":"2017-02-21T21:06:21","date_gmt":"2017-02-21T20:06:21","guid":{"rendered":"http:\/\/www.lintelligentdabidjan.info\/news\/?p=2933"},"modified":"2017-02-21T21:06:21","modified_gmt":"2017-02-21T20:06:21","slug":"huit-mois-apres-quel-sort-pour-les-deguerpis-du-mont-peko","status":"publish","type":"post","link":"https:\/\/www.lintelligentdabidjan.info\/news\/huit-mois-apres-quel-sort-pour-les-deguerpis-du-mont-peko\/","title":{"rendered":"Huit mois apr\u00e8s : Quel sort pour les d\u00e9guerpis du Mont P\u00e9ko"},"content":{"rendered":"<p>Huit mois apr\u00e8s le d\u00e9guerpissement des populations du parc national du Mont Peko, quelle est la situation sur le terrain ? Comment vivent les populations d\u00e9guerpies ?<!--more--><\/p>\n<p>Quel est le niveau de cohabitation et d\u2019int\u00e9gration des populations \u00e9vacu\u00e9es dans les villages et campements d\u2019accueil ? \u00c0 toutes ces interrogations, la mission conjointe compos\u00e9e d\u2019experts Ivoiro-burkinab\u00e8 qui a s\u00e9journ\u00e9 dans la r\u00e9gion du Gu\u00e9mon du 13 au 19 f\u00e9vrier 2017 a tent\u00e9 d\u2019apporter des r\u00e9ponses dans son rapport de fin de mission.<\/p>\n<p>La pr\u00e9sentation officielle du rapport a eu lieu le dimanche 19 f\u00e9vrier 2017 \u00e0 la salle de conf\u00e9rence de la Mairie de Duekou\u00e9 , en pr\u00e9sence du professeur Mariatou Kon\u00e9, Ministre de la femme, de la protection de l\u2019enfant et de la solidarit\u00e9 , l\u2019ensemble des membres du corps pr\u00e9fectoral de la r\u00e9gion du Guemon ainsi de nombreux chefs traditionnels.<\/p>\n<p>Les experts par la voix de Michel Seka, recommandent entre autres aux Gouvernements Ivoiriens et Burkinab\u00e8, la mobilisation des ressources ad\u00e9quates pour le retour volontaire et la r\u00e9insertion dans les meilleurs d\u00e9lais; la mobilisation des ressources ad\u00e9quates pour l\u2019assistance alimentaire et l\u2019acc\u00e8s aux services sociaux de bases (eau, assainissement, hygi\u00e8ne, sant\u00e9, \u00e9ducation, nutrition etc.) ; l\u2019organisation des audiences foraines pour la d\u00e9livrance des documents d\u2019\u00e9tat civil et administratifs. Ce n\u2019est pas tout. Ces experts encouragent \u00e9galement les deux gouvernements \u00e0 veiller au fonctionnement r\u00e9gulier des organes de suivi de l\u2019\u00e9vacuation du parc (comit\u00e9 mixte ivoiro burkinab\u00e8, comit\u00e9 de gestion local. Se f\u00e9licitant de la qualit\u00e9 du rapport, la Ministre de la femme, de la protection de l\u2019enfant et de la solidarit\u00e9 a traduit ses remerciements \u00e0 tous les acteurs pour la conduite de cette op\u00e9ration dans un esprit apais\u00e9 : \u2018\u2019 Je voudrais f\u00e9liciter et remercier tous les acteurs impliqu\u00e9s dans l\u2019\u00e9vacuation du Mont Peko particuli\u00e8rement nos fr\u00e8res ex-infiltr\u00e9s. La date butoir d\u2019\u00e9vacuation \u00e9tait fix\u00e9e au 31 juillet 2016. Mais d\u00e9j\u00e0 le 30, les populations sont sorties volontairement parce qu\u2019elles ont compris l\u2019int\u00e9r\u00eat de cette op\u00e9ration qui d\u2019ailleurs n\u2019a enregistr\u00e9 aucune violence. Je tiens sinc\u00e8rement \u00e0 les f\u00e9liciter\u2019\u2019 .\u00a0 Elle a poursuivi\u00a0 : \u2018\u2019 Les conclusions de ce rapport vont servir pour les d\u00e9cisions \u00e0 prendre pour la pr\u00e9servation du Mont Peko, patrimoine \u00e9cologique de notre pays. Je vous donne l\u2019assurance de soumettre ce rapport au gouvernement ivoirien en liaison avec son homologue du Bukina\u2019\u2019. \u00c0 la t\u00eate de la d\u00e9l\u00e9gation d\u2019experts burkinab\u00e9s, le consul du Burkina, Maxime Yabre pour sa part s\u2019est r\u00e9joui de la bonne cohabitation entre les ex-infiltr\u00e9s compos\u00e9s pour la plupart de ressortissants du Burkina Faso et les populations d\u2019accueil. \u2018\u2019 Je tiens aussi \u00e0 traduire notre reconnaissance au Gouvernent de C\u00f4te d\u2019Ivoire pour la prise en charge des ex-infiltr\u00e9s sur les tous les plans\u2019\u2019 a-t- il soutenu. Cette mission d\u2019experts ivoiriens et Burkinab\u00e9s dans la r\u00e9gion du Guemon s\u2019inscrit dans le cadre du suivi du trait\u00e9 d\u2019amiti\u00e9 et de coop\u00e9ration Ivoiro-Burkinab\u00e9 tenu \u00e0 Yamoussoukro en juillet 2016 sur le chapitre relatif \u00e0 l\u2019\u00e9vacuation du parc national du Mont Peko. Les Chefs d\u2019\u00c9tats de la C\u00f4te d\u2019Ivoire et du Burkina Faso avaient d\u00e9cid\u00e9 \u00e0 cette rencontre, de la mise en place dans les meilleurs d\u00e9lais, d\u2019un comit\u00e9 mixte Ivoiro-Burkinab\u00e8 de suivi de la situation post \u00e9vacuation afin d\u2019\u00e9valuer les besoins des personnes d\u00e9guerpies et renforcer les services sociaux de base.<\/p>\n<p>T.A.B avec Sercom<\/p>\n","protected":false},"excerpt":{"rendered":"<p>Huit mois apr\u00e8s le d\u00e9guerpissement des populations du parc national du Mont Peko, quelle est la situation sur le terrain ? Comment vivent les populations d\u00e9guerpies ?<\/p>\n","protected":false},"author":2,"featured_media":2934,"comment_status":"closed","ping_status":"closed","sticky":false,"template":"","format":"standard","meta":{"_monsterinsights_skip_tracking":false,"_monsterinsights_sitenote_active":false,"_monsterinsights_sitenote_note":"","_monsterinsights_sitenote_category":0,"footnotes":""},"categories":[3],"tags":[],"class_list":["post-2933","post","type-post","status-publish","format-standard","has-post-thumbnail","hentry","category-societe"],"_links":{"self":[{"href":"https:\/\/www.lintelligentdabidjan.info\/news\/wp-json\/wp\/v2\/posts\/2933","targetHints":{"allow":["GET"]}}],"collection":[{"href":"https:\/\/www.lintelligentdabidjan.info\/news\/wp-json\/wp\/v2\/posts"}],"about":[{"href":"https:\/\/www.lintelligentdabidjan.info\/news\/wp-json\/wp\/v2\/types\/post"}],"author":[{"embeddable":true,"href":"https:\/\/www.lintelligentdabidjan.info\/news\/wp-json\/wp\/v2\/users\/2"}],"replies":[{"embeddable":true,"href":"https:\/\/www.lintelligentdabidjan.info\/news\/wp-json\/wp\/v2\/comments?post=2933"}],"version-history":[{"count":1,"href":"https:\/\/www.lintelligentdabidjan.info\/news\/wp-json\/wp\/v2\/posts\/2933\/revisions"}],"predecessor-version":[{"id":2935,"href":"https:\/\/www.lintelligentdabidjan.info\/news\/wp-json\/wp\/v2\/posts\/2933\/revisions\/2935"}],"wp:featuredmedia":[{"embeddable":true,"href":"https:\/\/www.lintelligentdabidjan.info\/news\/wp-json\/wp\/v2\/media\/2934"}],"wp:attachment":[{"href":"https:\/\/www.lintelligentdabidjan.info\/news\/wp-json\/wp\/v2\/media?parent=2933"}],"wp:term":[{"taxonomy":"category","embeddable":true,"href":"https:\/\/www.lintelligentdabidjan.info\/news\/wp-json\/wp\/v2\/categories?post=2933"},{"taxonomy":"post_tag","embeddable":true,"href":"https:\/\/www.lintelligentdabidjan.info\/news\/wp-json\/wp\/v2\/tags?post=2933"}],"curies":[{"name":"wp","href":"https:\/\/api.w.org\/{rel}","templated":true}]}}