{"id":2942,"date":"2017-02-22T11:41:24","date_gmt":"2017-02-22T10:41:24","guid":{"rendered":"http:\/\/www.lintelligentdabidjan.info\/news\/?p=2942"},"modified":"2017-02-22T11:41:24","modified_gmt":"2017-02-22T10:41:24","slug":"lutte-contre-le-vih-sida-13-communes-dabidjan-reflechissent-a-lelaboration-de-plans-de-lutte","status":"publish","type":"post","link":"https:\/\/www.lintelligentdabidjan.info\/news\/lutte-contre-le-vih-sida-13-communes-dabidjan-reflechissent-a-lelaboration-de-plans-de-lutte\/","title":{"rendered":"Lutte contre le VIH &#8211; SIDA  13 communes d\u2019Abidjan r\u00e9fl\u00e9chissent \u00e0 l\u2019\u00e9laboration de plans de lutte"},"content":{"rendered":"<p>Un atelier portant sur \u00ab la revue des plans op\u00e9rationnels 2015-2016 des 13 communes du district Autonome d\u2019Abidjan et de planification 2016-2017 \u00bb, se tient du mardi 21 au vendredi 24 f\u00e9vrier 2017 \u00e0 la salle F\u00e9lix Houphou\u00ebt- Boigny du District Autonome d\u2019Abidjan.<!--more--><\/p>\n<p>\u00c0 la c\u00e9r\u00e9monie d\u2019ouverture, madame Coulibaly Ramata, \u00e9pouse Sarrassoro , intervenant au nom de Brigitte Quenum, nouvelle directrice pays ONUSIDA, a soulign\u00e9 que l\u2019initiative villes et VIH\u00a0 \u00ab s\u2019inscrit dans la droite ligne de l\u2019engagement mondial pour la strat\u00e9gie d\u2019acc\u00e9l\u00e9ration de la riposte au sida, pr\u00f4n\u00e9e par l\u2019ONUSIDA, en vue de mettre fin \u00e0 cette \u00e9pid\u00e9mie d\u2019ici \u00e0 2030 \u00bb. Pour la repr\u00e9sentante pays de l\u2019ONUSIDA, les plans op\u00e9rationnels des communes d\u2019Abidjan \u00ab devront traduire la contribution des collectivit\u00e9s territoriales \u00e0 l\u2019atteinte des objectifs du plan strat\u00e9gique national de lutte contre le Sida (PNS) 2016-2020, et se focaliser sur les populations les plus vuln\u00e9rables, tout en d\u00e9veloppant des strat\u00e9gies d\u2019intervention et de mobilisation des ressources \u00bb. Y\u00e9o Klotioloma, vice-gouverneur, repr\u00e9sentant Robert Beugr\u00e9 Mambe a traduit la volont\u00e9 du district dans la lutte contre le VIH-Sida : \u00ab Cette activit\u00e9 comme vous le savez, s\u2019inscrit dans le cadre de l\u2019op\u00e9rationnalisation de la d\u00e9claration de Paris du 1er d\u00e9cembre 2014 visant \u00e0 mettre fin \u00e0 l\u2019\u00e9pid\u00e9mie du VIH-sida d\u2019ici \u00e0 2030 avec des cibles interm\u00e9diaires d\u2019ici \u00e0 2020. Elle vise \u00e9galement la r\u00e9duction de nouvelles infections \u00e0 VIH et une tol\u00e9rance z\u00e9ro contre la discrimination. La mat\u00e9rialisation de l\u2019engagement du gouverneur Robert Beugr\u00e9 Mamb\u00e9 et de ses pairs administrateurs des collectivit\u00e9s locales \u00e0 cette d\u00e9claration s\u2019est traduite par l\u2019\u00e9laboration de plans op\u00e9rationnels des 13 communes d\u2019Abidjan et de 3 communes de l\u2019int\u00e9rieur en 2015 \u00bb.<\/p>\n<p>EF<\/p>\n","protected":false},"excerpt":{"rendered":"<p>Un atelier portant sur \u00ab la revue des plans op\u00e9rationnels 2015-2016 des 13 communes du district Autonome d\u2019Abidjan et de planification 2016-2017 \u00bb, se tient du mardi 21 au vendredi 24 f\u00e9vrier 2017 \u00e0 la salle F\u00e9lix Houphou\u00ebt- Boigny du District Autonome d\u2019Abidjan.<\/p>\n","protected":false},"author":2,"featured_media":2943,"comment_status":"closed","ping_status":"closed","sticky":false,"template":"","format":"standard","meta":{"_monsterinsights_skip_tracking":false,"_monsterinsights_sitenote_active":false,"_monsterinsights_sitenote_note":"","_monsterinsights_sitenote_category":0,"footnotes":""},"categories":[3],"tags":[],"class_list":["post-2942","post","type-post","status-publish","format-standard","has-post-thumbnail","hentry","category-societe"],"_links":{"self":[{"href":"https:\/\/www.lintelligentdabidjan.info\/news\/wp-json\/wp\/v2\/posts\/2942","targetHints":{"allow":["GET"]}}],"collection":[{"href":"https:\/\/www.lintelligentdabidjan.info\/news\/wp-json\/wp\/v2\/posts"}],"about":[{"href":"https:\/\/www.lintelligentdabidjan.info\/news\/wp-json\/wp\/v2\/types\/post"}],"author":[{"embeddable":true,"href":"https:\/\/www.lintelligentdabidjan.info\/news\/wp-json\/wp\/v2\/users\/2"}],"replies":[{"embeddable":true,"href":"https:\/\/www.lintelligentdabidjan.info\/news\/wp-json\/wp\/v2\/comments?post=2942"}],"version-history":[{"count":1,"href":"https:\/\/www.lintelligentdabidjan.info\/news\/wp-json\/wp\/v2\/posts\/2942\/revisions"}],"predecessor-version":[{"id":2944,"href":"https:\/\/www.lintelligentdabidjan.info\/news\/wp-json\/wp\/v2\/posts\/2942\/revisions\/2944"}],"wp:featuredmedia":[{"embeddable":true,"href":"https:\/\/www.lintelligentdabidjan.info\/news\/wp-json\/wp\/v2\/media\/2943"}],"wp:attachment":[{"href":"https:\/\/www.lintelligentdabidjan.info\/news\/wp-json\/wp\/v2\/media?parent=2942"}],"wp:term":[{"taxonomy":"category","embeddable":true,"href":"https:\/\/www.lintelligentdabidjan.info\/news\/wp-json\/wp\/v2\/categories?post=2942"},{"taxonomy":"post_tag","embeddable":true,"href":"https:\/\/www.lintelligentdabidjan.info\/news\/wp-json\/wp\/v2\/tags?post=2942"}],"curies":[{"name":"wp","href":"https:\/\/api.w.org\/{rel}","templated":true}]}}