{"id":2945,"date":"2017-02-22T12:17:42","date_gmt":"2017-02-22T11:17:42","guid":{"rendered":"http:\/\/www.lintelligentdabidjan.info\/news\/?p=2945"},"modified":"2017-02-22T12:17:42","modified_gmt":"2017-02-22T11:17:42","slug":"agboville-des-eleves-montent-un-groupe-dauto-defense-pour-proteger-leur-droit-a-leducation","status":"publish","type":"post","link":"https:\/\/www.lintelligentdabidjan.info\/news\/agboville-des-eleves-montent-un-groupe-dauto-defense-pour-proteger-leur-droit-a-leducation\/","title":{"rendered":"Agboville  Des \u00e9l\u00e8ves montent un groupe d&#8217;auto-d\u00e9fense pour prot\u00e9ger leur droit \u00e0 l&#8217;\u00e9ducation"},"content":{"rendered":"<p>\u00c0 Agboville, le Mardi 21 F\u00e9vrier 2017 \u00e0 08h du matin, des membres d&#8217;un groupe nomm\u00e9 Conseil de S\u00e9curit\u00e9 et de D\u00e9fense du Lyc\u00e9e Moderne I et II et un des d\u00e9l\u00e9gu\u00e9s du Lyc\u00e9e Eyemond d\u2019Agboville, se sont rendus \u00e0 la pr\u00e9fecture pour y rencontrer le Pr\u00e9fet Tour\u00e9 L\u00e9on.<!--more--><\/p>\n<p>Il s&#8217;agissait de lui faire part de leur pr\u00e9occupation majeure, \u00e0 savoir la reprise des cours dans les diff\u00e9rents \u00e9tablissements de la ville.<\/p>\n<p>Le porte-parole Arriko Sost\u00e8ne a dit : \u00ab Nous voulons aller \u00e0 l\u2019\u00e9cole, nous sommes plus que quiconque soucieux et conscients de notre avenir scolaire. Des individus se r\u00e9clamant de la FESCI perturbent les cours, sifflet dans la bouche, ils s\u00e8ment la terreur dans nos \u00e9tablissements de la ville\u00bb.<\/p>\n<p>Au nom des autres membres du CSD, et des \u00e9l\u00e8ves de la ville voulant aller \u00e0 l&#8217;\u00e9cole, il a demand\u00e9 au pr\u00e9fet que les cours soient s\u00e9curis\u00e9s dans les diff\u00e9rents \u00e9tablissements.<\/p>\n<p>En retour Tour\u00e9 L\u00e9on a rassur\u00e9 les \u00e9l\u00e8ves : \u00ab D\u00e8s l\u2019instant, je rencontrerai la Directrice de la DREN et des Professeurs \u00e0 l\u2019effet de la reprise des cours \u00e0 Agboville. Pour votre s\u00e9curit\u00e9 dans ses \u00e9coles, la gendarmerie et la police feront leurs devoirs \u00bb.<\/p>\n<p>Consty<\/p>\n","protected":false},"excerpt":{"rendered":"<p>\u00c0 Agboville, le Mardi 21 F\u00e9vrier 2017 \u00e0 08h du matin, des membres d&#8217;un groupe nomm\u00e9 Conseil de S\u00e9curit\u00e9 et de D\u00e9fense du Lyc\u00e9e Moderne I et II et un des d\u00e9l\u00e9gu\u00e9s du Lyc\u00e9e Eyemond d\u2019Agboville, se sont rendus \u00e0 la pr\u00e9fecture pour y rencontrer le Pr\u00e9fet Tour\u00e9 L\u00e9on.<\/p>\n","protected":false},"author":2,"featured_media":2946,"comment_status":"closed","ping_status":"closed","sticky":false,"template":"","format":"standard","meta":{"_monsterinsights_skip_tracking":false,"_monsterinsights_sitenote_active":false,"_monsterinsights_sitenote_note":"","_monsterinsights_sitenote_category":0,"footnotes":""},"categories":[3],"tags":[],"class_list":["post-2945","post","type-post","status-publish","format-standard","has-post-thumbnail","hentry","category-societe"],"_links":{"self":[{"href":"https:\/\/www.lintelligentdabidjan.info\/news\/wp-json\/wp\/v2\/posts\/2945","targetHints":{"allow":["GET"]}}],"collection":[{"href":"https:\/\/www.lintelligentdabidjan.info\/news\/wp-json\/wp\/v2\/posts"}],"about":[{"href":"https:\/\/www.lintelligentdabidjan.info\/news\/wp-json\/wp\/v2\/types\/post"}],"author":[{"embeddable":true,"href":"https:\/\/www.lintelligentdabidjan.info\/news\/wp-json\/wp\/v2\/users\/2"}],"replies":[{"embeddable":true,"href":"https:\/\/www.lintelligentdabidjan.info\/news\/wp-json\/wp\/v2\/comments?post=2945"}],"version-history":[{"count":1,"href":"https:\/\/www.lintelligentdabidjan.info\/news\/wp-json\/wp\/v2\/posts\/2945\/revisions"}],"predecessor-version":[{"id":2947,"href":"https:\/\/www.lintelligentdabidjan.info\/news\/wp-json\/wp\/v2\/posts\/2945\/revisions\/2947"}],"wp:featuredmedia":[{"embeddable":true,"href":"https:\/\/www.lintelligentdabidjan.info\/news\/wp-json\/wp\/v2\/media\/2946"}],"wp:attachment":[{"href":"https:\/\/www.lintelligentdabidjan.info\/news\/wp-json\/wp\/v2\/media?parent=2945"}],"wp:term":[{"taxonomy":"category","embeddable":true,"href":"https:\/\/www.lintelligentdabidjan.info\/news\/wp-json\/wp\/v2\/categories?post=2945"},{"taxonomy":"post_tag","embeddable":true,"href":"https:\/\/www.lintelligentdabidjan.info\/news\/wp-json\/wp\/v2\/tags?post=2945"}],"curies":[{"name":"wp","href":"https:\/\/api.w.org\/{rel}","templated":true}]}}