{"id":29569,"date":"2022-12-20T21:45:50","date_gmt":"2022-12-20T20:45:50","guid":{"rendered":"https:\/\/www.lintelligentdabidjan.info\/news\/?p=29569"},"modified":"2022-12-20T21:49:59","modified_gmt":"2022-12-20T20:49:59","slug":"agboville-dimba-pierre-annonce-des-etats-generaux-de-la-jeunesse-et-un-lycee-professionnel","status":"publish","type":"post","link":"https:\/\/www.lintelligentdabidjan.info\/news\/agboville-dimba-pierre-annonce-des-etats-generaux-de-la-jeunesse-et-un-lycee-professionnel\/","title":{"rendered":"Agboville-   Dimba Pierre annonce des Etats g\u00e9n\u00e9raux de la jeunesse et un lyc\u00e9e professionnel"},"content":{"rendered":"<p><em><strong>Dimba Pierre a annonc\u00e9 la tenue des \u00c9tats g\u00e9n\u00e9raux de la jeunesse \u00e0 Agboville et la construction d&#8217;un lyc\u00e9e professionnel .<br \/>\n<\/strong><\/em><\/p>\n<p>\u00c9lu le 13 ao\u00fbt dernier, \u00c9di N&#8217;cho Ars\u00e8ne, nouveau pr\u00e9sident de la jeunesse communale d&#8217;Agboville a \u00e9t\u00e9 investi par les premiers responsables de la f\u00e9d\u00e9ration nationale des unions des jeunesses de C\u00f4te d&#8217;Ivoire (FENUJECI) le samedi 17 d\u00e9cembre 2022 , \u00e0 l&#8217;h\u00f4tel Maltus 1 d&#8217;Agboville. Parrain de l&#8217;\u00e9v\u00e9nement qui vu la pr\u00e9sence       de plusieurs personnalit\u00e9s administratives, politiques et coutumi\u00e8res Dimba N&#8217;gou Pierre, ministre de la Sant\u00e9, de l&#8217;hygi\u00e8ne publique et de la Couverture maladie universelle par ailleurs pr\u00e9sident du conseil r\u00e9gional de l&#8217;Agn\u00e9by-Tiassa et parrain du bureau de la jeunesse communale, a prodigu\u00e9 des conseils au nouveau pr\u00e9sident et \u00e0 son bureau.  &#8220;Je suis heureux d&#8217;\u00eatre avec les jeunes o\u00f9 on parle d&#8217;ensemble et d&#8217;union  (&#8230;) c&#8217;est la raison pour laquelle je suis engag\u00e9 aux c\u00f4t\u00e9s des parents  pour une soci\u00e9t\u00e9 de progr\u00e8s pour tous et le bonheur pour chacun&#8221; (&#8230;) Je comprends votre cri du c\u0153ur. Mais je voudrais vous dire de ne pas avoir peur dans un pays o\u00f9 il y a le d\u00e9veloppement&#8221;, a martel\u00e9 le ministre. Avant d&#8217;appeler la jeunesse \u00e0 privil\u00e9gier la paix et l&#8217;union. &#8220;Il faut privil\u00e9gier la paix et la coh\u00e9sion. Bient\u00f4t, nous allons faire les \u00e9tats g\u00e9n\u00e9raux de la jeunesse pour voir ce qui n&#8217;a pas march\u00e9 en vue de le corriger. Soyez un indicateur de force et de coh\u00e9sion&#8230;Je vous invite au travail mais un travail \u00e0 la pers\u00e9v\u00e9rance. Que ce qui peut \u00eatre une difficult\u00e9 soit transform\u00e9 en opportunit\u00e9. L&#8217;apprentissage \u00e9tant une priorit\u00e9 majeure du chef de l&#8217;\u00c9tat, bient\u00f4t vous verrez un lyc\u00e9e professionnel \u00e0 Agboville pour permettre \u00e0 la jeunesse de se former.&#8221;, a conseill\u00e9 le parrain. <\/p>\n<p><strong>Se mettre au dessus de la m\u00eal\u00e9e <\/strong><\/p>\n<p>Gaoussou Diabat\u00e9, pr\u00e9sident national de la FENUJECI, a, pour sa part,   recommand\u00e9 \u00e0 la jeunesse dans son ensemble d&#8217;oublier les \u00e9chauffour\u00e9es de la campagne  pour se mettre au-dessus de la m\u00eal\u00e9e pour former un grand groupe homog\u00e8ne et soud\u00e9. &#8220;Pas de place pour l&#8217;indiscipline sinon les fauteurs de troubles seront sanctionn\u00e9s. Il faut professionnaliser la jeunesse communale dans son fonctionnement&#8221;, a recommand\u00e9 le patron de la FENUJECI. Quant \u00e0 \u00c9di N&#8217;cho, le tout nouveau pr\u00e9sident de la jeunesse communale d&#8217;Agboville, il a retrac\u00e9 un autre portrait de la jeunesse qu&#8217;il entend conduire. &#8220;Aujourd&#8217;hui, c&#8217;est une jeunesse mature et responsable qui veut prendre part au d\u00e9veloppement de sa commune en jouant pleinement son r\u00f4le&#8230; Tr\u00e8s souvent, on dit que cette jeunesse est mendiante. Tout a chang\u00e9 maintenant. La jeunesse veut travailler pour \u00eatre autonome&#8221;, a plaid\u00e9 \u00c9di N&#8217;cho Ars\u00e8ne. C&#8217;est pourquoi, il demande l&#8217;initiation de projets en faveur des jeunes et la cr\u00e9ation d&#8217;une \u00e9cole d&#8217;entrepreneuriat pour juguler  les difficult\u00e9s rencontr\u00e9es par cette jeunesse. &#8220;Pr\u00e9sident du conseil r\u00e9gional, vous avez les outils n\u00e9cessaires  pour mettre au travail ces jeunes. Qui souhaitent avoir de l&#8217;expertise en vue de leur autonomisation. Toutefois, j&#8217;en appelle au bon sens de la jeunesse afin qu&#8217;elle privil\u00e9gie l&#8217;union et la coh\u00e9sion \u00e0 partir du th\u00e8me de notre investiture qui est :&#8221;Une jeunesse citoyenne dans le processus de d\u00e9veloppement de sa commune&#8221;, a dit \u00c9di N&#8217;cho, pr\u00e9sident de la jeunesse communale d&#8217;Agboville et d\u00e9sormais coordonnateur de la jeunesse r\u00e9gionale de l&#8217;Agn\u00e9by-Tiassa. <\/p>\n<p><strong>Ahou Moay\u00e9 \u00e0 Agboville<\/strong><\/p>\n","protected":false},"excerpt":{"rendered":"<p>Dimba Pierre a annonc\u00e9 la tenue des \u00c9tats g\u00e9n\u00e9raux de la jeunesse \u00e0 Agboville et la construction d&#8217;un lyc\u00e9e professionnel . \u00c9lu le 13 ao\u00fbt dernier, \u00c9di N&#8217;cho Ars\u00e8ne, nouveau pr\u00e9sident de la jeunesse communale d&#8217;Agboville a \u00e9t\u00e9 investi par les premiers responsables de la f\u00e9d\u00e9ration nationale des unions des jeunesses de C\u00f4te d&#8217;Ivoire (FENUJECI) [&hellip;]<\/p>\n","protected":false},"author":3,"featured_media":29570,"comment_status":"closed","ping_status":"closed","sticky":false,"template":"","format":"standard","meta":{"_monsterinsights_skip_tracking":false,"_monsterinsights_sitenote_active":false,"_monsterinsights_sitenote_note":"","_monsterinsights_sitenote_category":0,"footnotes":""},"categories":[2,3],"tags":[255,1584,691],"class_list":["post-29569","post","type-post","status-publish","format-standard","has-post-thumbnail","hentry","category-featured","category-societe","tag-agboville","tag-dimba-pierre","tag-jeunesse"],"_links":{"self":[{"href":"https:\/\/www.lintelligentdabidjan.info\/news\/wp-json\/wp\/v2\/posts\/29569","targetHints":{"allow":["GET"]}}],"collection":[{"href":"https:\/\/www.lintelligentdabidjan.info\/news\/wp-json\/wp\/v2\/posts"}],"about":[{"href":"https:\/\/www.lintelligentdabidjan.info\/news\/wp-json\/wp\/v2\/types\/post"}],"author":[{"embeddable":true,"href":"https:\/\/www.lintelligentdabidjan.info\/news\/wp-json\/wp\/v2\/users\/3"}],"replies":[{"embeddable":true,"href":"https:\/\/www.lintelligentdabidjan.info\/news\/wp-json\/wp\/v2\/comments?post=29569"}],"version-history":[{"count":1,"href":"https:\/\/www.lintelligentdabidjan.info\/news\/wp-json\/wp\/v2\/posts\/29569\/revisions"}],"predecessor-version":[{"id":29571,"href":"https:\/\/www.lintelligentdabidjan.info\/news\/wp-json\/wp\/v2\/posts\/29569\/revisions\/29571"}],"wp:featuredmedia":[{"embeddable":true,"href":"https:\/\/www.lintelligentdabidjan.info\/news\/wp-json\/wp\/v2\/media\/29570"}],"wp:attachment":[{"href":"https:\/\/www.lintelligentdabidjan.info\/news\/wp-json\/wp\/v2\/media?parent=29569"}],"wp:term":[{"taxonomy":"category","embeddable":true,"href":"https:\/\/www.lintelligentdabidjan.info\/news\/wp-json\/wp\/v2\/categories?post=29569"},{"taxonomy":"post_tag","embeddable":true,"href":"https:\/\/www.lintelligentdabidjan.info\/news\/wp-json\/wp\/v2\/tags?post=29569"}],"curies":[{"name":"wp","href":"https:\/\/api.w.org\/{rel}","templated":true}]}}