{"id":2960,"date":"2017-02-23T10:08:41","date_gmt":"2017-02-23T09:08:41","guid":{"rendered":"http:\/\/www.lintelligentdabidjan.info\/news\/?p=2960"},"modified":"2017-02-23T10:08:41","modified_gmt":"2017-02-23T09:08:41","slug":"planification-du-developpement-de-la-cote-divoire-les-acteurs-harmonisent-leurs-methodes-de-suivi-et-devaluation-des-projets","status":"publish","type":"post","link":"https:\/\/www.lintelligentdabidjan.info\/news\/planification-du-developpement-de-la-cote-divoire-les-acteurs-harmonisent-leurs-methodes-de-suivi-et-devaluation-des-projets\/","title":{"rendered":"Planification du d\u00e9veloppement de la C\u00f4te d\u2019Ivoire  Les acteurs harmonisent leurs m\u00e9thodes de suivi et d\u2019\u00e9valuation des projets"},"content":{"rendered":"<p>Le minist\u00e8re du Plan et du D\u00e9veloppement a proc\u00e9d\u00e9, le lundi 20 f\u00e9vrier 2017 \u00e0 Abidjan, au lancement du projet d\u2019appui au renforcement de la planification du d\u00e9veloppement de la C\u00f4te d\u2019Ivoire.<!--more--> Ce projet s\u2019inscrit dans le cadre des missions d\u2019assistance de la Commission \u00e9conomique des Nations Unies pour l\u2019Afrique\u00a0 (CEA) et vise \u00e0 soutenir le renouveau de la fonction planification du d\u00e9veloppement en C\u00f4te d\u2019Ivoire. \u00ab Il est n\u00e9cessaire de disposer d\u2019un guide de gestion du cycle des projets prioritaires en C\u00f4te d\u2019Ivoire, en vue d\u2019une part de standardiser les m\u00e9thodes et proc\u00e9dures de gestion applicables par tous les minist\u00e8res sectoriels et d\u2019autre part, d\u2019am\u00e9liorer les capacit\u00e9s d\u2019absorption des cr\u00e9dits allou\u00e9s aux projets\u00bb, a pr\u00e9cis\u00e9 le repr\u00e9sentant du ministre du Plan et du D\u00e9veloppement, Mme Kaba Nial\u00e9. Selon le directeur du Bureau sous-r\u00e9gional pour l\u2019Afrique de l\u2019Ouest de la CEA, Dimitri Sanga, le lancement de projet soutenu par la CEA \u00e0 hauteur de 88. 000 dollars, soit 44 millions de FCFA, consiste \u00e0 appuyer le d\u00e9veloppement \u00e9conomique et social des Etats-membres de la CEA, \u00e0 encourager l\u2019int\u00e9gration r\u00e9gionale et \u00e0 promouvoir la coop\u00e9ration internationale pour le d\u00e9veloppement de l\u2019Afrique. \u00abLa CEA met un accent particulier sur deux leviers fondamentaux et \u00e9troitement associ\u00e9s : l\u2019acc\u00e9l\u00e9ration de la transformation structurelle des \u00e9conomies africaines et le renforcement de la fonction planification du d\u00e9veloppement\u00bb, a pr\u00e9cis\u00e9 Dimitri Sanga. Il s\u2019agit, \u00e0 travers le lancement de ce projet qui sera suivi d\u2019un atelier de renforcement de capacit\u00e9 \u00e0 Yamoussoukro qui prendra fin le 25 f\u00e9vrier 2017, d\u2019\u00e9laborer un Guide de cycle de projet (GCP) et de renforcer les capacit\u00e9s des cadres de l\u2019administration publique ivoirienne en suivi et \u00e9valuation des projets. Le GCP renvoie \u00e0 un ensemble d\u2019outils de conception et de gestion de projets bas\u00e9s sur la m\u00e9thode d\u2019analyse du Cadre logique. Il prend en compte l\u2019activit\u00e9 de gestion et la prise de d\u00e9cision pendant le cycle du projet.<\/p>\n<p>O.D<\/p>\n","protected":false},"excerpt":{"rendered":"<p>Le minist\u00e8re du Plan et du D\u00e9veloppement a proc\u00e9d\u00e9, le lundi 20 f\u00e9vrier 2017 \u00e0 Abidjan, au lancement du projet d\u2019appui au renforcement de la planification du d\u00e9veloppement de la C\u00f4te d\u2019Ivoire.<\/p>\n","protected":false},"author":2,"featured_media":2961,"comment_status":"closed","ping_status":"closed","sticky":false,"template":"","format":"standard","meta":{"_monsterinsights_skip_tracking":false,"_monsterinsights_sitenote_active":false,"_monsterinsights_sitenote_note":"","_monsterinsights_sitenote_category":0,"footnotes":""},"categories":[3],"tags":[],"class_list":["post-2960","post","type-post","status-publish","format-standard","has-post-thumbnail","hentry","category-societe"],"_links":{"self":[{"href":"https:\/\/www.lintelligentdabidjan.info\/news\/wp-json\/wp\/v2\/posts\/2960","targetHints":{"allow":["GET"]}}],"collection":[{"href":"https:\/\/www.lintelligentdabidjan.info\/news\/wp-json\/wp\/v2\/posts"}],"about":[{"href":"https:\/\/www.lintelligentdabidjan.info\/news\/wp-json\/wp\/v2\/types\/post"}],"author":[{"embeddable":true,"href":"https:\/\/www.lintelligentdabidjan.info\/news\/wp-json\/wp\/v2\/users\/2"}],"replies":[{"embeddable":true,"href":"https:\/\/www.lintelligentdabidjan.info\/news\/wp-json\/wp\/v2\/comments?post=2960"}],"version-history":[{"count":1,"href":"https:\/\/www.lintelligentdabidjan.info\/news\/wp-json\/wp\/v2\/posts\/2960\/revisions"}],"predecessor-version":[{"id":2962,"href":"https:\/\/www.lintelligentdabidjan.info\/news\/wp-json\/wp\/v2\/posts\/2960\/revisions\/2962"}],"wp:featuredmedia":[{"embeddable":true,"href":"https:\/\/www.lintelligentdabidjan.info\/news\/wp-json\/wp\/v2\/media\/2961"}],"wp:attachment":[{"href":"https:\/\/www.lintelligentdabidjan.info\/news\/wp-json\/wp\/v2\/media?parent=2960"}],"wp:term":[{"taxonomy":"category","embeddable":true,"href":"https:\/\/www.lintelligentdabidjan.info\/news\/wp-json\/wp\/v2\/categories?post=2960"},{"taxonomy":"post_tag","embeddable":true,"href":"https:\/\/www.lintelligentdabidjan.info\/news\/wp-json\/wp\/v2\/tags?post=2960"}],"curies":[{"name":"wp","href":"https:\/\/api.w.org\/{rel}","templated":true}]}}