{"id":29616,"date":"2022-12-26T22:43:53","date_gmt":"2022-12-26T21:43:53","guid":{"rendered":"https:\/\/www.lintelligentdabidjan.info\/news\/?p=29616"},"modified":"2022-12-26T23:14:00","modified_gmt":"2022-12-26T22:14:00","slug":"difficultes-pour-les-kouyate-a-se-marier-kouyate-abdoulaye-explique-et-denonce","status":"publish","type":"post","link":"https:\/\/www.lintelligentdabidjan.info\/news\/difficultes-pour-les-kouyate-a-se-marier-kouyate-abdoulaye-explique-et-denonce\/","title":{"rendered":"Difficult\u00e9s  pour les Kouyat\u00e9 \u00e0 se marier &#8211;  Kouyat\u00e9 Abdoulaye  explique et d\u00e9nonce"},"content":{"rendered":"<p><em><strong>Abdoulaye Kouyat\u00e9 a donn\u00e9 les raisons qui poussent certaines personnes \u00e0 interdire le mariage avec les Kouyat\u00e9 tout en s&#8217;insurgeant contre ce fait.<br \/>\n<\/strong><\/em><\/p>\n<p>Abdoulaye Kouyat\u00e9, directeur de cabinet adjoint du minist\u00e8re d&#8217;\u00c9tat, minist\u00e8re des Affaires \u00e9trang\u00e8res et de l&#8217;Int\u00e9gration africaine, parrain  du d\u00eener-gala de l\u2019association Sidiya demande un autre regard sur le mariage avec les Kouyat\u00e9. Il l\u2019a d\u00e9clar\u00e9  le samedi 24  d\u00e9cembre 2022 lors de ce d\u00eener-gala dans un espace d\u2019Abidjan-Cocody.<\/p>\n<p>\u00ab C\u2019est sur interpellation de nos \u00e9pouses, de nos s\u0153urs qui vivent une situation un peu  dramatique, tout  simplement par m\u00e9connaissance de l\u2019histoire du Mandingue. Cela vient du fait que  quand une jeune fille Kouyat\u00e9 veut se marier avec quelqu\u2019un qui n\u2019est pas Kouyat\u00e9 ou qui est consid\u00e9r\u00e9 comme noble, on \u00e9voque le cas de sup\u00e9riorit\u00e9. On dit qu\u2019un  griot ne doit pas se marier avec un noble. C\u2019est dire que si vous avez un gar\u00e7on(Kouyat\u00e9)  qui tombe amoureux d\u2019une fille  Tour\u00e9, Diaby, Kon\u00e9, vous n\u2019\u00eates pas de la m\u00eame classe. Il en est de m\u00eame si un Bamba, un Samassi, un Sanogo tombe amoureux d\u2019une fille Kouyat\u00e9, on dit que ce mariage n\u2019est pas possible \u00bb, a expliqu\u00e9 le parrain Abdoulaye Kouyat\u00e9. <\/p>\n<p><strong>L&#8217;ignorance de l&#8217;histoire <\/strong><\/p>\n<p>Il a indiqu\u00e9 que tout cela est li\u00e9 \u00e0 l&#8217;ignorance de l&#8217;histoire. <\/p>\n<p>&#8220;Tout cela  se fait par ignorance de notre histoire. Cela est venu par la transformation n\u00e9gative de notre histoire. Il y a un pacte qui a \u00e9t\u00e9 sign\u00e9 au sein d\u2019une m\u00eame famille noble qui a entra\u00een\u00e9 la division.   Un  pacte de sang, un pacte de non-agression, un pacte de non-frustration.    Un  mariage ne peut aller sans frustration, sans blessure . Dans un mariage, il y a les hauts et les bas.  Alors  les anc\u00eatres auraient dit comme il y a ce pacte de sang entre les Nobles et les Kouyat\u00e9, il faut dans un premier temps, mettre un b\u00e9mol sur le mariage entre les deux pour ne pas qu\u2019une mal\u00e9diction soit jet\u00e9e sur la famille ou sur la personne qui aurait \u00e9t\u00e9 \u00e0 la base de ce mariage. Voil\u00e0, l\u2019histoire \u00bb. <\/p>\n<p>Dans son \u00e9lan, le parrain  \u00e9voque son mariage avec sa premi\u00e8re \u00e9pouse   : \u00ab Nos s\u0153urs, nos femmes, nos filles ont \u00e9t\u00e9 victimes de cela. Moi, je suis Kouyat\u00e9, ma premi\u00e8re \u00e9pouse est Karamoko.  Quand on  devait se marier, il y a eu des gens pour dire non, elle ne peut pas se marier avec un griot \u00bb. Asta Bintou Kouyat\u00e9, pr\u00e9sidente de l\u2019association Sidiya a  fait savoir que sa structure a \u00e9t\u00e9 cr\u00e9\u00e9e  pour donner un espace de retrouvailles pour les Kouyat\u00e9 pour qu\u2019ils parlent de leurs probl\u00e8mes.<\/p>\n<p><strong>Mamadou Ouattara<\/strong><\/p>\n","protected":false},"excerpt":{"rendered":"<p>Abdoulaye Kouyat\u00e9 a donn\u00e9 les raisons qui poussent certaines personnes \u00e0 interdire le mariage avec les Kouyat\u00e9 tout en s&#8217;insurgeant contre ce fait. Abdoulaye Kouyat\u00e9, directeur de cabinet adjoint du minist\u00e8re d&#8217;\u00c9tat, minist\u00e8re des Affaires \u00e9trang\u00e8res et de l&#8217;Int\u00e9gration africaine, parrain du d\u00eener-gala de l\u2019association Sidiya demande un autre regard sur le mariage avec les [&hellip;]<\/p>\n","protected":false},"author":3,"featured_media":29618,"comment_status":"closed","ping_status":"closed","sticky":false,"template":"","format":"standard","meta":{"_monsterinsights_skip_tracking":false,"_monsterinsights_sitenote_active":false,"_monsterinsights_sitenote_note":"","_monsterinsights_sitenote_category":0,"footnotes":""},"categories":[2,3],"tags":[1609,632],"class_list":["post-29616","post","type-post","status-publish","format-standard","has-post-thumbnail","hentry","category-featured","category-societe","tag-kouyate-abdoulaye","tag-mariage"],"_links":{"self":[{"href":"https:\/\/www.lintelligentdabidjan.info\/news\/wp-json\/wp\/v2\/posts\/29616","targetHints":{"allow":["GET"]}}],"collection":[{"href":"https:\/\/www.lintelligentdabidjan.info\/news\/wp-json\/wp\/v2\/posts"}],"about":[{"href":"https:\/\/www.lintelligentdabidjan.info\/news\/wp-json\/wp\/v2\/types\/post"}],"author":[{"embeddable":true,"href":"https:\/\/www.lintelligentdabidjan.info\/news\/wp-json\/wp\/v2\/users\/3"}],"replies":[{"embeddable":true,"href":"https:\/\/www.lintelligentdabidjan.info\/news\/wp-json\/wp\/v2\/comments?post=29616"}],"version-history":[{"count":1,"href":"https:\/\/www.lintelligentdabidjan.info\/news\/wp-json\/wp\/v2\/posts\/29616\/revisions"}],"predecessor-version":[{"id":29617,"href":"https:\/\/www.lintelligentdabidjan.info\/news\/wp-json\/wp\/v2\/posts\/29616\/revisions\/29617"}],"wp:featuredmedia":[{"embeddable":true,"href":"https:\/\/www.lintelligentdabidjan.info\/news\/wp-json\/wp\/v2\/media\/29618"}],"wp:attachment":[{"href":"https:\/\/www.lintelligentdabidjan.info\/news\/wp-json\/wp\/v2\/media?parent=29616"}],"wp:term":[{"taxonomy":"category","embeddable":true,"href":"https:\/\/www.lintelligentdabidjan.info\/news\/wp-json\/wp\/v2\/categories?post=29616"},{"taxonomy":"post_tag","embeddable":true,"href":"https:\/\/www.lintelligentdabidjan.info\/news\/wp-json\/wp\/v2\/tags?post=29616"}],"curies":[{"name":"wp","href":"https:\/\/api.w.org\/{rel}","templated":true}]}}