{"id":2963,"date":"2017-02-23T14:45:44","date_gmt":"2017-02-23T13:45:44","guid":{"rendered":"http:\/\/www.lintelligentdabidjan.info\/news\/?p=2963"},"modified":"2017-02-23T14:45:44","modified_gmt":"2017-02-23T13:45:44","slug":"avant-le-depart-de-loperation-des-nations-unies-de-cote-divoire-onuci-fm-sera-transferee-a-la-fondation-felix-houphouet-boigny-a-yamoussoukro-a-partir-du-1er-mars","status":"publish","type":"post","link":"https:\/\/www.lintelligentdabidjan.info\/news\/avant-le-depart-de-loperation-des-nations-unies-de-cote-divoire-onuci-fm-sera-transferee-a-la-fondation-felix-houphouet-boigny-a-yamoussoukro-a-partir-du-1er-mars\/","title":{"rendered":"Avant le d\u00e9part de l\u2019Op\u00e9ration des nations unies  de  C\u00f4te d\u2019Ivoire  ONUCI-FM sera transfer\u00e9e \u00e0 la Fondation F\u00e9lix Houphouet Boigny \u00e0 Yamoussoukro \u00e0 partir du 1er mars"},"content":{"rendered":"<p>A partir du 1er mars 2017, ONUCI FM devient La Radio de la Paix, une nouvelle radio qui sera dirig\u00e9e par la Fondation F\u00e9lix Houphou\u00ebt Boigny pour la recherche de la paix \u00e0 Yamoussoukro.\u00a0 L\u2019information \u00e9mane d\u2019un communiqu\u00e9 de l\u2019Op\u00e9ration des nations unies en C\u00f4te d\u2019Ivoire (ONUCI)\u00a0\u00a0 dont nous avons re\u00e7u.<!--more--> Le document\u00a0 note que\u00a0\u00a0 cette initiative entre dans le cadre du transfert des activit\u00e9s r\u00e9siduelles de l\u2019Op\u00e9ration des Nations Unies en C\u00f4te d\u2019Ivoire (ONUCI) afin de consolider les acquis dans le domaine de la communication et qu\u2019elle a\u00a0 \u00e9t\u00e9 recommand\u00e9e par le Secr\u00e9taire G\u00e9n\u00e9ral des Nations Unies dans son rapport sp\u00e9cial sur l\u2019ONUCI, le 31 mars 2016, au Conseil de s\u00e9curit\u00e9, qui l\u2019a accept\u00e9e. Commentant ce communiqu\u00e9 la chef de l\u2019ONUCI Aichatou Mindaoudou a indiqu\u00e9 sur la radio onusienne : \u00ab Je pense que ce protocole qui a \u00e9t\u00e9 sign\u00e9 entre les Nations unies et la Fondation\u00a0\u00a0 est un protocole international qui d\u00e9finit clairement des obligations de chacun, les moyens de coop\u00e9ration et les conditions qui doivent \u00eatre remplies pour que les trois principes essentiels qui sont l\u2019impartialit\u00e9, l\u2019inclusivit\u00e9 et l\u2019ind\u00e9pendance soient respect\u00e9e.\u00a0 Ce protocole en lui-m\u00eame\u00a0 est une garantie que le professionnalisme qui a exist\u00e9 \u00e0 Onuci-Fm va exister \u00e0 la radio de la paix \u00bb. \u00a0Pour sa part, le pr\u00e9sident de la Fondation F\u00e9lix Houphou\u00ebt Boigny pour la recherche de la paix Jean No\u00ebl Loukou a rassur\u00e9 que les \u00e9missions de la Radio de la paix vont commencer le 1er mars 2017 . \u00ab La Fondation a l\u2019ambition de positionner la Radio de la paix comme un vecteur des valeurs qui \u00e9taient ch\u00e8res au p\u00e8re fondateur de la C\u00f4te d\u2019Ivoire le Pr\u00e9sident F\u00e9lix Houphou\u00ebt Boigny c&#8217;est-\u00e0-dire l\u2019unit\u00e9, le dialogue, la paix et le maintien de la\u00a0 coh\u00e9sion sociale. Toutes les dispositions ont \u00e9t\u00e9 prises pour assurer dans les meilleures d\u00e9lais possibles le transfert et\u00a0 la durabilit\u00e9 de cette radio \u00bb, a-t-il d\u00e9clar\u00e9.<\/p>\n<p>Abdoulaye Tour\u00e9<\/p>\n","protected":false},"excerpt":{"rendered":"<p>A partir du 1er mars 2017, ONUCI FM devient La Radio de la Paix, une nouvelle radio qui sera dirig\u00e9e par la Fondation F\u00e9lix Houphou\u00ebt Boigny pour la recherche de la paix \u00e0 Yamoussoukro.\u00a0 L\u2019information \u00e9mane d\u2019un communiqu\u00e9 de l\u2019Op\u00e9ration des nations unies en C\u00f4te d\u2019Ivoire (ONUCI)\u00a0\u00a0 dont nous avons re\u00e7u.<\/p>\n","protected":false},"author":2,"featured_media":2964,"comment_status":"closed","ping_status":"closed","sticky":false,"template":"","format":"standard","meta":{"_monsterinsights_skip_tracking":false,"_monsterinsights_sitenote_active":false,"_monsterinsights_sitenote_note":"","_monsterinsights_sitenote_category":0,"footnotes":""},"categories":[3],"tags":[],"class_list":["post-2963","post","type-post","status-publish","format-standard","has-post-thumbnail","hentry","category-societe"],"_links":{"self":[{"href":"https:\/\/www.lintelligentdabidjan.info\/news\/wp-json\/wp\/v2\/posts\/2963","targetHints":{"allow":["GET"]}}],"collection":[{"href":"https:\/\/www.lintelligentdabidjan.info\/news\/wp-json\/wp\/v2\/posts"}],"about":[{"href":"https:\/\/www.lintelligentdabidjan.info\/news\/wp-json\/wp\/v2\/types\/post"}],"author":[{"embeddable":true,"href":"https:\/\/www.lintelligentdabidjan.info\/news\/wp-json\/wp\/v2\/users\/2"}],"replies":[{"embeddable":true,"href":"https:\/\/www.lintelligentdabidjan.info\/news\/wp-json\/wp\/v2\/comments?post=2963"}],"version-history":[{"count":1,"href":"https:\/\/www.lintelligentdabidjan.info\/news\/wp-json\/wp\/v2\/posts\/2963\/revisions"}],"predecessor-version":[{"id":2965,"href":"https:\/\/www.lintelligentdabidjan.info\/news\/wp-json\/wp\/v2\/posts\/2963\/revisions\/2965"}],"wp:featuredmedia":[{"embeddable":true,"href":"https:\/\/www.lintelligentdabidjan.info\/news\/wp-json\/wp\/v2\/media\/2964"}],"wp:attachment":[{"href":"https:\/\/www.lintelligentdabidjan.info\/news\/wp-json\/wp\/v2\/media?parent=2963"}],"wp:term":[{"taxonomy":"category","embeddable":true,"href":"https:\/\/www.lintelligentdabidjan.info\/news\/wp-json\/wp\/v2\/categories?post=2963"},{"taxonomy":"post_tag","embeddable":true,"href":"https:\/\/www.lintelligentdabidjan.info\/news\/wp-json\/wp\/v2\/tags?post=2963"}],"curies":[{"name":"wp","href":"https:\/\/api.w.org\/{rel}","templated":true}]}}