{"id":29661,"date":"2023-01-03T00:04:29","date_gmt":"2023-01-02T23:04:29","guid":{"rendered":"https:\/\/www.lintelligentdabidjan.info\/news\/?p=29661"},"modified":"2023-01-03T01:29:00","modified_gmt":"2023-01-03T00:29:00","slug":"cote-divoire-les-faits-et-evenements-qui-ont-marque-lactualite-politique-economique-sportive-et-socioculturelle-en-2022","status":"publish","type":"post","link":"https:\/\/www.lintelligentdabidjan.info\/news\/cote-divoire-les-faits-et-evenements-qui-ont-marque-lactualite-politique-economique-sportive-et-socioculturelle-en-2022\/","title":{"rendered":"C\u00f4te d&#8217;Ivoire Les faits et \u00e9v\u00e9nements qui ont marqu\u00e9 l&#8217;actualit\u00e9 politique, \u00e9conomique, sportive et socioculturelle en 2022"},"content":{"rendered":"<p><em><strong>Plusieurs faits et \u00e9v\u00e9nements ont marqu\u00e9 l&#8217;actualit\u00e9 politique, \u00e9conomique, sportive et socioculturelle en C\u00f4te d&#8217;Ivoire  en 2022. Nous revenons sur quelques uns .  <\/strong><\/em><\/p>\n<p><strong>POLITIQUE\/<br \/>\nTi\u00e9moko Meyliet Kon\u00e9 Vice-pr\u00e9sident, nouvelle Direction du RHDP, retour de Bl\u00e9 Goud\u00e9 (\u2026), ces \u00e9v\u00e9nements politiques qui ont marqu\u00e9 2022<\/strong><\/p>\n<p>La nomination de Kon\u00e9 Meyliet Ti\u00e9moko en qualit\u00e9 de Vice-pr\u00e9sident de la R\u00e9publique, la constitution de la nouvelle Direction du RHDP, le retour de l&#8217;Udpci au RHDP, la cr\u00e9ation par Simone Ehivet Gbagbo de son parti politique ou encore le retour en C\u00f4te d\u2019Ivoire de Charles Bl\u00e9 Goud\u00e9, sont autant d\u2019\u00e9v\u00e9nements politiques qui ont marqu\u00e9 l\u2019ann\u00e9e 2022.<\/p>\n<p>L\u2019ann\u00e9e 2022 a \u00e9t\u00e9 ponctu\u00e9e par plusieurs \u00e9v\u00e9nements politiques. Le plus important reste probablement la nomination au poste de Vice-pr\u00e9sident de la R\u00e9publique, de l\u2019ancien Gouverneur de la BCEAO, Ti\u00e9moko Meyliet Kon\u00e9. Il a \u00e9t\u00e9 nomm\u00e9 par le Pr\u00e9sident Alassane Ouattara, en accord avec le Parlement r\u00e9uni en congr\u00e8s le mardi 19 avril 2022 \u00e0 Yamoussoukro. Il r\u00e9cup\u00e8re un fauteuil rest\u00e9 vacant depuis la d\u00e9mission de Daniel Kablan Duncan, le 13 juillet 2020. Ti\u00e9moko Meyliet Kon\u00e9 a pr\u00eat\u00e9 serment le mercredi 20 avril 2022.<br \/>\n<strong><br \/>\n[ Au RHDP, le Secr\u00e9tariat ex\u00e9cutif remplace la Direction ex\u00e9cutive]<\/strong><\/p>\n<p>Le RHDP a restructur\u00e9 sa Direction. Dissoute le 22 septembre 2021 par le Pr\u00e9sident Alassane Ouattara, pr\u00e9sident du parti, la Direction ex\u00e9cutive, dirig\u00e9e par Adama Bictogo, a \u00e9t\u00e9 remplac\u00e9e le 28 f\u00e9vrier 2022 par le Secr\u00e9tariat ex\u00e9cutif. \u00c0 la t\u00eate de cet organe, a \u00e9t\u00e9 nomm\u00e9 le ministre Ibrahima  Bacongo  Ciss\u00e9 . Cette restructuration du parti  a \u00e9t\u00e9 men\u00e9e par un Comit\u00e9 conduit par Gilbert Kafana Kon\u00e9 et Ally Coulibaly. Le 1er mars 2022, Gilbert Kafana Kon\u00e9 se voit nommer pr\u00e9sident du Directoire du RHDP. Un poste rest\u00e9 vacant depuis le d\u00e9c\u00e8s le 8 juillet 2020 du premier ministre Amadou  Gon Coulibaly  .<\/p>\n<p><strong>[D\u00e9c\u00e8s de Amadou Soumahoro (\u2026), Adama Bictogo, nouveau pr\u00e9sident de l\u2019Assembl\u00e9e nationale]<\/strong><\/p>\n<p>Le d\u00e9c\u00e8s du Pr\u00e9sident de l\u2019Assembl\u00e9e nationale, Amadou Soumahoro, a \u00e9galement \u00e9t\u00e9 un \u00e9v\u00e8nement de taille pour l\u2019ann\u00e9e 2022. Il a succomb\u00e9 \u00e0 une longue maladie. Le mardi 2 juin 2022, Adama Bictogo, d\u00e9put\u00e9 d\u2019Agboville, lui d\u00e9c\u00e8de \u00e0 ce poste. Il assurait son int\u00e9rim  jusqu&#8217;\u00e0 son \u00e9lection \u00e0 ce poste le 7 juin 2022.  Pour cette \u00e9lection, il a b\u00e9n\u00e9fici\u00e9 du soutien des groupes parlementaires des partis de l\u2019opposition.<\/p>\n<p><strong>[Simone Gbagbo cr\u00e9e son parti politique]<\/strong><\/p>\n<p>Un autre \u00e9v\u00e9nement de l&#8217;ann\u00e9e a \u00e9t\u00e9 la naissance du parti politique d\u00e9nomm\u00e9 \u201cMouvement des g\u00e9n\u00e9rations capables (MGC)\u201d. L\u2019ex-Premi\u00e8re Dame, Simone Gbagbo,  en est la pr\u00e9sidente. L\u2019\u00e9v\u00e9nement marque le divorce politique d\u2019avec son \u00e9poux, l\u2019ex-Pr\u00e9sident Laurent Gbagbo avec qui elle \u00e9tait en froid depuis son retour de la CPI, le 17 juin 2021. Lui qui avait lanc\u00e9 un nouveau parti politique, le PPA-CI.<\/p>\n<p><strong>[Laurent Gbagbo en visite \u00e0 Du\u00e9kou\u00e9, 11 ans apr\u00e8s la crise post-\u00e9lectorale de 2011]<br \/>\n<\/strong><\/p>\n<p> L&#8217;ex- Pr\u00e9sident Laurent Gbagbo s\u2019est rendu \u00e0 Duekou\u00e9, le 8 avril 2022, pour une visite aux populations de cette r\u00e9gion. Une visite qualifi\u00e9e de \u201cvisite de compassion\u201d aux populations, 11 ans apr\u00e8s les violences de la crise post-\u00e9lectorale de 2011.<\/p>\n<p><strong>[Retour en C\u00f4te d\u2019Ivoire de Charles Bl\u00e9 Goud\u00e9]<\/strong><\/p>\n<p>Charles Bl\u00e9 Goud\u00e9 est de retour en C\u00f4te d\u2019Ivoire, apr\u00e8s son acquittement par la CPI. Il est rentr\u00e9 au pays le 26 novembre 2022. Soit, 8 ans apr\u00e8s son transf\u00e8rement \u00e0 la CPI en 2014. Un \u00e9v\u00e9nement salu\u00e9 par ses partisans lors d\u2019un meeting le m\u00eame jour \u00e0 la Place Cp1 \u00e0 Yopougon.<\/p>\n<p><strong>[Mabri Toikeusse et l\u2019Udpci de retour au RHDP]<\/strong><\/p>\n<p> Albert Toikeusse Mabri, le leader de l\u2019Union d\u00e9mocratique pour la paix en C\u00f4te d\u2019Ivoire (UDPCI), et ses compagnons ont sign\u00e9 leur retour au  RHDP. Un parti qu\u2019ils avaient quitt\u00e9 il y a pr\u00e8s de deux ans, au terme d\u2019un Bureau Politique tenu le dimanche 2 juillet 2020 \u00e0 Abidjan. Leur retour a \u00e9t\u00e9 officialis\u00e9 le jeudi 8 septembre 2022, \u00e0 la r\u00e9sidence priv\u00e9e du chef de l\u2019\u00c9tat, Alassane Ouattara. La d\u00e9cision a \u00e9t\u00e9 ent\u00e9rin\u00e9e par une r\u00e9union du bureau \u00e9largi, le 17 septembre 2022 \u00e0 Man. Albert Mabri Toikeusse a fait la d\u00e9claration officielle le 19 septembre 2022, depuis Biankouma, o\u00f9 le parti c\u00e9l\u00e9brait le 20e anniversaire de la mort du G\u00e9n\u00e9ral  Robert Gue\u00ef, fondateur du parti. <\/p>\n<p>D&#8217;autres \u00e9v\u00e9nements ont eu lieu comme l&#8217;arrestation le 10 juillet  de 49 militaires ivoiriens au Mali dont 3 femmes qui ont recouvr\u00e9 la libert\u00e9 le 31 ao\u00fbt. <\/p>\n<p>Les 46 militaires ivoiriens  ont \u00e9t\u00e9 condamn\u00e9s vendredi \u00e0 vingt ans de r\u00e9clusion criminelle pour \u00abattentat et complot contre le gouvernement\u00bb et \u00abatteinte \u00e0 la s\u00fbret\u00e9 ext\u00e9rieure de l&#8217;\u00c9tat\u00bb, a indiqu\u00e9 le procureur g\u00e9n\u00e9ral Ladji Sara  dans un communiqu\u00e9.<br \/>\nLes trois femmes soldates ivoiriennes lib\u00e9r\u00e9es d\u00e9but septembre par Bamako ont quant \u00e0 elles \u00e9t\u00e9 condamn\u00e9es \u00e0 la peine de mort par contumace \u00e0 la suite du proc\u00e8s qui s&#8217;est tenu jeudi 29  et vendredi 30 d\u00e9cembre \u00e0 Bamako, avant l&#8217;expiration de l&#8217;ultimatum fix\u00e9 au 1er janvier par les chefs d&#8217;\u00c9tat ouest-africains \u00e0 la junte malienne pour lib\u00e9rer les 46 militaires toujours incarc\u00e9r\u00e9s. Mais dans son discours de nouvel an le 31 d\u00e9cembre 2022, le pr\u00e9sident ivoirien Alassane Ouattara a rassur\u00e9 que les 46 soldats regagneront bient\u00f4t Abidjan. <\/p>\n<p><strong>ECONOMIE\/<\/p>\n<p>Orange C\u00f4te d\u2019Ivoire fait son entr\u00e9e \u00e0 la BRVM<\/strong><\/p>\n<p>L\u2019Offre publique de vente de la soci\u00e9t\u00e9 de t\u00e9l\u00e9phonie mobile Orange C\u00f4te d\u2019Ivoire lanc\u00e9e le 5 d\u00e9cembre 2022, avec la cession 14. 990. 207 actions d\u00e9tenues par l\u2019\u00c9tat ivoirien, soit 9, 95% du capital,  a ouvert le processus d\u2019entr\u00e9e de cette soci\u00e9t\u00e9 \u00e0 la Bourse r\u00e9gionale des valeurs mobili\u00e8res (BRVM). La premi\u00e8re cotation de cette soci\u00e9t\u00e9 a eu lieu le vendredi 30 d\u00e9cembre 2022, \u00e0 un prix de r\u00e9f\u00e9rence de 9. 500 FCFA pour une capitalisation boursi\u00e8re \u00e9quivalente \u00e0 plus de 1. 431 milliards FCFA. Il s\u2019agit de la plus importante introduction jamais r\u00e9alis\u00e9e sur le march\u00e9 financier r\u00e9gional. Elle  est intervenue  seulement trois semaines apr\u00e8s la cl\u00f4ture de l\u2019Offre publique de vente d\u2019un montant global record de 140. 981. 966. 500 FCFA, effectu\u00e9e en d\u00e9but de mois de d\u00e9cembre et sursouscrite, avant terme, \u00e0 hauteur de 132%.<\/p>\n<p>[La COP 15 \u00e0 Abidjan]<br \/>\n <img loading=\"lazy\" decoding=\"async\" src=\"https:\/\/www.lintelligentdabidjan.info\/news\/wp-content\/uploads\/2023\/01\/IMG-20230102-WA0049.jpg\" alt=\"IMG-20230102-WA0049\" width=\"274\" height=\"182\" class=\"alignnone size-full wp-image-29668\" \/><\/p>\n<p> Le sommet des chefs d\u2019\u00c9tat et de gouvernement de la COP 15 s&#8217;est tenu le lundi 9 mai 2022 \u00e0 la salle des f\u00eates du Sofitel h\u00f4tel Ivoire-Abidjan.  le Pr\u00e9sident de la R\u00e9publique de C\u00f4te d\u2019Ivoire, Alassane Ouattara a appel\u00e9 ses pairs \u00e0 des actions urgentes et communes en faveur des terres du monde : \u00ab Nos travaux se tiennent en amont de la COP 15, que la C\u00f4te d\u2019Ivoire abrite \u00e0 partir de ce lundi 9 mai jusqu\u2019au 20 mai 2022. Ces travaux suscitent de grands espoirs au sein de nos populations qui attendent beaucoup de nous, notamment au regard du th\u00e8me de cette COP 15 : \u00ab Terres. Vie. Patrimoine : d\u2019un monde pr\u00e9caire vers un avenir prosp\u00e8re \u00bb. En effet, selon les donn\u00e9es disponibles : la d\u00e9gradation des sols affecte 52% des terres agricoles, mena\u00e7ant ainsi l\u2019existence de 2, 6 milliards de personnes qui d\u00e9pendent directement de l\u2019agriculture ; la d\u00e9sertification et la s\u00e9cheresse causent la perte de 12 millions d\u2019hectares chaque ann\u00e9e, soit pr\u00e8s de 23 hectares par minute ; la d\u00e9gradation des terres affecte directement 74% des personnes pauvres dans le monde ; enfin, selon l\u2019Organisation des Nations Unies pour l\u2019Alimentation et l\u2019Agriculture (FAO), le d\u00e9sert progresse de 5 km, chaque ann\u00e9e, dans les zones semi-arides d\u2019Afrique de l\u2019Ouest. Nos peuples fondent beaucoup d\u2019espoir sur nous. Nous n\u2019avons pas le droit de les d\u00e9cevoir. Agissons vite, agissons ensemble pour donner une nouvelle vie \u00e0 nos terres \u00bb, a conseill\u00e9 le chef de l&#8217;Etat ivoirien. <\/p>\n<p>Une dizaine de chefs d\u2019\u00c9tats africains avaient   effectu\u00e9 le d\u00e9placement d\u2019Abidjan. Il s\u2019agit entre autres de Muhammadu Buhari, Pr\u00e9sident de la R\u00e9publique f\u00e9d\u00e9rale du Nigeria, Georges Weah, Pr\u00e9sident du Lib\u00e9ria,  <\/p>\n<p><strong>[Lancement de PEPITE pour accompagner les PME]<\/strong><\/p>\n<p>L&#8217;appel \u00e0 candidature en vue de l&#8217;inscription des entreprises ivoiriennes \u00e0 fort potentiel au Programme \u00e9conomique pour l&#8217;innovation et la transformation des entreprises (PEPITE) a \u00e9t\u00e9  lanc\u00e9 le mercredi 5 octobre 2022 \u00e0 Abidjan, par le Premier ministre Patrick Achi, chef du gouvernement. Consid\u00e9r\u00e9 comme un des piliers de la Vision 2030 du Pr\u00e9sident Alassane Ouattara, le Programme \u00e9conomique pour l&#8217;innovation et la transformation des entreprises de C\u00f4te d&#8217;Ivoire va s&#8217;\u00e9tendre sur 10 ans. Chaque ann\u00e9e, 150 entreprises seront s\u00e9lectionn\u00e9es afin de b\u00e9n\u00e9ficier de l&#8217;accompagnement technique ou financier de l&#8217;\u00c9tat de C\u00f4te d&#8217;Ivoire. Lors du lancement de ce programme, le Premier ministre Patrick Achi a d\u00e9clin\u00e9 l\u2019ambition de PEPITE, \u00e0 savoir construire les futures locomotives \u00e9conomiques de la C\u00f4te d\u2019Ivoire \u00e0 partir de PME et PMI \u00e0 haut-potentiel.<\/p>\n<p><strong><br \/>\n[Le GUDE-PME, l\u2019interlocuteur privil\u00e9gi\u00e9 des Petites et moyennes entreprises ivoiriennes]<\/strong><\/p>\n<p>Les Petites et moyennes entreprises de C\u00f4te d\u2019Ivoire ont un interlocuteur privil\u00e9gi\u00e9 charg\u00e9 de les accompagner dans toutes les \u00e9tapes de leur croissance et leur comp\u00e9titivit\u00e9, depuis le 19 d\u00e9cembre 2022, \u00e0 travers le lancement des activit\u00e9s du Guichet unique des PME de C\u00f4te d\u2019Ivoire (GUDE-PME). \u00ab La mise en place du GUDE-PME traduit l\u2019ambition de la transformation structurelle de notre \u00e9conomie en faisant du secteur priv\u00e9 le moteur de la cr\u00e9ation d\u2019emploi et de la richesse de notre pays. C\u2019est donc avec le secteur priv\u00e9 que nous c\u00e9l\u00e9brons la naissance de cette structure qui sera l\u2019alli\u00e9 de nos entrepreneurs, pour apporter des r\u00e9ponses concr\u00e8tes et innovantes \u00e0 leurs enjeux de cr\u00e9ation, de financement et de croissance, afin de faire d\u2019eux les fers de lance d\u2019une C\u00f4te d\u2019Ivoire prosp\u00e8re et solidaire, o\u00f9 les emplois seront nombreux, les revenus croissants  et les progr\u00e8s partag\u00e9s \u00e0 tous \u00bb, avait d\u00e9clar\u00e9 le Premier ministre Patrick Achi, au cours de la c\u00e9r\u00e9monie de lancement des activit\u00e9s du GUDE-PME.   <\/p>\n<p><strong><br \/>\n[Mohamed Bazoum, pr\u00e9sident en exercice de la conf\u00e9rence des chefs d\u2019\u00c9tat et de gouvernement de l\u2019UEMOA]<\/strong><\/p>\n<p>La 23\u00e8me session ordinaire de la conf\u00e9rence des chefs d\u2019Etat et de gouvernement s\u2019est tenue \u00e0 Abidjan, le 5 d\u00e9cembre 2022. Elle a permis la d\u00e9signation du nouveau pr\u00e9sident en exercice de la conf\u00e9rence des chefs d\u2019\u00c9tat et de gouvernement de l\u2019UEMOA, en la personne du Pr\u00e9sident du Niger, Mohamed Bazoum. En l\u2019absence de ce dernier, le Pr\u00e9sident Alassane Ouattara a remis le fanion de l\u2019Union \u00e9conomique et mon\u00e9taire ouest-africaine \u00e0 Ouhoumoudou Mahamadou, Premier ministre du Niger. \u00ab Je voudrais, au nom du Pr\u00e9sident Mohamed Bazoum, remercier l\u2019ensemble de ses pairs pour la confiance qui a \u00e9t\u00e9 plac\u00e9e en lui et au Niger, pour lui confier la pr\u00e9sidence de notre Institution. Je voudrais vous rassurer que le Niger fera tout, au cours de son mandat, pour que notre union fasse des progr\u00e8s remarquables en ce qui concerne l\u2019int\u00e9gration \u00e9conomique r\u00e9gionale \u00bb, a dit le Premier ministre du Niger. Le Pr\u00e9sident Alassane Ouattara s\u2019est dit heureux d\u2019accueillir \u00e0 Abidjan, ses homologues du S\u00e9n\u00e9gal, Macky Sall et de la Guin\u00e9e-Bissau, Umaru Sissoko Embalo, pour la 23\u00e8me session ordinaire de la conf\u00e9rence des chefs d\u2019\u00c9tat et de gouvernement de l\u2019Union \u00e9conomique et mon\u00e9taire ouest-africaine (UEMOA).<\/p>\n<p><strong>SPORT<\/strong><\/p>\n<p>Sportivement  parlant, l&#8217;ann\u00e9e 2022 a \u00e9t\u00e9 domin\u00e9e par des faits majeurs au niveau du football. La s\u00e9lection nationale de football pr\u00e9sente \u00e0 la Coupe d&#8217;Afrique des nations (CAN)2021 au Cameroun s&#8217;est arr\u00eat\u00e9e en huiti\u00e8mes de finale. Les \u00c9l\u00e9phants ont \u00e9t\u00e9 stopp\u00e9s par les Pharaons d&#8217;\u00c9gypte lors de la s\u00e9ance de tirs au but. Sous la houlette du s\u00e9lectionneur Beaumelle, S\u00e9bastien Haller et ses co\u00e9quipiers n&#8217;ont pas fait mieux que lors de la CAN 2019 en \u00c9gypte o\u00f9 ils ont \u00e9t\u00e9 sortis en quart de finale par l&#8217;Alg\u00e9rie. <\/p>\n<p><strong>[ Le S\u00e9n\u00e9gal, roi d&#8217;Afrique !] <\/strong><\/p>\n<p>Cette 33e \u00e9dition de la CAN 2021 au Cameroun a \u00e9t\u00e9 remport\u00e9e par les Lions de la Teranga. Sadio Man\u00e9 et ses co\u00e9quipiers ont dompt\u00e9 les pharaons d&#8217;\u00c9gypte conduits par Mohamed Salah \u00e0 l&#8217;\u00e9preuve de la s\u00e9ance des tirs au but. Pour la premi\u00e8re fois de l&#8217;histoire du football africain, le S\u00e9n\u00e9gal inscrit son nom sur la liste de nations vainqueurs de ce graal continental. <\/p>\n<p><strong>[ Une nouvelle gouvernance \u00e0 la FIF avec Idriss Diallo] <\/strong><\/p>\n<p>Pendant que Augustin Senghor, pr\u00e9sident de la F\u00e9d\u00e9ration s\u00e9n\u00e9galaise de football c\u00e9l\u00e9brait son premier sacre continental, la F\u00e9d\u00e9ration Ivoirienne de Football sous normalisation depuis d\u00e9cembre 2020 par la FIFA, se pr\u00e9parait \u00e0 sortir de cette situation. Le comit\u00e9 de normalisation pilot\u00e9 par Dao Gabala apr\u00e8s plusieurs p\u00e9rip\u00e9ties a fini par organiser l&#8217;\u00e9lection \u00e0 la pr\u00e9sidence de la FIF en Avril 2022 \u00e0 Yamoussoukro.<\/p>\n<p>Sory Diabat\u00e9, Yacine Idriss Diallo, Didier Drogba \u00e9taient les candidats en lice pour succ\u00e9der \u00e0 feu Augustin Sidy Diallo. A Yamoussoukro, le 23 avril 2022, les membres actifs ont port\u00e9 leur choix sur le vice-pr\u00e9sident de L&#8217;AFAD, Yacine Idriss Diallo au  second tour de cette \u00e9lection.  En opposition avec Sory Diabat\u00e9, Yacine Idriss Diallo a obtenu  63 voix contre 61 pour Sory Diabat\u00e9. Didier Drogba au premier tour avait obtenu 21 voix, quand Idriss Diallo glanait 59 voix et Sory Diabat\u00e9 50 voix. <\/p>\n<p><strong>[ Jean Louis Gasset, le nouvel entra\u00eeneur des \u00c9l\u00e9phants] <\/strong><\/p>\n<p>\u00c9lu, Yacine Idriss Diallo, nouveau patron de la \u2018\u2019Maison de verre\u2019\u2019 a pris fonction en mai 2022 en mettant un accent sur la s\u00e9lection nationale de football, qui, malheureusement, ne s&#8217;est pas qualifi\u00e9e pour la deuxi\u00e8me cons\u00e9cutive pour une phase finale de coupe du monde. Dans l&#8217;optique de pr\u00e9parer la CAN 2023 en C\u00f4te d\u2019Ivoire, Yacine Idriss Diallo a d\u00e9sign\u00e9 un nouvel entra\u00eeneur pour la s\u00e9lection nationale de football en la personne de Jean Louis Gasset. Ce technicien fran\u00e7ais a pour mission de constituer une \u00e9quipe &#8221; Commando &#8221; en vue de remporter la CAN 2023 en C\u00f4te d\u2019Ivoire. <\/p>\n<p>Au niveau du football local, la nouvelle \u00e9quipe dirigeante du ballon rond en C\u00f4te d\u2019Ivoire a engag\u00e9 plusieurs r\u00e9formes. On retient que le championnat national de football ligue 1 se joue d\u00e9sormais avec 16 clubs et non 14 clubs. Le football local est toujours domin\u00e9 par l&#8217;Asec Mimosas. <\/p>\n<p><strong>[Des pas pos\u00e9s pour la CAN 2023] <\/strong><\/p>\n<p>D&#8217;importants pas ont \u00e9t\u00e9 pos\u00e9s en vue de lancer la machine de l&#8217;organisation  de la CAN 2023 en C\u00f4te d\u2019Ivoire. Le premier acte majeur a \u00e9t\u00e9 l&#8217;inauguration du bureau local de la Conf\u00e9d\u00e9ration Africaine de Football (CAF) en C\u00f4te d\u2019Ivoire \u00e0 la faveur des pr\u00e9paratifs de cette comp\u00e9tition. En pr\u00e9sence du pr\u00e9sident de la Caf, Patrice Motsepe, du ministre des Sports Danho Paulin, du pr\u00e9sident du COCAN, Fran\u00e7ois Amichia, le bureau local a \u00e9t\u00e9 inaugur\u00e9 en avril 2022. En novembre 2022, la Caf, la FIF et le Cocan ont paraph\u00e9 l&#8217;accord cadre, le document juridique qui indique clairement que la C\u00f4te d&#8217;Ivoire organisera cette 34e \u00e9dition de la CAN 2023. Cette comp\u00e9tition programm\u00e9e en 2023 a \u00e9t\u00e9 d\u00e9cal\u00e9e en janvier 2024 en raison des pr\u00e9visions climatiques. Au niveau des infrastructures sportives, seul le stade de Yamoussoukro a \u00e9t\u00e9 livr\u00e9 et inaugur\u00e9. Les autres stades ( San Pedro, Korhogo, Bouak\u00e9, et le F\u00e9licia) devraient \u00eatre livr\u00e9s fin mars 2023. Les travaux avancent bien. Autre point majeur dans la bonne marche de l&#8217; organisation de la CAN 2023, c&#8217;est le nouveau d\u00e9cret du 10 ao\u00fbt 2022 portant r\u00e9organisation du COCAN. Cette r\u00e9organisation, selon le d\u00e9cret, r\u00e9duit le nombre de commissions \u00e0 9 avec un seul vice-pr\u00e9sident en la personne du pr\u00e9sident de la FIF, Idriss Diallo. <\/p>\n<p><strong>[ Le Maroc entre dans l&#8217;histoire de la Coupe du monde] <\/strong><br \/>\n<img loading=\"lazy\" decoding=\"async\" src=\"https:\/\/www.lintelligentdabidjan.info\/news\/wp-content\/uploads\/2023\/01\/IMG-20230102-WA0050-300x150.jpg\" alt=\"IMG-20230102-WA0050\" width=\"300\" height=\"150\" class=\"alignnone size-medium wp-image-29669\" srcset=\"https:\/\/www.lintelligentdabidjan.info\/news\/wp-content\/uploads\/2023\/01\/IMG-20230102-WA0050-300x150.jpg 300w, https:\/\/www.lintelligentdabidjan.info\/news\/wp-content\/uploads\/2023\/01\/IMG-20230102-WA0050-768x384.jpg 768w, https:\/\/www.lintelligentdabidjan.info\/news\/wp-content\/uploads\/2023\/01\/IMG-20230102-WA0050-1024x512.jpg 1024w, https:\/\/www.lintelligentdabidjan.info\/news\/wp-content\/uploads\/2023\/01\/IMG-20230102-WA0050-696x348.jpg 696w, https:\/\/www.lintelligentdabidjan.info\/news\/wp-content\/uploads\/2023\/01\/IMG-20230102-WA0050-1068x534.jpg 1068w, https:\/\/www.lintelligentdabidjan.info\/news\/wp-content\/uploads\/2023\/01\/IMG-20230102-WA0050-840x420.jpg 840w, https:\/\/www.lintelligentdabidjan.info\/news\/wp-content\/uploads\/2023\/01\/IMG-20230102-WA0050.jpg 1280w\" sizes=\"auto, (max-width: 300px) 100vw, 300px\" \/><\/p>\n<p>Le mondial 2022 au Qatar reste l&#8217;un des \u00e9v\u00e9nements importants de cette ann\u00e9e 2022. Cette coupe du monde, la premi\u00e8re dans un pays arabe a \u00e9t\u00e9 l&#8217;occasion pour un pays africain, le Maroc d&#8217;inscrire son nom dans histoire d&#8217;une \u00e9dition de cette comp\u00e9tition. Les Lions de l&#8217;Atlas du Maroc ont pour la premi\u00e8re atteint le carr\u00e9 final de la coupe du monde. Les Marocains ont termin\u00e9 \u00e0 la quatri\u00e8me place. Une place historique. Cette coupe du monde a \u00e9t\u00e9 remport\u00e9e par l&#8217;Argentine de Lionel Messi. Le joueur du PSG remporte son premier troph\u00e9e de coupe du monde, le troisi\u00e8me pour l&#8217;Albiceleste. La France ne r\u00e9alise pas le doubl\u00e9 historique malgr\u00e9 un exceptionnel Mbapp\u00e9. <\/p>\n<p><strong>[ Un autre mondial pour Les El\u00e9phants basketteurs] <\/strong><\/p>\n<p>Jetons un regard au niveau  de la balle au panier, le basketball. Les El\u00e9phants basketteurs  obtiennent leur qualification pour le mondial 2023 pr\u00e9vue en concomitance en Indon\u00e9sie, au Japon et aux Philippines. C&#8217;est \u00e0 Abidjan, \u00e0 la faveur de la 4e fen\u00eatre des \u00e9liminatoires que les prot\u00e9g\u00e9s du pr\u00e9sident Mahama Coulibaly ont obtenu la qualification en battant le Cap-Vert (77-69) au Palais des sports de Treichville. Apr\u00e8s avoir battu successivement le Nigeria, puis l&#8217;Ouganda. <\/p>\n<p><strong>[ Un record pour Ta Lou] <\/strong><\/p>\n<p>En athl\u00e9tisme, Ta Lou Marie Jos\u00e9 a r\u00e9alis\u00e9 un nouveau record d&#8217;Afrique. Lors de la 10\u00e8me \u00e9tape de la Ligue de diamant \u00e0 Monaco, l\u2019Ivoirienne a r\u00e9alis\u00e9 un chrono de 10s72 effa\u00e7ant des tablettes les 10s78 d\u2019Ahour\u00e9. \u00ab J&#8217;ai pass\u00e9 une tr\u00e8s belle saison. De toute ma carri\u00e8re c&#8217;est l&#8217;une des meilleures. J&#8217;ai battu le record d&#8217;Afrique \u00e0 Monaco avec un temps de 10.72 secondes et je suis rentr\u00e9e dans le Top 8 de tous les temps \u00bb, s&#8217;est-elle r\u00e9jouie en conf\u00e9rence de presse en septembre 2022. <\/p>\n<p><strong>[ Ce qui attend les sportifs en 2023]<br \/>\n<\/strong><\/p>\n<p>En 2023, le sport-roi sera toujours au centre des actions ou activit\u00e9s. D\u00e9j\u00e0 en Janvier, l&#8217;\u00e9quipe nationale A&#8217; sera au centre des attentions \u00e0 la faveur du Championnat d&#8217;Afrique des Nations (CHAN) en Alg\u00e9rie. Le premier trimestre de l&#8217;ann\u00e9e 2023 sera aussi consacr\u00e9 \u00e0 la livraison des infrastructures sportives de la CAN 2023 et l&#8217;installation de bureau local de la CAF \u00e0 Abidjan. Les \u00e9liminatoires de la CAN 2023 reprendront en mars 2023. Une occasion pour Jean Louis Gasset, s\u00e9lectionneur des \u00c9l\u00e9phants de pr\u00e9senter son ossature de l&#8217;\u00e9quipe commando. En 2023, le mouvement sportif sera focalis\u00e9 sur les \u00e9liminatoires des JO Paris 2024.<\/p>\n<p><strong>SOCIETE<\/strong><br \/>\n<img loading=\"lazy\" decoding=\"async\" src=\"https:\/\/www.lintelligentdabidjan.info\/news\/wp-content\/uploads\/2023\/01\/IMG-20230102-WA0051-300x160.jpg\" alt=\"IMG-20230102-WA0051\" width=\"300\" height=\"160\" class=\"alignnone size-medium wp-image-29671\" srcset=\"https:\/\/www.lintelligentdabidjan.info\/news\/wp-content\/uploads\/2023\/01\/IMG-20230102-WA0051-300x160.jpg 300w, https:\/\/www.lintelligentdabidjan.info\/news\/wp-content\/uploads\/2023\/01\/IMG-20230102-WA0051.jpg 600w\" sizes=\"auto, (max-width: 300px) 100vw, 300px\" \/><\/p>\n<p>L\u2019ann\u00e9e 2022  vient de c\u00e9der la place \u00e0  2023 qui s\u2019est achev\u00e9e avec ses lots d\u2019espoir et de d\u00e9sespoir avec des faits qui ont marqu\u00e9 la sph\u00e8re sociale ivoirienne. L&#8217;Intelligent d&#8217;Abidjan a compil\u00e9 pour vous, de grands \u00e9v\u00e9nements qui ont marqu\u00e9 l\u2019ann\u00e9e \u00e9coul\u00e9e.<\/p>\n<p>L\u2019ann\u00e9e 2022 a \u00e9t\u00e9 riche en \u00e9v\u00e9nements tant heureux que malheureux. Cela  a \u00e9t\u00e9 perceptible au niveau  de la sant\u00e9  ,  la s\u00e9curit\u00e9 , le social <\/p>\n<p>Au niveau social , le gouvernement ivoirien d\u00e9cide \u00e0 l&#8217;issue du conseil des ministres du 28 septembre 2022 ,  de rendre obligatoire l\u2019adh\u00e9sion \u00e0 la couverture maladie universelle pour plusieurs types d&#8217;op\u00e9rations \u00e0 savoir le retrait du passeport, les inscriptions aux examens et concours d\u2019entr\u00e9e \u00e0 la fonction publique ou encore les recrutements dans tous les secteurs (public, parapublic, priv\u00e9). <\/p>\n<p><strong>[Signature de la tr\u00eave sociale entre le gouvernement et les organisations syndicales]<\/strong><\/p>\n<p>Le gouvernement ivoirien a sign\u00e9  le lundi 08 ao\u00fbt 2022 \u00e0 Abidjan,  la tr\u00eave sociale avec les  centrales syndicales de la fonction publique  sur la p\u00e9riode de 2022-2027 au cours d&#8217;une c\u00e9r\u00e9monie pr\u00e9sid\u00e9e \u00e0 la Primature par le chef du gouvernement J\u00e9r\u00f4me Patrick Achi.  Dans le cadre de cette   tr\u00eave sociale, le pr\u00e9sident de la  R\u00e9publique a pris plusieurs mesures en faveur des fonctionnaires et agents de l&#8217;Etat.<br \/>\nIl s\u2019agit de l\u2019extension du b\u00e9n\u00e9fice de l\u2019indemnit\u00e9 contributive au logement \u00e0 l\u2019ensemble des fonctionnaires et agents de l\u2019\u00c9tat car environ 1\/3 des agents n\u2019en b\u00e9n\u00e9ficient pas actuellement, la revalorisation, \u00e0 hauteur de 20 000 FCFA par mois, de l\u2019indemnit\u00e9 contributive au logement pour l\u2019ensemble des fonctionnaires et agents de l\u2019\u00c9tat, y compris les Forces de D\u00e9fense et de S\u00e9curit\u00e9. Cette indemnit\u00e9 \u00e9tait rest\u00e9e inchang\u00e9e depuis 1993 pour les fonctionnaires civils.Le Chef de l\u2019\u00c9tat a d\u00e9cid\u00e9 de revaloriser la prime mensuelle de transport rest\u00e9e inchang\u00e9e depuis 2008.<\/p>\n<p>Le Pr\u00e9sident Alassane Ouattara a \u00e9galement annonc\u00e9 la revalorisation, pour la premi\u00e8re fois depuis 1960, de l\u2019allocation familiale qui passe de 2 500 FCFA \u00e0 7 500 FCFA par mois et par enfant, selon les modalit\u00e9s d\u2019application habituelle, pour tous les fonctionnaires et agents de l\u2019\u00c9tat, y compris les Forces de D\u00e9fense et de S\u00e9curit\u00e9.<\/p>\n<p>Il a aussi annonc\u00e9 l\u2019instauration d\u2019une prime exceptionnelle de fin d\u2019ann\u00e9e, repr\u00e9sentant un tiers (1\/3) du salaire mensuel indiciaire de base du mois de d\u00e9cembre, qui sera pay\u00e9e au d\u00e9but du mois de janvier suivant, pour tous les fonctionnaires et agents de l\u2019\u00c9tat, y compris les Forces de D\u00e9fense et de S\u00e9curit\u00e9.<\/p>\n<p>Au niveau du priv\u00e9,  Il y a eu la revalorisation du Salaire Minimum Interprofessionnel Garanti (SMIG) qui est pass\u00e9 de 60 000 \u00e0 75 000 FCFA. <\/p>\n<p><strong>[Dec\u00e8s de la  premi\u00e8re femme g\u00e9n\u00e9rale de l&#8217;arm\u00e9e , G\u00e9n\u00e9ral Akissi Kouam\u00e9]<br \/>\n<\/strong><\/p>\n<p>Le 29 septembre 2022 la Cote d&#8217;Ivoire perd sa premi\u00e8re femme g\u00e9n\u00e9rale de l&#8217;arm\u00e9e , G\u00e9n\u00e9ral Akissi Kouam\u00e9. D\u00e9c\u00e8s survenu \u00e0 Abidjan de suites de maladie.  <\/p>\n<p>L\u2019on retient que 2022, au-del\u00e0 des soubresauts, a \u00e9t\u00e9 une fructueuse ann\u00e9e marqu\u00e9e par un contexte r\u00e9gional et international difficile mais, elle a aussi \u00e9t\u00e9 une ann\u00e9e de progr\u00e8s et de solidarit\u00e9 pour notre pays. Comme l\u2019a fait savoir  le chef de l\u2019\u00c9tat Alassane Ouattara dans son adresse du 31 d\u00e9cembre 2022.<br \/>\nProc\u00e8s de l&#8217;attentat de Grand Bassam<br \/>\n D\u00e9but\u00e9 le 30 novembre , le proc\u00e8s de l&#8217;attentat de Grand Bassam a livr\u00e9 son verdict le 28 d\u00e9cembre. Ce sera la perp\u00e9tuit\u00e9 pour dix des dix-huit accus\u00e9s, parmi lesquels six absents condamn\u00e9s par contumace et les quatre hommes pr\u00e9sents au tribunal criminel d\u2019Abidjan  .<\/p>\n<p><strong>CULTURE<\/strong> <\/p>\n<p>L\u2019\u00e9cosyst\u00e8me culturel ivoirien en 2022 a connu beaucoup de mouvements et de couleurs. Nous revenons sur ces quelques faits saillants qui ont marqu\u00e9 les 365 jours \u00e9coul\u00e9s en C\u00f4te d\u2019Ivoire.<\/p>\n<p><strong>[C\u00e9l\u00e9bration de la journ\u00e9e mondiale de la culture africaine et afro-descendante]<\/strong><\/p>\n<p><img loading=\"lazy\" decoding=\"async\" src=\"https:\/\/www.lintelligentdabidjan.info\/news\/wp-content\/uploads\/2023\/01\/IMG-20230102-WA0052-300x200.jpg\" alt=\"IMG-20230102-WA0052\" width=\"300\" height=\"200\" class=\"alignnone size-medium wp-image-29670\" srcset=\"https:\/\/www.lintelligentdabidjan.info\/news\/wp-content\/uploads\/2023\/01\/IMG-20230102-WA0052-300x200.jpg 300w, https:\/\/www.lintelligentdabidjan.info\/news\/wp-content\/uploads\/2023\/01\/IMG-20230102-WA0052-768x512.jpg 768w, https:\/\/www.lintelligentdabidjan.info\/news\/wp-content\/uploads\/2023\/01\/IMG-20230102-WA0052-696x464.jpg 696w, https:\/\/www.lintelligentdabidjan.info\/news\/wp-content\/uploads\/2023\/01\/IMG-20230102-WA0052-630x420.jpg 630w, https:\/\/www.lintelligentdabidjan.info\/news\/wp-content\/uploads\/2023\/01\/IMG-20230102-WA0052.jpg 960w\" sizes=\"auto, (max-width: 300px) 100vw, 300px\" \/><\/p>\n<p>Le lundi 24 janvier a eu lieu la 3\u00e8me  \u00e9dition de  la Journ\u00e9e mondiale  de la culture africaine et afro-descendante(Jmca)  (5\u00e8me au niveau mondial ) \u00e0 Adiak\u00e9 dans la r\u00e9gion du Sud Como\u00e9 en C\u00f4te d&#8217;Ivoire .<\/p>\n<p>Parrain de la c\u00e9r\u00e9monie, Hien Yacouba Si\u00e9, d\u00e9put\u00e9-maire de la commune d\u2019Adiak\u00e9, s\u2019est  r\u00e9joui  que sa cit\u00e9 soit devenue la capitale mondiale  de la culture ivoirienne sinon la capitale de la culture africaine mondiale pour un jour. Il a soutenu qu\u2019Adiak\u00e9 est le miroir de la C\u00f4te d\u2019Ivoire, le miroir du monde parce que toutes les communaut\u00e9s y vivent depuis des lustres avec les Ehotil\u00e9 ou B\u00e9tib\u00e9,  peuples automnes. <\/p>\n<p>Alaf\u00e9 Wakili, directeur g\u00e9n\u00e9ral de l&#8217;Intelligent d&#8217;Abidjan ,  pr\u00e9sident du comit\u00e9 d\u2019organisation a exprim\u00e9 son souhait de voir la Jmca avec un budget adopt\u00e9 en  Conseil ministres tout en traduisant toute sa reconnaissance au pr\u00e9sident de la R\u00e9publique pour son int\u00e9r\u00eat et sa sollicitude  pour cette journ\u00e9e en particulier et pour la culture en g\u00e9n\u00e9ral voire la culture africaine et afro descendante.  Le Pco a annonc\u00e9 qu\u2019il se pourrait que la 4\u00e8 \u00e9dition de la Jmca se tienne \u00e0 Koumassi, Agboville, Guiglo, et pourquoi pas  partout en C\u00f4te d\u2019Ivoire de mani\u00e8re simultan\u00e9e ? Il a rappel\u00e9 que le 24 janvier est une journ\u00e9e enti\u00e8re  d\u00e9di\u00e9e \u00e0 la culture africaine dans plusieurs de ses dimension<\/p>\n<p>La c\u00e9l\u00e9bration de la journ\u00e9e mondiale de la culture africaine et afro-descendante a connu son apoth\u00e9ose,  le m\u00eame jour au village Ki-Yi  \u00e0 Abidjan-Rivi\u00e8ra 2. \u00c0 cette occasion, les spectateurs ont vibr\u00e9 au rythme de la culture africaine.<\/p>\n<p><strong>[Rentr\u00e9e culturelle au  minist\u00e8re de la culture] <\/strong><\/p>\n<p> L\u2019\u00e9pop\u00e9e culturelle ivoirienne version 2022  a commenc\u00e9 officiellement le jeudi 17  f\u00e9vrier   avec la traditionnelle rentr\u00e9e culturelle sous le th\u00e8me \u2018\u2019 Les industries culturelles et cr\u00e9atives  au service du d\u00e9veloppement humain durable\u2019\u2019. Ce, sous l\u2019impulsion et la pr\u00e9sence effective de Harlette Badou, alors ministre de la Culture, de l\u2019Industrie des arts et du spectacle qui a donn\u00e9 le tempo. \u00c0 cette occasion,  elle a pr\u00e9sent\u00e9  sa matrice d\u2019action dont la pierre angulaire \u00e9tait la cr\u00e9ation des Directions r\u00e9gionales  de l\u2019Industrie des arts et du spectacle \u00e0 travers toute la C\u00f4te d\u2019Ivoire.  Par ailleurs, elle a demand\u00e9 \u00e0 tous de faire en sorte que  la 12\u00e8 \u00e9dition du March\u00e9 des arts du spectacle d\u2019Abidjan(Masa)  soit une r\u00e9ussite. Mais, quelques mois avant l\u2019\u00e9v\u00e9nement, le professeur Konat\u00e9 Yacouba, directeur g\u00e9n\u00e9ral du Masa est remplac\u00e9 par  Patrick Herv\u00e9 Yapi.  Patrick J\u00e9r\u00f4me  Achi, le Premier ministre de C\u00f4te d\u2019Ivoire    ouvrant les portes de la 12\u00e8 \u00e9dition du Masa, le samedi 5 mars 2022 a invit\u00e9 les partenaires au d\u00e9veloppement et les  investisseurs \u00e0 oser et de  venir au Masa parce que la  C\u00f4te d\u2019Ivoire les  attend.   \u00ab Chers partenaires au d\u00e9veloppement, chers investisseurs,  vous avez entendu mon message, osez, venez,  nous nous attendons. Nos artistes vous attendent pour inventer et \u00e9crire ces formidables   histoires pour l\u2019Afrique et le monde entier \u00bb, a dit le Chef de gouvernement.<\/p>\n<p><strong>[Fran\u00e7oise Remarck  remplace  Harlette Badou]<\/strong><\/p>\n<p>Nomm\u00e9e quelques jours plut\u00f4t en remplacement de Harlette Badou, Fran\u00e7oise Remarck  prend son premier contact minist\u00e9riel, le mercredi 27 avril 2022, \u00e0 l\u2019Institut national  sup\u00e9rieur des arts et de l\u2019action culturelle(Insaac) avec le personnel pour s\u2019impr\u00e9gner de  la situation de cet \u00e9tablissement.  Fran\u00e7oise Remarck multiplie les rencontres avec les artistes pour parler de droits d\u2019auteur, droits voisins et leur cl\u00e9 de partition. Elle r\u00e9p\u00e8te \u00e0 l\u2019envi aux artistes et autres op\u00e9rateurs culturels que la Culture est inscrite en bonne place dans les priorit\u00e9s du Programme national de d\u00e9veloppement(Pnd) 2021-2025 du pr\u00e9sident de la R\u00e9publique et du Premier ministre pour l\u2019\u00e9conomie qu\u2019elle cr\u00e9e.  Fran\u00e7oise Remarck a re\u00e7u  \u00e0 son cabinet Hanny Tchelley, la productrice de cin\u00e9ma, revenue de son exil. Elle a re\u00e7u  \u00e9galement une d\u00e9l\u00e9gation de la Guin\u00e9e Bissau pour parler de coop\u00e9ration culturelle Sud-Sud. <\/p>\n<p><strong>[Mlle Marl\u00e8ne Kany Kouassi \u00e9lue Miss C\u00f4te d&#8217;Ivoire] <\/strong><\/p>\n<p>Lanc\u00e9e le 17 f\u00e9vrier 2022, la 26\u00e8 \u00e9dition du concours de beaut\u00e9  \u2018\u2019Miss C\u00f4te d\u2019Ivoire\u2019\u2019 a connu son apoth\u00e9ose avec le sacre de Mlle Marl\u00e8ne Kany Kouassi,   qui succ\u00e8de \u00e0 la charmante Olivia Yac\u00e9. L\u2019ex-Miss C\u00f4te d\u2018Ivoire(Olivia)  est aur\u00e9ol\u00e9e du statut de 2\u00e8 dauphine de Miss monde 2022 depuis le 16 mars \u00e0 Porto Rico et la fille la plus belle d\u2019Afrique. C\u2019est la premi\u00e8re fois qu\u2019une Ivoirienne occupe un tel rang \u00e0 l\u2019\u00e9lection Miss monde.  Au niveau du concours Awoulala 2022, c\u2019est Mlle B\u00e9ret\u00e9 Mafer\u00e9  qui a rafl\u00e9 la couronne, le 30 juillet. Pendant ce temps, le comit\u00e9 national Awoulaba est en proie \u00e0 des divisions. Le Creative Africa Nexus programme (Canex), une initiative de Afreximbank,  a lieu  \u00e0 Abidjan  du 25 au 27 novembre \u00e0 Abidjan pour booster l\u2019industrie cr\u00e9ative.<\/p>\n<p><strong>Musique<\/strong><\/p>\n<p>Le festival des musiques urbaines d\u2019Anoumabo (Femua)  tenu du 10 au 15 mai, a enregistr\u00e9 comme d\u2019habitude de grands noms comme Youssoupha. La  diva A\u00efcha Kon\u00e9 a c\u00e9l\u00e9br\u00e9 ses 45 ans de carri\u00e8re musicale le 7 ao\u00fbt  quand Luckson Padaud, le roi du Laba-laba a marqu\u00e9 d\u2019une pierre blanche ses 40 ans sur sc\u00e8ne, les 27 ao\u00fbt et 3 septembre. Bailly Spinto  dans la foul\u00e9e, a f\u00eat\u00e9 \u00e9galement ses 50 ans musicaux.  Le groupe zouglou (Yod\u00e9 et Siro) a souffl\u00e9  les bougies de ses  25 ans  sc\u00e9niques. Soum Bill a fait le plein du palais de la culture le 25 novembre 2022 lors de son concert live.   De nouveaux noms comme Rosine Layo  ont fait irruption sur la sc\u00e8ne et avec cerise sur le g\u00e2teau, elle  a donn\u00e9 son premier grand concert le 29 d\u00e9cembre.  \u2018\u2019Bonjour 2023\u2019\u2019, l\u2019\u00e9mission de la Rti a \u00e9t\u00e9 enregistr\u00e9e le vendredi 30 d\u00e9cembre dans une salle archicomble du palais de la culture mais surtout avec le revers subi par Lo p\u00e8re Daloa qui a \u00e9t\u00e9 ramass\u00e9 et jet\u00e9 hors du chemin de Robert Mamb\u00e9. L\u2019affaire fait le tour des r\u00e9seaux sociaux.<\/p>\n<p><strong>Livres<\/strong><\/p>\n<p>La d\u00e9dicace du livre \u2018\u2019Cela vient du c\u0153ur !-Dominique Ouattara-100 discours forts illustr\u00e9s par des photos en 10 ans\u2019\u2019 du journaliste  Philippe Kouhon a eu lieu le mercredi 19 octobre en pr\u00e9sence de la Premi\u00e8re dame  dans  un espace d\u2019Abidjan-Cocody-Les Deux Plateaux en pr\u00e9sence de plusieurs personnalit\u00e9s dont  Anne D\u00e9sir\u00e9e Ouloto, ministre de la Fonction publique et la pr\u00e9faci\u00e8re  qui s\u2019est dit   \u00eatre t\u00e9moin  des actes de g\u00e9n\u00e9rosit\u00e9, d\u2019amour  et  de solidarit\u00e9  de Dominique Ouattara.<\/p>\n<p>\u00ab Ce livre est une r\u00e9trospective qui  confirme le travail accompli jusqu\u2019ici par les \u00e9quipes de ma Fondation et celles de mon cabinet, et  j\u2019en suis tr\u00e8s heureuse. Merci d\u2019avoir contribu\u00e9 \u00e0 notre devoir de m\u00e9moire collective. J\u2019ai choisi chaque mot et chaque phrase contenus dans ces discours avec soin et conviction, et j\u2019esp\u00e8re qu\u2019ils auront eu et continuent \u00e0 avoir un impact positif aupr\u00e8s de ceux et celles qui les recevront \u00bb, s\u2019est adress\u00e9e Dominique Ouattara \u00e0 Philippe Kouhon, l\u2019auteur du livre. <\/p>\n<p>Tiburce Koffi et Alex Kipr\u00e9 ont co\u00e9crit un grand livre de 1600 pages  sur la musique ivoirienne  dont le premier Tome  r\u00e9serv\u00e9 au reggae ivoirien a pour titre \u2018\u2019 Alpha Blondy et la  galaxie reggae ivoirienne\u2019\u2019. L\u2019\u0153uvre a \u00e9t\u00e9 pr\u00e9sent\u00e9e le 28 mars au grand public.   H\u00e9l\u00e8ne Lob\u00e9 succ\u00e8de \u00e0 Ety Macaire \u00e0 la pr\u00e9sidence de l\u2019Association des \u00e9crivains de C\u00f4te d\u2019Ivoire(Aeci) \u00e0 l\u2019issue d\u2019un congr\u00e8s ordinaire tenu en ao\u00fbt. Elle est issue du bureau sortant qui a re\u00e7u quitus de l\u2019assembl\u00e9e. La  12\u00e8 \u00e9dition du  Salon International du livre d\u2019Abidjan(Sila) s\u2019est tenue du 17 au 21 mai sur le th\u00e8me : \u00ab Engagement pour un lectorat africain actif et durable \u00bb et   a f\u00e9d\u00e9r\u00e9 tous les partis politiques autour du livre.<\/p>\n<p>Ainsi l\u2019\u00e9cosyst\u00e8me culturel ivoirien en 2022 a livr\u00e9 ses plus belles facettes<\/p>\n<p><strong>Mamadou Ouattara, Olivier Dion, JH Koffo, Ange Kouadio et Moustapha Ismaila<\/strong><\/p>\n","protected":false},"excerpt":{"rendered":"<p>Plusieurs faits et \u00e9v\u00e9nements ont marqu\u00e9 l&#8217;actualit\u00e9 politique, \u00e9conomique, sportive et socioculturelle en C\u00f4te d&#8217;Ivoire en 2022. Nous revenons sur quelques uns . POLITIQUE\/ Ti\u00e9moko Meyliet Kon\u00e9 Vice-pr\u00e9sident, nouvelle Direction du RHDP, retour de Bl\u00e9 Goud\u00e9 (\u2026), ces \u00e9v\u00e9nements politiques qui ont marqu\u00e9 2022 La nomination de Kon\u00e9 Meyliet Ti\u00e9moko en qualit\u00e9 de Vice-pr\u00e9sident de [&hellip;]<\/p>\n","protected":false},"author":3,"featured_media":29666,"comment_status":"closed","ping_status":"closed","sticky":false,"template":"","format":"standard","meta":{"_monsterinsights_skip_tracking":false,"_monsterinsights_sitenote_active":false,"_monsterinsights_sitenote_note":"","_monsterinsights_sitenote_category":0,"footnotes":""},"categories":[2,1,20,18,17,3,23],"tags":[1635,77,1637,1636,1639,1638],"class_list":["post-29661","post","type-post","status-publish","format-standard","has-post-thumbnail","hentry","category-featured","category-actualites","category-art-et-culture","category-economie","category-politique","category-societe","category-sport","tag-actualite","tag-cote-divoire","tag-economique","tag-politique","tag-socioculturelle-en-2022","tag-sportive"],"_links":{"self":[{"href":"https:\/\/www.lintelligentdabidjan.info\/news\/wp-json\/wp\/v2\/posts\/29661","targetHints":{"allow":["GET"]}}],"collection":[{"href":"https:\/\/www.lintelligentdabidjan.info\/news\/wp-json\/wp\/v2\/posts"}],"about":[{"href":"https:\/\/www.lintelligentdabidjan.info\/news\/wp-json\/wp\/v2\/types\/post"}],"author":[{"embeddable":true,"href":"https:\/\/www.lintelligentdabidjan.info\/news\/wp-json\/wp\/v2\/users\/3"}],"replies":[{"embeddable":true,"href":"https:\/\/www.lintelligentdabidjan.info\/news\/wp-json\/wp\/v2\/comments?post=29661"}],"version-history":[{"count":7,"href":"https:\/\/www.lintelligentdabidjan.info\/news\/wp-json\/wp\/v2\/posts\/29661\/revisions"}],"predecessor-version":[{"id":29673,"href":"https:\/\/www.lintelligentdabidjan.info\/news\/wp-json\/wp\/v2\/posts\/29661\/revisions\/29673"}],"wp:featuredmedia":[{"embeddable":true,"href":"https:\/\/www.lintelligentdabidjan.info\/news\/wp-json\/wp\/v2\/media\/29666"}],"wp:attachment":[{"href":"https:\/\/www.lintelligentdabidjan.info\/news\/wp-json\/wp\/v2\/media?parent=29661"}],"wp:term":[{"taxonomy":"category","embeddable":true,"href":"https:\/\/www.lintelligentdabidjan.info\/news\/wp-json\/wp\/v2\/categories?post=29661"},{"taxonomy":"post_tag","embeddable":true,"href":"https:\/\/www.lintelligentdabidjan.info\/news\/wp-json\/wp\/v2\/tags?post=29661"}],"curies":[{"name":"wp","href":"https:\/\/api.w.org\/{rel}","templated":true}]}}