{"id":29690,"date":"2023-01-06T11:36:48","date_gmt":"2023-01-06T10:36:48","guid":{"rendered":"https:\/\/www.lintelligentdabidjan.info\/news\/?p=29690"},"modified":"2023-01-06T12:17:15","modified_gmt":"2023-01-06T11:17:15","slug":"le-general-lassina-doumbia-a-alassane-ouattara-chef-supreme-des-armees-quel-que-soit-le-cas-de-figure-nous-ne-perdrons-jamais-notre-capacite-de-reaction","status":"publish","type":"post","link":"https:\/\/www.lintelligentdabidjan.info\/news\/le-general-lassina-doumbia-a-alassane-ouattara-chef-supreme-des-armees-quel-que-soit-le-cas-de-figure-nous-ne-perdrons-jamais-notre-capacite-de-reaction\/","title":{"rendered":"Le g\u00e9n\u00e9ral Lassina Doumbia \u00e0 Alassane Ouattara, chef supr\u00eame des Arm\u00e9es :  &#8220;Quel que soit le cas de figure, nous ne perdrons jamais notre capacit\u00e9 de r\u00e9action&#8221;"},"content":{"rendered":"<p><strong>Le g\u00e9n\u00e9ral de corps d&#8217;arm\u00e9e <a href=\"https:\/\/www.aip.ci\/cote-divoire-aip-nouvel-an-les-faci-reiterent-leur-determination-et-leur-engagement-a-garantir-la-defense-du-territoire-national\/\" target=\"_blank\">Lassina Doumbia,<\/a> chef d&#8217;\u00e9tat-major g\u00e9n\u00e9ral des Forces arm\u00e9es de C\u00f4te d&#8217;Ivoire (FACI) a r\u00e9affirm\u00e9, lors de la pr\u00e9sentation des v\u0153ux de nouvel An au Pr\u00e9sident Alassane Ouattara, chef supr\u00eame des Arm\u00e9es, le jeudi 5 janvier 2023 \u00e0 Abidjan, l&#8217;engagement de ses hommes \u00e0 assurer la s\u00e9curit\u00e9 du territoire national en toute circonstance. <\/strong><\/p>\n<p>Prenant la parole, en effet, au nom des Forces de d\u00e9fense et de s\u00e9curit\u00e9 (Arm\u00e9e, gendarmerie et police nationales, eaux et for\u00eats, les Douanes ivoiriennes et les affaires maritimes et portuaires), le g\u00e9n\u00e9ral de corps d&#8217;arm\u00e9e Lassina Doumbia a \u00e9voqu\u00e9 les d\u00e9fis \u00e0 relever en 2023 : la surveillance du territoire national face aux menaces terroristes, la s\u00e9curisation des \u00e9lections locales et celle de la Coupe d&#8217;Afrique des Nations pr\u00e9vue en janvier 2024 en C\u00f4te d&#8217;Ivoire. &#8220;En 2023, la C\u00f4te<br \/>\nd&#8217;Ivoire proc\u00e9dera<br \/>\nau renouvellement de ses instances locales et r\u00e9gionales. Nous savons l&#8217;importance et les enjeux li\u00e9s \u00e0 ces joutes \u00e9lectorales et la n\u00e9cessit\u00e9 de r\u00e9ussir ce rendez-vous de la vie d\u00e9mocratique. Les Forces de D\u00e9fense et de S\u00e9curit\u00e9 se tiendront, comme \u00e0 l&#8217;accoutum\u00e9e, aux c\u00f4t\u00e9s de l&#8217;organisme en charge de l&#8217;organisation de ces \u00e9lections. Elles savent \u00e9galement l&#8217;implication qui doit \u00eatre la leur aux c\u00f4t\u00e9s du<br \/>\nComit\u00e9 d&#8217;organisation de la Coupe d&#8217;Afrique des Nations 2023 pour le parfait d\u00e9roulement en terre ivoirienne, de la plus grande comp\u00e9tition sportive africaine (&#8230;) Au nom de toutes les Forces, je voudrais vous r\u00e9it\u00e9rer notre d\u00e9termination et notre engagement \u00e0 demeurer conforme aux contrats op\u00e9rationnels respectifs de nos commandements et administrations, c&#8217;est-\u00e0-dire garantir la d\u00e9fense du territoire, la s\u00e9curit\u00e9 des Institutions, des populations et de leurs biens, conform\u00e9ment aux promesses que vous avez faites aux Ivoiriens. La red\u00e9finition s\u00e9curitaire dans le Sahel et l&#8217;accroissement de la menace terroriste qui en est la r\u00e9sultante, avec son lot de d\u00e9plac\u00e9s et r\u00e9fugi\u00e9s, ajout\u00e9s<br \/>\naux turbulences g\u00e9opolitiques sous-r\u00e9gionales pourraient se pr\u00e9senter comme des obstacles dans notre marche vers une C\u00f4te d&#8217;Ivoire plus s\u00fbre, plus paisible. Nous voulons vous rassurer que, quel que soit le cas de figure, nous ne perdrons jamais notre capacit\u00e9 de r\u00e9action et nous nous montrerons dignes, \u00e0 chaque fois que de besoin, des sacrifices que vous consentez, au nom de la Nation, pour l&#8217;am\u00e9lioration de nos conditions de vie et de travail&#8221;, a d\u00e9clar\u00e9 le g\u00e9n\u00e9ral Doumbia. Il a exprim\u00e9 la gratitude des <a href=\"https:\/\/www.lintelligentdabidjan.info\/news\/yamoussoukro-inauguration-de-lecole-de-guerre-des-faci-hier-le-ministre-detat-hamed-bakayoko-quand-on-est-bien-forme-le-materiel-devient-efficient\/\" target=\"_blank\">Forces <\/a>de d\u00e9fense et de s\u00e9curit\u00e9, qui ont enregistr\u00e9 de nombreuses promotions dans leurs rangs, en ce d\u00e9but d&#8217;ann\u00e9e 2023. Les Forces y voient, selon le chef d&#8217;\u00e9tat-major g\u00e9n\u00e9ral des arm\u00e9es, la satisfaction du Chef Supr\u00eame des Arm\u00e9es quant \u00e0 l&#8217;ex\u00e9cution des missions, telles qu&#8217;il les a fix\u00e9es. &#8220;Elles y voient \u00e9galement les nombreuses attentes plac\u00e9es en elles (&#8230;) Les Forces de D\u00e9fense et de S\u00e9curit\u00e9 ont la pleine<br \/>\nconscience de la n\u00e9cessit\u00e9 de veiller \u00e0 la p\u00e9rennit\u00e9 de la<br \/>\nC\u00f4te d&#8217;Ivoire et son mod\u00e8le social, cette C\u00f4te d&#8217;Ivoire solidaire, seul bien que nous laisserons en h\u00e9ritage aux g\u00e9n\u00e9rations futures, comme nous l&#8217;ont l\u00e9gu\u00e9 nos sages devanciers. Cela doit \u00eatre la pr\u00e9occupation de tous les Ivoiriens et avec eux, les membres des Forces de D\u00e9fense et de S\u00e9curit\u00e9. Et elles y veilleront&#8221;, a ajout\u00e9 le g\u00e9n\u00e9ral Lassina Doumbia.<\/p>\n<p><strong>Olivier Dion<br \/>\n<\/strong><\/p>\n","protected":false},"excerpt":{"rendered":"<p>Le g\u00e9n\u00e9ral de corps d&#8217;arm\u00e9e Lassina Doumbia, chef d&#8217;\u00e9tat-major g\u00e9n\u00e9ral des Forces arm\u00e9es de C\u00f4te d&#8217;Ivoire (FACI) a r\u00e9affirm\u00e9, lors de la pr\u00e9sentation des v\u0153ux de nouvel An au Pr\u00e9sident Alassane Ouattara, chef supr\u00eame des Arm\u00e9es, le jeudi 5 janvier 2023 \u00e0 Abidjan, l&#8217;engagement de ses hommes \u00e0 assurer la s\u00e9curit\u00e9 du territoire national en [&hellip;]<\/p>\n","protected":false},"author":3,"featured_media":29691,"comment_status":"closed","ping_status":"closed","sticky":false,"template":"","format":"standard","meta":{"_monsterinsights_skip_tracking":false,"_monsterinsights_sitenote_active":false,"_monsterinsights_sitenote_note":"","_monsterinsights_sitenote_category":0,"footnotes":""},"categories":[2,17,3],"tags":[39,584,1654,1014,1653,1655],"class_list":["post-29690","post","type-post","status-publish","format-standard","has-post-thumbnail","hentry","category-featured","category-politique","category-societe","tag-alassane-ouattara","tag-armees","tag-capacite","tag-lassina-doumbia","tag-perdrons","tag-reaction"],"_links":{"self":[{"href":"https:\/\/www.lintelligentdabidjan.info\/news\/wp-json\/wp\/v2\/posts\/29690","targetHints":{"allow":["GET"]}}],"collection":[{"href":"https:\/\/www.lintelligentdabidjan.info\/news\/wp-json\/wp\/v2\/posts"}],"about":[{"href":"https:\/\/www.lintelligentdabidjan.info\/news\/wp-json\/wp\/v2\/types\/post"}],"author":[{"embeddable":true,"href":"https:\/\/www.lintelligentdabidjan.info\/news\/wp-json\/wp\/v2\/users\/3"}],"replies":[{"embeddable":true,"href":"https:\/\/www.lintelligentdabidjan.info\/news\/wp-json\/wp\/v2\/comments?post=29690"}],"version-history":[{"count":4,"href":"https:\/\/www.lintelligentdabidjan.info\/news\/wp-json\/wp\/v2\/posts\/29690\/revisions"}],"predecessor-version":[{"id":29695,"href":"https:\/\/www.lintelligentdabidjan.info\/news\/wp-json\/wp\/v2\/posts\/29690\/revisions\/29695"}],"wp:featuredmedia":[{"embeddable":true,"href":"https:\/\/www.lintelligentdabidjan.info\/news\/wp-json\/wp\/v2\/media\/29691"}],"wp:attachment":[{"href":"https:\/\/www.lintelligentdabidjan.info\/news\/wp-json\/wp\/v2\/media?parent=29690"}],"wp:term":[{"taxonomy":"category","embeddable":true,"href":"https:\/\/www.lintelligentdabidjan.info\/news\/wp-json\/wp\/v2\/categories?post=29690"},{"taxonomy":"post_tag","embeddable":true,"href":"https:\/\/www.lintelligentdabidjan.info\/news\/wp-json\/wp\/v2\/tags?post=29690"}],"curies":[{"name":"wp","href":"https:\/\/api.w.org\/{rel}","templated":true}]}}