{"id":29705,"date":"2023-01-09T23:36:40","date_gmt":"2023-01-09T22:36:40","guid":{"rendered":"https:\/\/www.lintelligentdabidjan.info\/news\/?p=29705"},"modified":"2023-01-10T00:58:47","modified_gmt":"2023-01-09T23:58:47","slug":"liberation-des-militaires-ivoiriens-des-organisations-politiques-levent-linterdiction-de-prestation-des-artistes-maliens-en-cote-divoire","status":"publish","type":"post","link":"https:\/\/www.lintelligentdabidjan.info\/news\/liberation-des-militaires-ivoiriens-des-organisations-politiques-levent-linterdiction-de-prestation-des-artistes-maliens-en-cote-divoire\/","title":{"rendered":"Lib\u00e9ration des militaires ivoiriens- Des organisations politiques l\u00e8vent l&#8217;interdiction de prestation des artistes maliens en C\u00f4te d\u2019Ivoire"},"content":{"rendered":"<p><em><strong>Des mouvements politiques f\u00e9licitent le pr\u00e9sident de la R\u00e9publique Alassane Ouattara d\u2019avoir us\u00e9 de la diplomatie pour la lib\u00e9ration et le retour des <a href=\"https:\/\/www.lintelligentdabidjan.info\/news\/affaire-des-49-militaires-arretes-au-mali-boga-sako-regler-diplomatiquement-sans-que-cela-nentrave-la-bonne-collaboration-quil-y-a-entre-nos-deux-pays\/\" target=\"_blank\">49 soldats<\/a> en C\u00f4te d\u2019Ivoire et ont lev\u00e9 les mesures d\u2019interdiction des spectacles des artistes maliens sur le sol ivoirien. <\/strong><\/em><\/p>\n<p>Les mouvements politiques, le Collectif National pour le Sursaut (Conasu), l&#8217;Alliance de la Jeunesse Ivoirienne (Aji) et \u2018\u2019Je suis 49\u2019\u2019 ont anim\u00e9 un point de presse conjoint relatif \u00e0 la lib\u00e9ration des 49 soldats, le lundi 09 janvier 2023 dans un h\u00f4tel d&#8217;Abidjan-Cocody.<br \/>\nCes mouvements de soutien aux 49 soldats ivoiriens ont, au cours de ce point de presse, par la voix du pr\u00e9sident de l&#8217;Alliance de la Jeunesse Ivoirienne, Awassa Abdoul salu\u00e9 la maestria et l&#8217;intelligence avec lesquelles le pr\u00e9sident Ivoirien Alassane Ouattara a su faire preuve pour parvenir \u00e0 un d\u00e9nouement heureux de la situation. \u00ab Nous saluons la lib\u00e9ration de nos 49 soldats et t\u00e9moignons notre reconnaissance au pr\u00e9sident de la R\u00e9publique Son Excellence Alassane Ouattara pour la maestria dont il a fait preuve \u00e0 travers la gestion de cette crise. Notre reconnaissance s\u2019adresse \u00e9galement aux Pr\u00e9sidents Faure Gnassingb\u00e9, Umaro Sissoko Ambalo \u00bb, a-t-il lanc\u00e9. Par ailleurs, il a traduit sa gratitude \u00e0 toute la jeunesse ivoirienne qui, bien qu\u2019ayant eu envie \u00e0 plusieurs reprises d\u2019exprimer son m\u00e9contentement \u00e0 travers des manifestations , a d\u00e9cid\u00e9 de s\u2019en tenir aux actions diplomatiques initi\u00e9es par le Pr\u00e9sident Alassane Ouattara.<\/p>\n<p><strong>Une lev\u00e9e de l\u2019interdiction de prestations des artistes maliens sur le territoire ivoirien<\/strong><\/p>\n<p>Des Ivoiriens avaient interdit tous spectacles des artistes maliens en C\u00f4te d\u2019Ivoire pour protester contre la d\u00e9tention des soldats ivoiriens au Mali. Le pr\u00e9sident du Collectif National pour le Sursaut (Conasu),<br \/>\nCoulibaly Zanga a annonc\u00e9 la lev\u00e9e de l\u2019interdiction de prestations des artistes maliens sur le <a href=\"https:\/\/news.lia.ci\/news\/politique\/aicha-kone-apres-le-retour-des-militaires-ivoiriens-en-captivite-au-mali-dieu-merci-gloire-a-dieu-mais\/\" target=\"_blank\">territoire ivoirien.<\/a> \u00ab Aujourd\u2019hui, nous annon\u00e7ons la lev\u00e9e de l\u2019interdiction de prestations des artistes maliens sur le territoire ivoirien. Tr\u00e8s bient\u00f4t, nous les inviterons \u00e0 venir faire la f\u00eate avec nous ici \u00e0 Abidjan pour non seulement leur dire merci pour avoir compris notre d\u00e9marche, mais aussi pour r\u00e9affirmer que le Mali et la C\u00f4te d\u2019Ivoire sont deux pays li\u00e9s par l\u2019histoire \u00bb, a-t-il d\u00e9clar\u00e9. Pour lui, les artistes sont des acteurs de la consolidation des relations qui existent entre les deux pays \u00e0 travers la promotion de la culture.<\/p>\n<p><strong>Des mouvements politiques taclent Soro Guillaume<\/strong><\/p>\n<p>Pour sa part, le pr\u00e9sident de \u2018\u2019Je suis 49\u2019\u2019, Y\u00e9o P\u00e9p\u00e9galigui a regrett\u00e9 que des ivoiriens notamment l\u2019ex-pr\u00e9sident de l\u2019Assembl\u00e9e nationale se soient associ\u00e9s \u00e0 la junte malienne pour traiter les soldats ivoiriens de mercenaires et souhait\u00e9 leur d\u00e9tention. \u00ab Ancien ministre de la D\u00e9fense, fut-il, m\u00eame Premier ministre et pr\u00e9sident de l\u2019Assembl\u00e9e Nationale de C\u00f4te d\u2019Ivoire. Quand on a occup\u00e9 une responsabilit\u00e9 \u00e0 un certain niveau, rester fid\u00e8le aux institutions de la C\u00f4te d\u2019Ivoire est plus qu\u2019un devoir citoyen. Nous, jeunes, sommes choqu\u00e9s de Guillaume Soro \u00e0 travers ses premi\u00e8res d\u00e9clarations qui a plut\u00f4t apport\u00e9 son soutien ferme \u00e0 la junte malienne. Cet acte de haute trahison sera puni t\u00f4t ou tard, car les Ivoiriens ne l\u2019oublieront jamais \u00bb, s\u2019est-il insurg\u00e9.<\/p>\n<p><strong>Tour\u00e9 Abdoulaye avec A. Traor\u00e9 (Stagiaire)<br \/>\n<\/strong><\/p>\n","protected":false},"excerpt":{"rendered":"<p>Des mouvements politiques f\u00e9licitent le pr\u00e9sident de la R\u00e9publique Alassane Ouattara d\u2019avoir us\u00e9 de la diplomatie pour la lib\u00e9ration et le retour des 49 soldats en C\u00f4te d\u2019Ivoire et ont lev\u00e9 les mesures d\u2019interdiction des spectacles des artistes maliens sur le sol ivoirien. Les mouvements politiques, le Collectif National pour le Sursaut (Conasu), l&#8217;Alliance de [&hellip;]<\/p>\n","protected":false},"author":3,"featured_media":29707,"comment_status":"closed","ping_status":"closed","sticky":false,"template":"","format":"standard","meta":{"_monsterinsights_skip_tracking":false,"_monsterinsights_sitenote_active":false,"_monsterinsights_sitenote_note":"","_monsterinsights_sitenote_category":0,"footnotes":""},"categories":[2,17],"tags":[759,77,895,1662,1661,1663,1664],"class_list":["post-29705","post","type-post","status-publish","format-standard","has-post-thumbnail","hentry","category-featured","category-politique","tag-artistes","tag-cote-divoire","tag-ivoiriens","tag-liberation","tag-maliens","tag-militants","tag-politiques"],"_links":{"self":[{"href":"https:\/\/www.lintelligentdabidjan.info\/news\/wp-json\/wp\/v2\/posts\/29705","targetHints":{"allow":["GET"]}}],"collection":[{"href":"https:\/\/www.lintelligentdabidjan.info\/news\/wp-json\/wp\/v2\/posts"}],"about":[{"href":"https:\/\/www.lintelligentdabidjan.info\/news\/wp-json\/wp\/v2\/types\/post"}],"author":[{"embeddable":true,"href":"https:\/\/www.lintelligentdabidjan.info\/news\/wp-json\/wp\/v2\/users\/3"}],"replies":[{"embeddable":true,"href":"https:\/\/www.lintelligentdabidjan.info\/news\/wp-json\/wp\/v2\/comments?post=29705"}],"version-history":[{"count":4,"href":"https:\/\/www.lintelligentdabidjan.info\/news\/wp-json\/wp\/v2\/posts\/29705\/revisions"}],"predecessor-version":[{"id":29714,"href":"https:\/\/www.lintelligentdabidjan.info\/news\/wp-json\/wp\/v2\/posts\/29705\/revisions\/29714"}],"wp:featuredmedia":[{"embeddable":true,"href":"https:\/\/www.lintelligentdabidjan.info\/news\/wp-json\/wp\/v2\/media\/29707"}],"wp:attachment":[{"href":"https:\/\/www.lintelligentdabidjan.info\/news\/wp-json\/wp\/v2\/media?parent=29705"}],"wp:term":[{"taxonomy":"category","embeddable":true,"href":"https:\/\/www.lintelligentdabidjan.info\/news\/wp-json\/wp\/v2\/categories?post=29705"},{"taxonomy":"post_tag","embeddable":true,"href":"https:\/\/www.lintelligentdabidjan.info\/news\/wp-json\/wp\/v2\/tags?post=29705"}],"curies":[{"name":"wp","href":"https:\/\/api.w.org\/{rel}","templated":true}]}}