{"id":29743,"date":"2023-01-12T00:05:52","date_gmt":"2023-01-11T23:05:52","guid":{"rendered":"https:\/\/www.lintelligentdabidjan.info\/news\/?p=29743"},"modified":"2023-01-12T00:05:52","modified_gmt":"2023-01-11T23:05:52","slug":"contribution-crise-des-49-soldats-ou-lopposition-principielle-entre-un-regime-normal-et-un-regime-dexception","status":"publish","type":"post","link":"https:\/\/www.lintelligentdabidjan.info\/news\/contribution-crise-des-49-soldats-ou-lopposition-principielle-entre-un-regime-normal-et-un-regime-dexception\/","title":{"rendered":"Contribution &#8211; Crise des 49 soldats ou l\u2019opposition principielle entre un r\u00e9gime normal et un r\u00e9gime d\u2019exception"},"content":{"rendered":"<p><em><strong>La crise entre la <a href=\"https:\/\/news.lia.ci\/news\/retour-des-49-militaires-ce-quen-pensent-les-ambassadeurs-accredites\/\" target=\"_blank\">C\u00f4te d\u2019Ivoire et le Mali <\/a>survenue apr\u00e8s l\u2019inculpation de\u00a0 49 soldats \u00a0ivoiriens accus\u00e9s d\u2019\u00eatre des \u00ab mercenaires \u00bb par le r\u00e9gime militaire malien et qui a tenu en haleine l\u2019actualit\u00e9 ouest-africaine a connu un d\u00e9nouement heureux le 7 janvier 2023, avec le retour en c\u00f4te d\u2019Ivoire des 46 deniers soldats. Au-del\u00e0 de ce bras de fer entre deux pays fr\u00e8res, s\u2019est jou\u00e9e en r\u00e9alit\u00e9, une confrontation entre deux principes, un r\u00e9gime d\u00e9mocratique et un r\u00e9gime d\u2019exception. <\/strong><\/em><\/p>\n<p>Par d\u00e9finition, la norme est admise et jug\u00e9e comme \u00e9tant ce qui est conforme \u00e0 la r\u00e8gle dans un domaine donn\u00e9. Dans le cadre de la politique, le r\u00e9gime normal est le r\u00e9gime d\u00e9mocratique. Que dire d\u2019un r\u00e9gime d\u2019exception ? Selon la Commission de l\u2019Union europ\u00e9enne, \u00ab l&#8217;\u00e9tat d&#8217;exception entra\u00eene \u00e0 la fois des d\u00e9rogations aux r\u00e8gles normales en mati\u00e8re de droits de l&#8217;homme et des modifications de la r\u00e9partition des fonctions et des pr\u00e9rogatives entre les divers organes de l&#8217;\u00c9tat. En effet, l&#8217;exp\u00e9rience a montr\u00e9 que c&#8217;est dans le contexte de l&#8217;\u00e9tat d&#8217;exception qu&#8217;ont tendance \u00e0 se produire les violations les plus graves des droits de l&#8217;homme \u00bb.<br \/>\nLe premier fait de cette opposition de principes est que, l\u2019\u00e9l\u00e9ment d\u00e9clencheur de cette crise est une erreur administrative commise par la partie ivoirienne qui, tr\u00e8s vite, a \u00e9t\u00e9 corrig\u00e9e. Trop tard, le r\u00e9gime d\u2019exception malien y a vu une intrusion de soldats ivoiriens sur son territoire en vue de son renversement. On note l\u00e0, le premier signe d\u2019agissement imputable \u00e0 un r\u00e9gime d\u2019exception qui, pour une si \u00ab petite \u00bb affaire qui devrait se r\u00e9gler entre deux services administratifs militaires, est exag\u00e9r\u00e9ment grossie au point d\u2019en faire une tentative de coup d\u2019\u00c9tat.<\/p>\n<p>Le deuxi\u00e8me \u00e9l\u00e9ment tient au fait que le r\u00e9gime ivoirien a inscrit sa d\u00e9marche dans un cadre normal en engageant une proc\u00e9dure diplomatique, sollicitant l\u2019intervention de l\u2019ONU au compte de laquelle ces<a href=\"https:\/\/www.lintelligentdabidjan.info\/news\/liberation-des-militaires-ivoiriens-des-organisations-politiques-levent-linterdiction-de-prestation-des-artistes-maliens-en-cote-divoire\/\" target=\"_blank\"> soldats<\/a> sont all\u00e9s au Mali. M\u00eame si celle-ci reconnait l\u2019erreur administrative \u00e0 la base du malentendu, la plus haute instance mondiale a balay\u00e9 du revers de la main la th\u00e8se malienne et reconnait que les soldats ivoiriens ont agi sous son mandat. Que nenni, le r\u00e9gime d\u2019exception malien a refus\u00e9 d\u2019entendre raison. Niant ainsi toute proc\u00e9dure internationale admise en pareilles circonstances, et raidissant sa position au nom de la d\u00e9fense de la souverainet\u00e9 du Mali.<br \/>\nLe troisi\u00e8me \u00e9l\u00e9ment de notre argumentaire est relatif au bras de fer avec la CEDEAO. En effet, le r\u00e9gime ivoirien s\u2019inscrivant toujours dans les cadres de r\u00e8glement des conflits internationaux a port\u00e9 l\u2019affaire devant les instances sous-r\u00e9gionales. Malgr\u00e9 les tentatives de r\u00e8glement \u00e0 l\u2019amiable, le r\u00e9gime d\u2019exception malien refuse d\u2019entendre raison. Surtout, quand on sait que cette crise est venue se greffer aux mesures de suspension dont il \u00e9tait frapp\u00e9 depuis sa prise de pouvoir par les armes. Il va s\u2019en suivre des sanctions qui seront lev\u00e9es plus tard face \u00e0 la d\u00e9gradation de la situation socio-\u00e9conomique au Mali.<br \/>\nLe quatri\u00e8me \u00e9l\u00e9ment se r\u00e9f\u00e8re au fait que le r\u00e9gime malien a donn\u00e9 plus de cr\u00e9dit \u00e0 la voie informelle de r\u00e8glement de ce conflit qu\u2019aux voies normales habituelles. La m\u00e9diation togolaise a <a href=\"https:\/\/afrikipresse.fr\/?s=liberation+49+soldats+\" target=\"_blank\">remport\u00e9 <\/a>l\u2019assentiment du r\u00e9gime militaire malien parce que, murmure-t-on, un des proches du pr\u00e9sident Faure Gnassingb\u00e9 serait un fr\u00e8re d\u2019armes du pr\u00e9sident de la transition malienne avec qui celui-ci a fait la m\u00eame \u00e9cole de formation militaire.<br \/>\nAu total, il ressort de cet \u00e9pisode ivoiro-malien que la divergence observ\u00e9e \u00e9tait fondamentalement d\u2019ordre principiel et structurel, loin d\u2019un r\u00e9el conflit entre les deux pays. Les modes de pens\u00e9e et d\u2019action \u00e9taient diam\u00e9tralement aux antipodes. C\u2019est pourquoi, il est essentiel que nos \u00c9tats soient gouvern\u00e9s par des r\u00e9gimes normalement \u00e9lus pour que les normes admises de gestion, de coop\u00e9ration et de n\u00e9gociation soient celles qui r\u00e9gulent la vie de chaque \u00c9tat et au niveau sous-r\u00e9gional.<\/p>\n<p><strong>NURUDINE OYEWOLE<\/strong><\/p>\n<p>Expert-consultant en communication<br \/>\nAnalyste politique<\/p>\n<p>&nbsp;<\/p>\n","protected":false},"excerpt":{"rendered":"<p>La crise entre la C\u00f4te d\u2019Ivoire et le Mali survenue apr\u00e8s l\u2019inculpation de\u00a0 49 soldats \u00a0ivoiriens accus\u00e9s d\u2019\u00eatre des \u00ab mercenaires \u00bb par le r\u00e9gime militaire malien et qui a tenu en haleine l\u2019actualit\u00e9 ouest-africaine a connu un d\u00e9nouement heureux le 7 janvier 2023, avec le retour en c\u00f4te d\u2019Ivoire des 46 deniers soldats. Au-del\u00e0 [&hellip;]<\/p>\n","protected":false},"author":3,"featured_media":29745,"comment_status":"closed","ping_status":"closed","sticky":false,"template":"","format":"standard","meta":{"_monsterinsights_skip_tracking":false,"_monsterinsights_sitenote_active":false,"_monsterinsights_sitenote_note":"","_monsterinsights_sitenote_category":0,"footnotes":""},"categories":[2,17],"tags":[1673,1246,77,511],"class_list":["post-29743","post","type-post","status-publish","format-standard","has-post-thumbnail","hentry","category-featured","category-politique","tag-49-soldats","tag-contribution","tag-cote-divoire","tag-mali"],"_links":{"self":[{"href":"https:\/\/www.lintelligentdabidjan.info\/news\/wp-json\/wp\/v2\/posts\/29743","targetHints":{"allow":["GET"]}}],"collection":[{"href":"https:\/\/www.lintelligentdabidjan.info\/news\/wp-json\/wp\/v2\/posts"}],"about":[{"href":"https:\/\/www.lintelligentdabidjan.info\/news\/wp-json\/wp\/v2\/types\/post"}],"author":[{"embeddable":true,"href":"https:\/\/www.lintelligentdabidjan.info\/news\/wp-json\/wp\/v2\/users\/3"}],"replies":[{"embeddable":true,"href":"https:\/\/www.lintelligentdabidjan.info\/news\/wp-json\/wp\/v2\/comments?post=29743"}],"version-history":[{"count":1,"href":"https:\/\/www.lintelligentdabidjan.info\/news\/wp-json\/wp\/v2\/posts\/29743\/revisions"}],"predecessor-version":[{"id":29746,"href":"https:\/\/www.lintelligentdabidjan.info\/news\/wp-json\/wp\/v2\/posts\/29743\/revisions\/29746"}],"wp:featuredmedia":[{"embeddable":true,"href":"https:\/\/www.lintelligentdabidjan.info\/news\/wp-json\/wp\/v2\/media\/29745"}],"wp:attachment":[{"href":"https:\/\/www.lintelligentdabidjan.info\/news\/wp-json\/wp\/v2\/media?parent=29743"}],"wp:term":[{"taxonomy":"category","embeddable":true,"href":"https:\/\/www.lintelligentdabidjan.info\/news\/wp-json\/wp\/v2\/categories?post=29743"},{"taxonomy":"post_tag","embeddable":true,"href":"https:\/\/www.lintelligentdabidjan.info\/news\/wp-json\/wp\/v2\/tags?post=29743"}],"curies":[{"name":"wp","href":"https:\/\/api.w.org\/{rel}","templated":true}]}}