{"id":29759,"date":"2023-01-13T01:01:00","date_gmt":"2023-01-13T00:01:00","guid":{"rendered":"https:\/\/www.lintelligentdabidjan.info\/news\/?p=29759"},"modified":"2023-01-13T01:06:17","modified_gmt":"2023-01-13T00:06:17","slug":"crise-des-49-soldats-ivoiriens-au-mali-le-sg-de-lonu-exprime-son-appreciation-de-la-gestion-faite-par-le-president-alassane-ouattara","status":"publish","type":"post","link":"https:\/\/www.lintelligentdabidjan.info\/news\/crise-des-49-soldats-ivoiriens-au-mali-le-sg-de-lonu-exprime-son-appreciation-de-la-gestion-faite-par-le-president-alassane-ouattara\/","title":{"rendered":"Crise des 49 soldats ivoiriens au Mali : le SG de l&#8217;ONU exprime son appr\u00e9ciation de la gestion faite par le Pr\u00e9sident Alassane Ouattara"},"content":{"rendered":"<p><strong>La communaut\u00e9 internationale ne tarit pas d&#8217;\u00e9loges sur la gestion par la C\u00f4te d&#8217;Ivoire et par le Pr\u00e9sident Alassane Ouattara de la <a href=\"https:\/\/www.lintelligentdabidjan.info\/news\/contribution-crise-des-49-soldats-ou-lopposition-principielle-entre-un-regime-normal-et-un-regime-dexception\/\" target=\"_blank\">crise des 49 soldats <\/a>qui avaient \u00e9t\u00e9 d\u00e9tenus au Mali. La derni\u00e8re r\u00e9action en date, est celle du Secr\u00e9taire g\u00e9n\u00e9ral de l\u2019ONU, M. Antonio Guterres. <\/strong><\/p>\n<p>En effet, recevant ce jeudi 9 janvier 2023 dans le cadre de la visite de travail qu\u2019il a effectu\u00e9e \u00e0 New York du 9 au 12 janvier 2023, S.E.M L\u00e9on Kacou Adom, Ministre D\u00e9l\u00e9gu\u00e9 aupr\u00e8s de la Ministre d\u2019Etat, Ministre des Affaires Etrang\u00e8res, de l\u2019Int\u00e9gration Africaine et de la Diaspora, le Secr\u00e9taire g\u00e9n\u00e9ral de l\u2019ONU, M. Antonio Guterres, a f\u00e9licit\u00e9 le Pr\u00e9sident Ouattara pour sa gestion remarquable de la crise des 49 soldats, selon un communiqu\u00e9 transmis par le service communiqu\u00e9 de la Mission Permanente de C\u00f4te d\u2019Ivoire \u00e0 l\u2019ONU.<\/p>\n<p><strong>Maintien de la contribution de la C\u00f4te d&#8217;Ivoire Op\u00e9rations de Maintien de la Paix <\/strong><\/p>\n<p>Outre la qu&#8217;est des 49 soldats militants ivoiriens pr\u00e9c\u00e9demment d\u00e9tenus au Mali, le communiqu\u00e9 informe que les \u00e9changes ont port\u00e9 \u00e9galement sur les progr\u00e8s r\u00e9alis\u00e9s en C\u00f4te d\u2019Ivoire en mati\u00e8re de paix, le processus de r\u00e9conciliation. \u00c0 cet effet, le Ministre L\u00e9on Kacou Adom a, au nom du Pr\u00e9sident de la R\u00e9publique, S.E.M. Alassane Ouattara, remerci\u00e9 le Secr\u00e9taire g\u00e9n\u00e9ral, pour les efforts qu\u2019il a fournis en vue du r\u00e8glement d\u00e9finitif de la crise des 49 soldats ivoiriens. Il a assur\u00e9 le Chef de l\u2019ONU de la d\u00e9termination du Pr\u00e9sident de la R\u00e9publique de C\u00f4te d&#8217;Ivoire , \u00e0 maintenir la contribution de son pays aux Op\u00e9rations de Maintien de la Paix.<\/p>\n<p><strong>Le dialogue politique et les performances \u00e9conomiques en C\u00f4te D\u2019Ivoire salu\u00e9s <\/strong><\/p>\n<p>Le Ministre d\u00e9l\u00e9gu\u00e9 a profit\u00e9 de l\u2019occasion qui lui a \u00e9t\u00e9 offerte, pour pr\u00e9senter bri\u00e8vement la situation socio-politique et \u00e9conomique de la C\u00f4te d\u2019Ivoire qui se caract\u00e9rise par des avanc\u00e9es notables dans les domaines de la r\u00e9conciliation, du dialogue politique et du d\u00e9veloppement.<\/p>\n<p>En r\u00e9ponse, le Secr\u00e9taire g\u00e9n\u00e9ral a f\u00e9licit\u00e9 le Pr\u00e9sident Ouattara pour sa gestion remarquable de la crise des 49 soldats. Il a remerci\u00e9 la C\u00f4te d\u2019Ivoire pour sa participation aux Op\u00e9rations de Maintien de la Paix. Il a \u00e9galement salu\u00e9 le dialogue politique en C\u00f4te d\u2019Ivoire auquel ont \u00e9t\u00e9 associ\u00e9 tous les leaders ainsi que les initiatives du Pr\u00e9sident de la R\u00e9publique en faveur de la r\u00e9conciliation et de la <a href=\"https:\/\/news.lia.ci\/news\/retour-des-49-militaires-ce-quen-pensent-les-ambassadeurs-accredites\/\" target=\"_blank\">coh\u00e9sion sociale.<\/a><\/p>\n<p>Le Secr\u00e9taire G\u00e9n\u00e9ral s\u2019est par ailleurs f\u00e9licit\u00e9 des performances \u00e9conomiques r\u00e9alis\u00e9es par la C\u00f4te d\u2019Ivoire malgr\u00e9 le contexte \u00e9conomique mondial difficile.<\/p>\n<p>Au terme de leur entretien, les deux Diplomates se sont f\u00e9licit\u00e9s de l\u2019excellence de la coop\u00e9ration entre la C\u00f4te d\u2019Ivoire et les Nations Unies et souhait\u00e9 que celle-ci se renforce davantage.<\/p>\n<p><strong>Yaya Traor\u00e9<\/strong><\/p>\n","protected":false},"excerpt":{"rendered":"<p>La communaut\u00e9 internationale ne tarit pas d&#8217;\u00e9loges sur la gestion par la C\u00f4te d&#8217;Ivoire et par le Pr\u00e9sident Alassane Ouattara de la crise des 49 soldats qui avaient \u00e9t\u00e9 d\u00e9tenus au Mali. La derni\u00e8re r\u00e9action en date, est celle du Secr\u00e9taire g\u00e9n\u00e9ral de l\u2019ONU, M. Antonio Guterres. En effet, recevant ce jeudi 9 janvier 2023 [&hellip;]<\/p>\n","protected":false},"author":3,"featured_media":29760,"comment_status":"closed","ping_status":"closed","sticky":false,"template":"","format":"standard","meta":{"_monsterinsights_skip_tracking":false,"_monsterinsights_sitenote_active":false,"_monsterinsights_sitenote_note":"","_monsterinsights_sitenote_category":0,"footnotes":""},"categories":[2,17],"tags":[39,1676,895,1677,511,780],"class_list":["post-29759","post","type-post","status-publish","format-standard","has-post-thumbnail","hentry","category-featured","category-politique","tag-alassane-ouattara","tag-crise-des-49-soldats","tag-ivoiriens","tag-ivoiriens-au-mali-le-sg-de-lonu-exprime-son-appreciation","tag-mali","tag-onu"],"_links":{"self":[{"href":"https:\/\/www.lintelligentdabidjan.info\/news\/wp-json\/wp\/v2\/posts\/29759","targetHints":{"allow":["GET"]}}],"collection":[{"href":"https:\/\/www.lintelligentdabidjan.info\/news\/wp-json\/wp\/v2\/posts"}],"about":[{"href":"https:\/\/www.lintelligentdabidjan.info\/news\/wp-json\/wp\/v2\/types\/post"}],"author":[{"embeddable":true,"href":"https:\/\/www.lintelligentdabidjan.info\/news\/wp-json\/wp\/v2\/users\/3"}],"replies":[{"embeddable":true,"href":"https:\/\/www.lintelligentdabidjan.info\/news\/wp-json\/wp\/v2\/comments?post=29759"}],"version-history":[{"count":1,"href":"https:\/\/www.lintelligentdabidjan.info\/news\/wp-json\/wp\/v2\/posts\/29759\/revisions"}],"predecessor-version":[{"id":29761,"href":"https:\/\/www.lintelligentdabidjan.info\/news\/wp-json\/wp\/v2\/posts\/29759\/revisions\/29761"}],"wp:featuredmedia":[{"embeddable":true,"href":"https:\/\/www.lintelligentdabidjan.info\/news\/wp-json\/wp\/v2\/media\/29760"}],"wp:attachment":[{"href":"https:\/\/www.lintelligentdabidjan.info\/news\/wp-json\/wp\/v2\/media?parent=29759"}],"wp:term":[{"taxonomy":"category","embeddable":true,"href":"https:\/\/www.lintelligentdabidjan.info\/news\/wp-json\/wp\/v2\/categories?post=29759"},{"taxonomy":"post_tag","embeddable":true,"href":"https:\/\/www.lintelligentdabidjan.info\/news\/wp-json\/wp\/v2\/tags?post=29759"}],"curies":[{"name":"wp","href":"https:\/\/api.w.org\/{rel}","templated":true}]}}