{"id":2983,"date":"2017-02-24T11:46:37","date_gmt":"2017-02-24T10:46:37","guid":{"rendered":"http:\/\/www.lintelligentdabidjan.info\/news\/?p=2983"},"modified":"2017-02-24T11:46:37","modified_gmt":"2017-02-24T10:46:37","slug":"representativite-des-femmes-mariatou-kone-reaffirme-lengagement-du-chef-de-letat","status":"publish","type":"post","link":"https:\/\/www.lintelligentdabidjan.info\/news\/representativite-des-femmes-mariatou-kone-reaffirme-lengagement-du-chef-de-letat\/","title":{"rendered":"Repr\u00e9sentativit\u00e9 des femmes  Mariatou Kon\u00e9 r\u00e9affirme l\u2019engagement du chef de l\u2019Etat"},"content":{"rendered":"<p>L\u2019Institut Fran\u00e7ais d\u2019Abidjan-Plateau a abrit\u00e9\u00a0 le mercredi 22 f\u00e9vrier 20107\u00a0 un \u00e9v\u00e9nement-d\u00e9bat\u00a0\u00a0 en pr\u00e9sence de Mariatou Kon\u00e9, ministre de\u00a0 la Femme, de la Protection de l\u2019Enfant et de la Solidarit\u00e9 et de l\u2019ambassadeur de France en Cote d\u2019Ivoire, Georges Serre.<!--more--><\/p>\n<p>\u2018\u2019 La repr\u00e9sentativit\u00e9 des femmes dans les sph\u00e8res politiques et d\u00e9cisionnelles\u2019\u2019 \u00e9tait le th\u00e8me de d\u00e9bat. Pour la ministre Mariatou Kon\u00e9, dans la politique de promotion et de protection de la femme pour un plus grand nombre de cette frange de la population dans les sph\u00e8res d\u00e9cisionnelles, la C\u00f4te d\u2019Ivoire a connu des avanc\u00e9es. Et elle a rappel\u00e9 que le Pr\u00e9sident de la R\u00e9publique Alassane Ouattara a r\u00e9affirm\u00e9 son engagement \u00e0 favoriser une plus large repr\u00e9sentation des femmes dans toutes les hautes instances.\u00a0 Selon la ministre, malgr\u00e9 les avanc\u00e9es enregistr\u00e9es, l\u2019on note une sous-repr\u00e9sentation des femmes au sein des partis politiques, des groupements politiques et dans les instances de prise de d\u00e9cisions. C&#8217;est pourquoi, \u00ab nous femmes de C\u00f4te d\u2019Ivoire, il nous appartient de nous battre pour faire entendre notre voix \u00bb, a encourag\u00e9 Mariatou Kon\u00e9. Elle a soulign\u00e9, par ailleurs que ce combat est en train de porter ses fruits, en t\u00e9moigne la nomination dans l\u2019arm\u00e9e de la premi\u00e8re femme G\u00e9n\u00e9ral de brigade en C\u00f4te d\u2019 Ivoire (G\u00e9n\u00e9ral de brigade Akissi Kouam\u00e9), et l\u2019ouverture du concours de l\u2019\u00c9cole militaire pr\u00e9paratoire technique de Bingerville (Empt) aux filles, l\u2019acc\u00e8s du concours de sous-officier de la gendarmerie aux filles.<\/p>\n<p>Pour la repr\u00e9sentante r\u00e9sidente de l\u2019Onu-femmes, Marie Goretti N\u2019Duwayo, le th\u00e8me, demeure une pr\u00e9occupation majeure au niveau national, r\u00e9gional et m\u00eame continental. Surtout que, estime-t-elle, la masse critique de 30% de repr\u00e9sentativit\u00e9 des femmes n\u2019est pas encore atteinte dans la majorit\u00e9 des pays africains. Reconnaissant \u00e9galement des progr\u00e8s institutionnels et juridiques en C\u00f4te d&#8217;Ivoire, elle soutient que ce r\u00e9sultat n\u2019a malheureusement pas d\u2019impact r\u00e9el, en d\u00e9pit des opportunit\u00e9s qu\u2019offrent les Articles 36 et 37 de la Constitution ivoirienne en mati\u00e8re de promotion et d\u2019insertion des femmes. Marie Goretti N\u2019Duwayo propose, n\u00e9anmoins, un d\u00e9bat inclusif qui interroge le syst\u00e8me juridique et qui pourra faire bouger les lignes.<\/p>\n<p>Pour sa part, l\u2019ambassadeur de France en C\u00f4te d\u2019Ivoire, Georges Serre a indiqu\u00e9 qu\u2019il faut avoir une vision transversale sur la femme dans toute activit\u00e9 de d\u00e9veloppement. Mieux, il faut leur faciliter l\u2019acc\u00e8s aux responsabilit\u00e9s d\u00e9cisionnelles et politiques. Rappelant que la France est actuellement \u00e0 24% de repr\u00e9sentativit\u00e9 des femmes. Donc, l\u2019atteinte des 30% en Afrique exigera encore plus de travail.<\/p>\n<p>&nbsp;<\/p>\n<p>MO avec T.Z<\/p>\n","protected":false},"excerpt":{"rendered":"<p>L\u2019Institut Fran\u00e7ais d\u2019Abidjan-Plateau a abrit\u00e9\u00a0 le mercredi 22 f\u00e9vrier 20107\u00a0 un \u00e9v\u00e9nement-d\u00e9bat\u00a0\u00a0 en pr\u00e9sence de Mariatou Kon\u00e9, ministre de\u00a0 la Femme, de la Protection de l\u2019Enfant et de la Solidarit\u00e9 et de l\u2019ambassadeur de France en Cote d\u2019Ivoire, Georges Serre.<\/p>\n","protected":false},"author":2,"featured_media":2700,"comment_status":"closed","ping_status":"closed","sticky":false,"template":"","format":"standard","meta":{"_monsterinsights_skip_tracking":false,"_monsterinsights_sitenote_active":false,"_monsterinsights_sitenote_note":"","_monsterinsights_sitenote_category":0,"footnotes":""},"categories":[3],"tags":[],"class_list":["post-2983","post","type-post","status-publish","format-standard","has-post-thumbnail","hentry","category-societe"],"_links":{"self":[{"href":"https:\/\/www.lintelligentdabidjan.info\/news\/wp-json\/wp\/v2\/posts\/2983","targetHints":{"allow":["GET"]}}],"collection":[{"href":"https:\/\/www.lintelligentdabidjan.info\/news\/wp-json\/wp\/v2\/posts"}],"about":[{"href":"https:\/\/www.lintelligentdabidjan.info\/news\/wp-json\/wp\/v2\/types\/post"}],"author":[{"embeddable":true,"href":"https:\/\/www.lintelligentdabidjan.info\/news\/wp-json\/wp\/v2\/users\/2"}],"replies":[{"embeddable":true,"href":"https:\/\/www.lintelligentdabidjan.info\/news\/wp-json\/wp\/v2\/comments?post=2983"}],"version-history":[{"count":1,"href":"https:\/\/www.lintelligentdabidjan.info\/news\/wp-json\/wp\/v2\/posts\/2983\/revisions"}],"predecessor-version":[{"id":2984,"href":"https:\/\/www.lintelligentdabidjan.info\/news\/wp-json\/wp\/v2\/posts\/2983\/revisions\/2984"}],"wp:featuredmedia":[{"embeddable":true,"href":"https:\/\/www.lintelligentdabidjan.info\/news\/wp-json\/wp\/v2\/media\/2700"}],"wp:attachment":[{"href":"https:\/\/www.lintelligentdabidjan.info\/news\/wp-json\/wp\/v2\/media?parent=2983"}],"wp:term":[{"taxonomy":"category","embeddable":true,"href":"https:\/\/www.lintelligentdabidjan.info\/news\/wp-json\/wp\/v2\/categories?post=2983"},{"taxonomy":"post_tag","embeddable":true,"href":"https:\/\/www.lintelligentdabidjan.info\/news\/wp-json\/wp\/v2\/tags?post=2983"}],"curies":[{"name":"wp","href":"https:\/\/api.w.org\/{rel}","templated":true}]}}