{"id":29862,"date":"2023-01-25T01:31:31","date_gmt":"2023-01-25T00:31:31","guid":{"rendered":"https:\/\/www.lintelligentdabidjan.info\/news\/?p=29862"},"modified":"2023-01-25T01:31:31","modified_gmt":"2023-01-25T00:31:31","slug":"education-et-formation-mariatou-kone-adama-diawara-et-nguessan-koffi-font-la-revue-conjointe","status":"publish","type":"post","link":"https:\/\/www.lintelligentdabidjan.info\/news\/education-et-formation-mariatou-kone-adama-diawara-et-nguessan-koffi-font-la-revue-conjointe\/","title":{"rendered":"\u00c9ducation et formation- Mariatou Kon\u00e9, Adama Diawara et N&#8217;Guessan Koffi font la revue conjointe"},"content":{"rendered":"<p><em><strong>Les ministres en charge du secteur \u00c9ducation-Formation Mariatou Kon\u00e9, Adama Diawara et N&#8217;Guessan Koffi ont pris des engagements  au terme de  la 6\u00e8me \u00e9dition de la revue conjointe du secteur \u00e9ducation-formation 2022.<\/strong><\/em><\/p>\n<p>Ouverte le jeudi 19 janvier 2023, la Revue conjointe du secteur \u00e9ducation-formation 2022 a referm\u00e9 ses portes, le vendredi 20 janvier 2023 \u00e0 la maison de l&#8217;entreprise d&#8217;Abidjan-Plateau avec des solutions novatrices pour am\u00e9liorer le secteur.<\/p>\n<p>Les d\u00e9fis pour une \u00e9cole ivoirienne de qualit\u00e9 restent nombreux et pressants. Pour les relever, cela a besoin d&#8217;une synergie d\u2019actions ad\u00e9quates pour la transformation des ressources disponibles en r\u00e9sultats probants. Intervenant au nom de la Ministre de l\u2019Education Nationale et de l\u2019Alphab\u00e9tisation, Pr Mariatou Kon\u00e9, et du Ministre de l\u2019Enseignement Sup\u00e9rieur et de la Recherche Scientifique, Adama Diawara, le ministre l&#8217;Enseignement Technique, de la Formation professionnelle et de l&#8217;Apprentissage a indiqu\u00e9 que l\u2019engagement des ministres en charge du secteur \u00c9ducation-Formation, qui ont pris une part active \u00e0 ces assises, confirme la volont\u00e9 de l\u2019institutionnalisation tant recherch\u00e9e de la revue sectorielle et des organes de coordination sectorielle. \u00ab Nous avons d\u00e9cid\u00e9, mes coll\u00e8gues et moi-m\u00eame, d\u2019inscrire la revue sectorielle comme une priorit\u00e9 et par la suite de prendre toutes les dispositions idoines en vue d\u2019activer le Comit\u00e9 Interminist\u00e9riel de Coordination du Secteur Education-Formation (Cicsef) et renforcer les capacit\u00e9s op\u00e9rationnelles de la Task Force \u00bb, a annonc\u00e9 N&#8217;Guessan Koffi.<br \/>\n Il a ajout\u00e9 que ces dispositions comprennent  \u00e0 la fois la disponibilit\u00e9 des donn\u00e9es statistiques en temps utile pour alimenter le rapport de performance du secteur, la mutualisation des ressources y aff\u00e9rentes, et la mise en coh\u00e9rence des documents sous-sectoriels de programmation pluriannuelle des d\u00e9penses et Projets annuels de performance en vue des conf\u00e9rences budg\u00e9taires minist\u00e9rielles. <\/p>\n<p><strong>Que les r\u00e9sultats de ces travaux inspirent <\/strong><\/p>\n<p>N&#8217;Guessan Koffi a souhait\u00e9 \u00e9galement que les r\u00e9sultats de ces travaux inspirent chez tous les acteurs et partenaires du syst\u00e8me \u00e9ducatif, un changement de paradigme dans l&#8217;accomplissement de leurs missions respectives, celui d&#8217;appr\u00e9hender la conception et la mise en \u0153uvre des projets et programmes dans une approche sectorielle. \u00ab Les statistiques pr\u00e9sent\u00e9es indiquent que nous devons faire preuve d&#8217;imagination et d&#8217;audace pour op\u00e9rer une n\u00e9cessaire transition \u00e9ducative en vue de rendre notre syst\u00e8me de formation r\u00e9silient \u00e0 la croissance d\u00e9mographique dont les cons\u00e9quences pourraient compromettre les efforts \u00bb, a-t-il indiqu\u00e9. Les \u00e9changes autour du rapport de performance du secteur ont relev\u00e9 la n\u00e9cessit\u00e9 de doter le syst\u00e8me \u00e9ducatif d&#8217;une politique sectorielle de gestion des flux. Parmi les neuf recommandations de la revue sectorielle, l&#8217;une adresse la question de la dynamisation de l&#8217;offre de formation dans les domaines des Sciences humaines et sociales, des Lettres, Langues et Arts en vue de les adapter aux besoins et aux r\u00e9alit\u00e9s du march\u00e9 de l&#8217;emploi.<br \/>\n Les ministres se sont, en outre, engag\u00e9s \u00e0 veiller \u00e0 ce que le processus de r\u00e9vision du plan sectoriel en cours, adresse la probl\u00e9matique de l&#8217;insertion professionnelle, conform\u00e9ment \u00e0 la vision du chef de l&#8217;Etat, qui est d&#8217;am\u00e9liorer l&#8217;employabilit\u00e9 du syst\u00e8me de formation professionnelle et universitaire.<br \/>\n Notons que cette Revue Conjointe du Secteur \u00c9ducation-Formation 2022 a \u00e9t\u00e9 marqu\u00e9e par six (6) Sessions, des panels et l\u2019adoption de neuf (9) recommandations.<\/p>\n<p><strong>Tour\u00e9 Abdoulaye avec A. Traor\u00e9 a(Stagiaire)<\/strong><\/p>\n","protected":false},"excerpt":{"rendered":"<p>Les ministres en charge du secteur \u00c9ducation-Formation Mariatou Kon\u00e9, Adama Diawara et N&#8217;Guessan Koffi ont pris des engagements au terme de la 6\u00e8me \u00e9dition de la revue conjointe du secteur \u00e9ducation-formation 2022. Ouverte le jeudi 19 janvier 2023, la Revue conjointe du secteur \u00e9ducation-formation 2022 a referm\u00e9 ses portes, le vendredi 20 janvier 2023 \u00e0 [&hellip;]<\/p>\n","protected":false},"author":3,"featured_media":29863,"comment_status":"closed","ping_status":"closed","sticky":false,"template":"","format":"standard","meta":{"_monsterinsights_skip_tracking":false,"_monsterinsights_sitenote_active":false,"_monsterinsights_sitenote_note":"","_monsterinsights_sitenote_category":0,"footnotes":""},"categories":[2,3],"tags":[827,1200,1590,376,1703],"class_list":["post-29862","post","type-post","status-publish","format-standard","has-post-thumbnail","hentry","category-featured","category-societe","tag-adama-diawara","tag-education","tag-formation","tag-mariatou-kone","tag-nguessan-koffi"],"_links":{"self":[{"href":"https:\/\/www.lintelligentdabidjan.info\/news\/wp-json\/wp\/v2\/posts\/29862","targetHints":{"allow":["GET"]}}],"collection":[{"href":"https:\/\/www.lintelligentdabidjan.info\/news\/wp-json\/wp\/v2\/posts"}],"about":[{"href":"https:\/\/www.lintelligentdabidjan.info\/news\/wp-json\/wp\/v2\/types\/post"}],"author":[{"embeddable":true,"href":"https:\/\/www.lintelligentdabidjan.info\/news\/wp-json\/wp\/v2\/users\/3"}],"replies":[{"embeddable":true,"href":"https:\/\/www.lintelligentdabidjan.info\/news\/wp-json\/wp\/v2\/comments?post=29862"}],"version-history":[{"count":1,"href":"https:\/\/www.lintelligentdabidjan.info\/news\/wp-json\/wp\/v2\/posts\/29862\/revisions"}],"predecessor-version":[{"id":29864,"href":"https:\/\/www.lintelligentdabidjan.info\/news\/wp-json\/wp\/v2\/posts\/29862\/revisions\/29864"}],"wp:featuredmedia":[{"embeddable":true,"href":"https:\/\/www.lintelligentdabidjan.info\/news\/wp-json\/wp\/v2\/media\/29863"}],"wp:attachment":[{"href":"https:\/\/www.lintelligentdabidjan.info\/news\/wp-json\/wp\/v2\/media?parent=29862"}],"wp:term":[{"taxonomy":"category","embeddable":true,"href":"https:\/\/www.lintelligentdabidjan.info\/news\/wp-json\/wp\/v2\/categories?post=29862"},{"taxonomy":"post_tag","embeddable":true,"href":"https:\/\/www.lintelligentdabidjan.info\/news\/wp-json\/wp\/v2\/tags?post=29862"}],"curies":[{"name":"wp","href":"https:\/\/api.w.org\/{rel}","templated":true}]}}