{"id":2991,"date":"2017-02-25T10:28:53","date_gmt":"2017-02-25T09:28:53","guid":{"rendered":"http:\/\/www.lintelligentdabidjan.info\/news\/?p=2991"},"modified":"2017-02-25T10:28:53","modified_gmt":"2017-02-25T09:28:53","slug":"les-samedis-de-biton-devenir-comme-un-africain","status":"publish","type":"post","link":"https:\/\/www.lintelligentdabidjan.info\/news\/les-samedis-de-biton-devenir-comme-un-africain\/","title":{"rendered":"Les Samedis de Biton : Devenir comme un Africain"},"content":{"rendered":"<p>A la derni\u00e8re sortie de mon fan-club, l\u2019une des conf\u00e9rences, anim\u00e9e par Ferdinand Bl\u00e9ka, \u00e9tait intitul\u00e9e\u00a0: \u00ab\u00a0Comment faire des Africains un Japonais.\u00a0\u00bb <!--more-->Je lui avais propos\u00e9 ce th\u00e8me en partant de son livre\u00a0: \u00ab\u00a0Quand le Japon appelle l\u2019Afrique au d\u00e9veloppement.\u00a0\u00bb Avant et apr\u00e8s cette conf\u00e9rence, des hommes ont r\u00e9agi. Jamais de femmes lorsqu\u2019il s\u2019agit de tout ce qui touche ou fr\u00f4le la politique et m\u00eame le social. Consid\u00e9rant que les femmes ach\u00e8tent 88 % de tout ce qui est produit au monde,\u00a0 on comprend ais\u00e9ment les difficult\u00e9s financi\u00e8res de la presse d\u2019information g\u00e9n\u00e9rale tandis que la presse f\u00e9minine croule sous la publicit\u00e9, source de rentabilit\u00e9 pour un journal. Or, la critique masculine consiste \u00e0 faire le gros dos, \u00e0 se faire remarquer et \u00e0 contester pour contester, cr\u00e9ant ainsi, sur les r\u00e9seaux sociaux, une cacophonie indescriptible. Des hommes refusent que les Africains deviennent des Japonais. Qu\u2019ils restent des Africains. Ils ont bien raison. Mais aucun d\u2019entre eux\u00a0 n\u2019ayant lu le livre ou assist\u00e9 \u00e0 la conf\u00e9rence on peut parler de mauvaise foi de leur part. Le manque de connaissance est un danger pour le d\u00e9veloppement harmonieux d\u2019une nation. Des pays africains pour ne pas mettre en mal la coh\u00e9sion nationale ont la tentation de couper dans leur pays les r\u00e9seaux sociaux. Si cette tendance de dire de tout et de n\u2019importe quoi, sans objectivit\u00e9, continue ainsi, je\u00a0 suis certain que des pays africains vont\u00a0 couper\u00a0 les r\u00e9seaux sociaux. Devenir des Africains qui peuvent le contester\u00a0? Mais si en cinquante ans le devenir Africain n\u2019a pas produit les r\u00e9sultats escompt\u00e9s, comment ne pas prendre chez les autres ce qui a fait leur force\u00a0? Au Japon existe une nation. En Afrique continue encore les ethnies, les tribus qui ne s\u2019int\u00e8grent toujours pas dans la nation. Le pire, c\u2019est dans tous les pays africains et s\u2019aggravent chaque jour un peu plus. A chaque nomination \u00e0 des postes, la m\u00eame question revient\u00a0: \u00ab\u00a0Pourquoi pas nous\u00a0?\u00a0\u00bb C\u2019est-\u00e0-dire notre ethnie. Presque tous les conflits politiques et les guerres qui\u00a0 naissent et se poursuivent sur notre continent prennent\u00a0 racine dans les probl\u00e8mes d\u2019ethnie et de r\u00e9gion. Bl\u00e9ka l\u2019a \u00e9crit dans son livre mais tous les Africains le savent. Pas de d\u00e9veloppement sans la construction d\u2019une nation. On y est trop loin pour le moment en Afrique. Le Japon malgr\u00e9 ses ethnies et ses r\u00e9gions l\u2019a parfaitement r\u00e9ussi. Pourquoi ne pas les imiter\u00a0? En Afrique, la nation existe quand l\u2019\u00e9quipe nationale de football joue. Et c\u2019est tout. Le reste, c\u2019est la division. J\u2019en veux toujours aux p\u00e8res de nos nations. Paix \u00e0 leur \u00e2me\u00a0! Apr\u00e8s les ind\u00e9pendances tous ont imit\u00e9 les colonisateurs. A savoir diviser pour r\u00e9gner.\u00a0 Avec les oncles de la nation le d\u00e9fi sera encore plus grand pour construire une nation. La premi\u00e8re t\u00e2che pour toutes les nations africaines, ensemble, est une loi pour interdire \u00e0 tout candidat aux municipales et aux l\u00e9gislatives de ne plus se pr\u00e9senter\u00a0\u00a0 dans leur r\u00e9gion d\u2019origine. Cela sera impossible par pays. L\u2019UA doit y penser. Cinquante ans perdus\u00a0! Piti\u00e9 pour l\u2019Afrique. Rester des Africains, c\u2019est persister dans le retard et l\u2019absent\u00e9isme au travail.\u00a0 Les chiffres sont bien connus. Ferdinand Bl\u00e9ka les cite et m\u00eame des cur\u00e9s de paroisse. De tous les continents du monde, l\u2019Afrique tient la queue et m\u00eame loin de l\u2019avant-dernier. Aucun d\u00e9veloppement possible sans beaucoup travailler des heures et des heures. L\u2019Afrique le sait, c\u2019est parce qu\u2019elle travaille moins qu\u2019elle ne se d\u00e9veloppe pas. Beaucoup de fid\u00e8les arrivent en retard aux messes le dimanche. Notre faible capacit\u00e9 de travail s\u2019explique par la chaleur. Mais la quasi-totalit\u00e9 des bureaux sont ventil\u00e9s ou climatis\u00e9s. La raison est donc ailleurs. Le manque d\u2019int\u00e9r\u00eat pour ce qu\u2019ils font. Cela se remarque aux concours. Un seul individu peut se pr\u00e9senter \u00e0 huit concours. Cela signifie qu\u2019il n\u2019aime aucun et son rendement sera faible. Ce n\u2019est pas dans ce continent, o\u00f9 dit-on est apparu le premier homme, qu\u2019un patron va d\u00e9missionner ou se suicider pour ne pas avoir atteint ses objectifs. C\u2019est encore au Japon que les travailleurs, malgr\u00e9 la gr\u00e8ve, continuent le boulot en portant un brassard. L\u2019amour et la r\u00e9ussite du pays avant tout. En Afrique, on ose dire sur les r\u00e9seaux sociaux\u00a0 sa haine du lundi. Sa haine de repartir au travail. Si on veut \u00eatre des Africains, c\u2019est bien. Continuons\u00a0! Le Pasteur Kambiri, le t\u00e9l\u00e9-\u00e9vang\u00e9liste disait\u00a0: \u00ab\u00a0Si on envoyait tous les Am\u00e9ricains en Afrique et les Africains en Am\u00e9rique, dans quinze ans, on ne reconna\u00eetra pas l\u2019Afrique et au m\u00eame moment l\u2019Am\u00e9rique deviendra sous-d\u00e9velopp\u00e9e avec des tas d\u2019ordures, des vendeurs et des vendeuses \u00e0 tous les carrefours, des huttes dans les carrefours, la jalousie qui va d\u00e9truire tous les projets, etc\u2026Ainsi va l\u2019Afrique. A la semaine prochaine.<\/p>\n<p>Par Isa\u00efe Biton Koulibaly<\/p>\n","protected":false},"excerpt":{"rendered":"<p>A la derni\u00e8re sortie de mon fan-club, l\u2019une des conf\u00e9rences, anim\u00e9e par Ferdinand Bl\u00e9ka, \u00e9tait intitul\u00e9e\u00a0: \u00ab\u00a0Comment faire des Africains un Japonais.\u00a0\u00bb<\/p>\n","protected":false},"author":2,"featured_media":2778,"comment_status":"closed","ping_status":"closed","sticky":false,"template":"","format":"standard","meta":{"_monsterinsights_skip_tracking":false,"_monsterinsights_sitenote_active":false,"_monsterinsights_sitenote_note":"","_monsterinsights_sitenote_category":0,"footnotes":""},"categories":[3],"tags":[],"class_list":["post-2991","post","type-post","status-publish","format-standard","has-post-thumbnail","hentry","category-societe"],"_links":{"self":[{"href":"https:\/\/www.lintelligentdabidjan.info\/news\/wp-json\/wp\/v2\/posts\/2991","targetHints":{"allow":["GET"]}}],"collection":[{"href":"https:\/\/www.lintelligentdabidjan.info\/news\/wp-json\/wp\/v2\/posts"}],"about":[{"href":"https:\/\/www.lintelligentdabidjan.info\/news\/wp-json\/wp\/v2\/types\/post"}],"author":[{"embeddable":true,"href":"https:\/\/www.lintelligentdabidjan.info\/news\/wp-json\/wp\/v2\/users\/2"}],"replies":[{"embeddable":true,"href":"https:\/\/www.lintelligentdabidjan.info\/news\/wp-json\/wp\/v2\/comments?post=2991"}],"version-history":[{"count":1,"href":"https:\/\/www.lintelligentdabidjan.info\/news\/wp-json\/wp\/v2\/posts\/2991\/revisions"}],"predecessor-version":[{"id":2992,"href":"https:\/\/www.lintelligentdabidjan.info\/news\/wp-json\/wp\/v2\/posts\/2991\/revisions\/2992"}],"wp:featuredmedia":[{"embeddable":true,"href":"https:\/\/www.lintelligentdabidjan.info\/news\/wp-json\/wp\/v2\/media\/2778"}],"wp:attachment":[{"href":"https:\/\/www.lintelligentdabidjan.info\/news\/wp-json\/wp\/v2\/media?parent=2991"}],"wp:term":[{"taxonomy":"category","embeddable":true,"href":"https:\/\/www.lintelligentdabidjan.info\/news\/wp-json\/wp\/v2\/categories?post=2991"},{"taxonomy":"post_tag","embeddable":true,"href":"https:\/\/www.lintelligentdabidjan.info\/news\/wp-json\/wp\/v2\/tags?post=2991"}],"curies":[{"name":"wp","href":"https:\/\/api.w.org\/{rel}","templated":true}]}}