{"id":2995,"date":"2017-02-25T11:27:20","date_gmt":"2017-02-25T10:27:20","guid":{"rendered":"http:\/\/www.lintelligentdabidjan.info\/news\/?p=2995"},"modified":"2017-02-25T11:27:20","modified_gmt":"2017-02-25T10:27:20","slug":"entretien-le-president-de-77-de-la-population-ivoirienne-promet-de-changer-limage-negative-des-jeunes","status":"publish","type":"post","link":"https:\/\/www.lintelligentdabidjan.info\/news\/entretien-le-president-de-77-de-la-population-ivoirienne-promet-de-changer-limage-negative-des-jeunes\/","title":{"rendered":"Entretien  Le pr\u00e9sident de 77% de la population ivoirienne promet de  changer l&#8217;image n\u00e9gative des jeunes"},"content":{"rendered":"<p>Pr\u00e9sident du Conseil National de la Jeunesse de C\u00f4te d\u2019Ivoire (CNJCI), depuis le 11 f\u00e9vrier 2017,\u00a0 d\u00e9l\u00e9gu\u00e9 d\u00e9partemental de Sikensi et d\u00e9l\u00e9gu\u00e9 r\u00e9gional de l\u2019agneby-tiassa, Edima N\u2019guessan Emmanuel, apr\u00e8s sa tourn\u00e9e de remerciements aupr\u00e8s des d\u00e9l\u00e9gu\u00e9s r\u00e9gionaux et d\u00e9partementaux, explique dans cet entretien accord\u00e9 \u00e0 Afrikipresse\u00a0 les r\u00f4les et missions du CNJCI, en vue de l\u2019\u00e9panouissement et de l\u2019\u00e9mergence de la jeunesse ivoirienne.<!--more--><\/p>\n<p>Plusieurs candidats \u00e9taient bien partis notamment Kon\u00e9 Maf\u00e9rima de Cocody . Qu\u2019est ce qui a fait la diff\u00e9rence entre vous et les autres?<\/p>\n<p>Ce qui a exactement fait la diff\u00e9rence, c\u2019est que depuis longtemps, nous nous pr\u00e9parions \u00e0 cela, par des rencontres avec les jeunes de plusieurs r\u00e9gions, des missions de sensibilisation aupr\u00e8s de ces derniers afin qu\u2019ils acceptent le conseil lors de sa phase pilote (2012-2014) o\u00f9 j\u2019\u00e9tais d\u00e9j\u00e0 le vice-pr\u00e9sident. Je connaissais donc la majorit\u00e9 des d\u00e9l\u00e9gu\u00e9s pour avoir travaill\u00e9 avec eux\u00a0 sur le projet. Nous sommes rest\u00e9s en contact, jusqu\u2019au congr\u00e8s. Me connaissant, ils savaient que je pouvais les repr\u00e9senter dignement aupr\u00e8s du gouvernement. C\u2019est un travail de longue haleine qui nous a port\u00e9 aujourd\u2019hui \u00e0 la t\u00eate de ce conseil.<\/p>\n<p>Quelles sont les missions qui vous sont assign\u00e9es et comment comptez-vous les mettre en application\u00a0 au niveau de la jeunesse ivoirienne?<\/p>\n<p>Il faut dire que le Cnjci est d\u00e9sormais la faiti\u00e8re de toutes les associations et de tous les groupements de jeunesse en C\u00f4te d\u2019Ivoire. \u00c0 l\u2019int\u00e9rieur, elles peuvent s\u2019exprimer autour des points les concernant. L\u2019\u00c9tat voit le Cnjci, comme l\u2019interface, le porte-voix des jeunes de C\u00f4te d\u2019Ivoire. Nous travaillerons \u00e0 faire en sorte que cette faiti\u00e8re soit connue et accept\u00e9e de tous. Nous irons partout m\u00eame dans les zones les plus recul\u00e9es du pays, pour les sensibiliser afin que les 77% de la population que repr\u00e9sentent les jeunes en C\u00f4te d\u2019Ivoire puissent prendre part de fa\u00e7on responsable \u00e0 la construction de ce pays et contribuer \u00e0 la coh\u00e9sion sociale.<\/p>\n<p>&nbsp;<\/p>\n<p>Quel est votre plan d\u2019action pour r\u00e9gler le probl\u00e8me du ch\u00f4mage au niveau de de la jeunesse ivoirienne?<\/p>\n<p>Nous pouvons d\u00e9j\u00e0 nous r\u00e9jouir, que le gouvernement ait d\u00e9j\u00e0 pris \u00e0 bras le corps ce probl\u00e8me de ch\u00f4mage qui mine cette jeunesse ivoirienne. Ils sont nombreux ces jeunes en C\u00f4te d\u2019Ivoire qui ignorent que depuis son accession au pouvoir, SEM Alassane Ouattara a cr\u00e9\u00e9 , des millions d\u2019emplois. Cependant, nous savons aussi que des efforts restent \u00e0 faire. Donc, le r\u00f4le du Cnjci, c\u2019est de faire savoir \u00e0 la jeunesse les efforts que le gouvernement entreprend\u00a0 au niveau de l\u2019emploi, et surtout de travailler en faisant en sorte que leurs pr\u00e9occupations soient prises en compte dans les instances d\u00e9cisionnelles.<\/p>\n<p>&nbsp;<\/p>\n<p>Que r\u00e9pondez-vous aux jeunes ivoiriens encore sceptiques face au CNJCI ?<\/p>\n<p>Franchement, je pense qu\u2019ils ont tort, ils ont tort de ne pas croire en ce conseil. J\u2019aimerais rappeler que c\u2019est une volont\u00e9 des chefs d\u2019\u00c9tat africains qui s\u2019est exprim\u00e9e en Gambie en Juillet 2006. C\u2019\u00e9tait donc une erreur qu\u2019il fallait r\u00e9parer au niveau de la C\u00f4te d\u2019Ivoire puisque dans la plupart des pays africains,\u00a0 notamment, au Niger, au Congo et le S\u00e9n\u00e9gal, les jeunes participent clairement aux instances de d\u00e9cisions \u00e0 travers le Cnjci. Les jeunes de C\u00f4te d\u2019Ivoire doivent donc voir en ce conseil une chance et prendre la place qui est la leur dans sa gestion.<\/p>\n<p>&nbsp;<\/p>\n<p>Vous \u00eates militant du Pdci-Rda et certains vous taxent d\u2019\u00eatre \u00e0 la solde du pouvoir. Que r\u00e9pondez-vous ?<\/p>\n<p>(Rire), vous me donnez l\u00e0, l\u2019occasion de dire merci au ministre Sidi Ti\u00e9moko Tour\u00e9, ministre de la Jeunesse et du Service Civique, qui avec beaucoup de d\u00e9termination a mis en \u0153uvre la vision du chef de l\u2019\u00c9tat, celui d\u2019organiser les jeunes. C\u2019est avec beaucoup de subtilit\u00e9 qu\u2019il a d\u00e9jou\u00e9 des plans sur lesquels nous ne voudrions pas revenir mais qui auraient pu bloquer le processus de ces \u00e9lections. Et, si ces \u00e9lections n\u2019\u00e9taient pas transparentes, nous savons que nous ne les aurions pas gagn\u00e9es. Je puis vous assurer qu\u2019aussi bien le minist\u00e8re que les partis politiques se sont tenus tr\u00e8s loin des candidats. Pour dire que ce scrutin n\u2019a souffert d\u2019aucune interf\u00e9rence. Les jeunes \u00e9taient m\u00eames heureux d\u2019avoir choisi librement leur pr\u00e9sident. C\u2019est ce jeu d\u00e9mocratique, qui devient pour nous, un cas d&#8217;\u00e9cole\u2019\u2019 et\u00a0 qu\u2019on doit pouvoir consolider \u00e0 notre niveau.<\/p>\n<p>&nbsp;<\/p>\n<p>Quel est votre appel aux jeunes de C\u00f4te d&#8217;Ivoire ?<\/p>\n<p>J\u2019invite tous les jeunes \u00e0 s\u2019affilier d\u00e9j\u00e0 \u00e0 des associations reconnues par l\u2019\u00c9tat de C\u00f4te d\u2019Ivoire de fa\u00e7on \u00e0 ce que leurs pr\u00e9occupations soient sues du gouvernement par la voix de la faiti\u00e8re. Je fais la promesse que pendant les 3 ans que va durer notre mandat, nous travaillerons pour la cause de la jeunesse ivoirienne. Nous disons aux jeunes que l\u2019espoir est permis, nous faisons confiance au gouvernement parce qu\u2019il nous donne d\u00e9sormais la parole. C\u2019est donc un conseil qui se veut inclusif ; associations religieuses, scolaires et universitaires, politiques etc, tous doivent se reconnaitre dans ce conseil d\u00e9sormais. Je suis le pr\u00e9sident de tous les jeunes de C\u00f4te d\u2019Ivoire. Enfin, nous disons merci au chef de l\u2019\u00c9tat qui donne la chance aujourd\u2019hui aux jeunes de C\u00f4te d\u2019Ivoire de soigner l\u2019image n\u00e9gative, qu\u2019ils ont eu d\u2019elle depuis longtemps.<\/p>\n<p>Afrikipresse<\/p>\n","protected":false},"excerpt":{"rendered":"<p>Pr\u00e9sident du Conseil National de la Jeunesse de C\u00f4te d\u2019Ivoire (CNJCI), depuis le 11 f\u00e9vrier 2017,\u00a0 d\u00e9l\u00e9gu\u00e9 d\u00e9partemental de Sikensi et d\u00e9l\u00e9gu\u00e9 r\u00e9gional de l\u2019agneby-tiassa, Edima N\u2019guessan Emmanuel, apr\u00e8s sa tourn\u00e9e de remerciements aupr\u00e8s des d\u00e9l\u00e9gu\u00e9s r\u00e9gionaux et d\u00e9partementaux, explique dans cet entretien accord\u00e9 \u00e0 Afrikipresse\u00a0 les r\u00f4les et missions du CNJCI, en vue de [&hellip;]<\/p>\n","protected":false},"author":2,"featured_media":2996,"comment_status":"closed","ping_status":"closed","sticky":false,"template":"","format":"standard","meta":{"_monsterinsights_skip_tracking":false,"_monsterinsights_sitenote_active":false,"_monsterinsights_sitenote_note":"","_monsterinsights_sitenote_category":0,"footnotes":""},"categories":[3],"tags":[],"class_list":["post-2995","post","type-post","status-publish","format-standard","has-post-thumbnail","hentry","category-societe"],"_links":{"self":[{"href":"https:\/\/www.lintelligentdabidjan.info\/news\/wp-json\/wp\/v2\/posts\/2995","targetHints":{"allow":["GET"]}}],"collection":[{"href":"https:\/\/www.lintelligentdabidjan.info\/news\/wp-json\/wp\/v2\/posts"}],"about":[{"href":"https:\/\/www.lintelligentdabidjan.info\/news\/wp-json\/wp\/v2\/types\/post"}],"author":[{"embeddable":true,"href":"https:\/\/www.lintelligentdabidjan.info\/news\/wp-json\/wp\/v2\/users\/2"}],"replies":[{"embeddable":true,"href":"https:\/\/www.lintelligentdabidjan.info\/news\/wp-json\/wp\/v2\/comments?post=2995"}],"version-history":[{"count":1,"href":"https:\/\/www.lintelligentdabidjan.info\/news\/wp-json\/wp\/v2\/posts\/2995\/revisions"}],"predecessor-version":[{"id":2997,"href":"https:\/\/www.lintelligentdabidjan.info\/news\/wp-json\/wp\/v2\/posts\/2995\/revisions\/2997"}],"wp:featuredmedia":[{"embeddable":true,"href":"https:\/\/www.lintelligentdabidjan.info\/news\/wp-json\/wp\/v2\/media\/2996"}],"wp:attachment":[{"href":"https:\/\/www.lintelligentdabidjan.info\/news\/wp-json\/wp\/v2\/media?parent=2995"}],"wp:term":[{"taxonomy":"category","embeddable":true,"href":"https:\/\/www.lintelligentdabidjan.info\/news\/wp-json\/wp\/v2\/categories?post=2995"},{"taxonomy":"post_tag","embeddable":true,"href":"https:\/\/www.lintelligentdabidjan.info\/news\/wp-json\/wp\/v2\/tags?post=2995"}],"curies":[{"name":"wp","href":"https:\/\/api.w.org\/{rel}","templated":true}]}}