{"id":30010,"date":"2023-02-08T00:00:45","date_gmt":"2023-02-07T23:00:45","guid":{"rendered":"https:\/\/www.lintelligentdabidjan.info\/news\/?p=30010"},"modified":"2023-02-08T00:01:27","modified_gmt":"2023-02-07T23:01:27","slug":"image-des-rois-et-chefs-traditionnels-yoro-seraphin-rappelle-les-efforts-consentis-par-ouattara","status":"publish","type":"post","link":"https:\/\/www.lintelligentdabidjan.info\/news\/image-des-rois-et-chefs-traditionnels-yoro-seraphin-rappelle-les-efforts-consentis-par-ouattara\/","title":{"rendered":"Image des rois et chefs traditionnels-Yoro S\u00e9raphin rappelle les efforts consentis par Ouattara"},"content":{"rendered":"<p><em><strong>Yoro S\u00e9raphin Marius rappelle les efforts consentis par Alassane Ouattara pour redorer l&#8217;image des chefs et rois traditionnels en C\u00f4te d&#8217;Ivoire.<\/strong><\/em><\/p>\n<p>Le conseiller du directeur g\u00e9n\u00e9ral du  Conseil du caf\u00e9 cacao, Yoro S\u00e9raphin par ailleurs fils du d\u00e9partement de Bangolo, a rappel\u00e9 le samedi 4 f\u00e9vrier 2023,  les efforts consentis par le Pr\u00e9sident Alassane Ouattara pour redorer l\u2019image des rois et chefs traditionnels en C\u00f4te d\u2019Ivoire. C&#8217;\u00e9tait \u00e0 l&#8217;occasion de l&#8217;investiture du chef de village de Bangolo-Kahen appel\u00e9 commun\u00e9ment Carrefour. Ce qui selon lui, d\u00e9montre l\u2019int\u00e9r\u00eat que le Pr\u00e9sident de la R\u00e9publique Alassane Ouattara, en plus d&#8217;\u00eatre un grand b\u00e2tisseur, accorde \u00e0 la chefferie. Yoro S\u00e9raphin qui \u00e9tait l&#8217;invit\u00e9 sp\u00e9cial de la c\u00e9r\u00e9monie a salu\u00e9 la coh\u00e9sion et l\u2019union autour du nouveau chef. Il a invit\u00e9 les populations au respect de la chefferie et \u00e0 la coh\u00e9sion pour une paix durable dans le village. Aussi, a-t-il  pr\u00f4n\u00e9 l\u2019entente, l\u2019harmonie et la paix pour la r\u00e9alisation de projets dans divers domaines.<\/p>\n<p> Apr\u00e8s son investiture, le chef de Kahen, D\u00e9h\u00e9 Firmin a salu\u00e9 la pr\u00e9sence de ses pairs du canton Zagna et la pr\u00e9sence du pr\u00e9sident de la conf\u00e9rence des chefs de village de Bangolo,  \u00e0 son investiture. Il a exprim\u00e9 la reconnaissance des populations pour les actions de d\u00e9veloppement de son village. Le nouveau chef entend placer son r\u00e8gne sous le signe de la coh\u00e9sion sociale et de la paix dans son village de pr\u00e8s de 7000 \u00e2mes.<\/p>\n<p><strong>Une correspondance particuli\u00e8re de CS<\/strong><\/p>\n","protected":false},"excerpt":{"rendered":"<p>Yoro S\u00e9raphin Marius rappelle les efforts consentis par Alassane Ouattara pour redorer l&#8217;image des chefs et rois traditionnels en C\u00f4te d&#8217;Ivoire. Le conseiller du directeur g\u00e9n\u00e9ral du Conseil du caf\u00e9 cacao, Yoro S\u00e9raphin par ailleurs fils du d\u00e9partement de Bangolo, a rappel\u00e9 le samedi 4 f\u00e9vrier 2023, les efforts consentis par le Pr\u00e9sident Alassane Ouattara [&hellip;]<\/p>\n","protected":false},"author":3,"featured_media":30011,"comment_status":"closed","ping_status":"closed","sticky":false,"template":"","format":"standard","meta":{"_monsterinsights_skip_tracking":false,"_monsterinsights_sitenote_active":false,"_monsterinsights_sitenote_note":"","_monsterinsights_sitenote_category":0,"footnotes":""},"categories":[2,17,3],"tags":[1752,1751,34,1728],"class_list":["post-30010","post","type-post","status-publish","format-standard","has-post-thumbnail","hentry","category-featured","category-politique","category-societe","tag-chefs-traditionnels","tag-image-des-rois","tag-ouattara","tag-yoro-seraphin"],"_links":{"self":[{"href":"https:\/\/www.lintelligentdabidjan.info\/news\/wp-json\/wp\/v2\/posts\/30010","targetHints":{"allow":["GET"]}}],"collection":[{"href":"https:\/\/www.lintelligentdabidjan.info\/news\/wp-json\/wp\/v2\/posts"}],"about":[{"href":"https:\/\/www.lintelligentdabidjan.info\/news\/wp-json\/wp\/v2\/types\/post"}],"author":[{"embeddable":true,"href":"https:\/\/www.lintelligentdabidjan.info\/news\/wp-json\/wp\/v2\/users\/3"}],"replies":[{"embeddable":true,"href":"https:\/\/www.lintelligentdabidjan.info\/news\/wp-json\/wp\/v2\/comments?post=30010"}],"version-history":[{"count":1,"href":"https:\/\/www.lintelligentdabidjan.info\/news\/wp-json\/wp\/v2\/posts\/30010\/revisions"}],"predecessor-version":[{"id":30012,"href":"https:\/\/www.lintelligentdabidjan.info\/news\/wp-json\/wp\/v2\/posts\/30010\/revisions\/30012"}],"wp:featuredmedia":[{"embeddable":true,"href":"https:\/\/www.lintelligentdabidjan.info\/news\/wp-json\/wp\/v2\/media\/30011"}],"wp:attachment":[{"href":"https:\/\/www.lintelligentdabidjan.info\/news\/wp-json\/wp\/v2\/media?parent=30010"}],"wp:term":[{"taxonomy":"category","embeddable":true,"href":"https:\/\/www.lintelligentdabidjan.info\/news\/wp-json\/wp\/v2\/categories?post=30010"},{"taxonomy":"post_tag","embeddable":true,"href":"https:\/\/www.lintelligentdabidjan.info\/news\/wp-json\/wp\/v2\/tags?post=30010"}],"curies":[{"name":"wp","href":"https:\/\/api.w.org\/{rel}","templated":true}]}}