{"id":30147,"date":"2023-02-27T23:57:25","date_gmt":"2023-02-27T22:57:25","guid":{"rendered":"https:\/\/www.lintelligentdabidjan.info\/news\/?p=30147"},"modified":"2023-02-28T00:04:00","modified_gmt":"2023-02-27T23:04:00","slug":"protection-des-systemes-et-des-donnees-sensibles-ali-el-azzouzi-nous-avons-decide-dagir-en-apportant-des-elements-de-reponses","status":"publish","type":"post","link":"https:\/\/www.lintelligentdabidjan.info\/news\/protection-des-systemes-et-des-donnees-sensibles-ali-el-azzouzi-nous-avons-decide-dagir-en-apportant-des-elements-de-reponses\/","title":{"rendered":"Protection des syst\u00e8mes et des donn\u00e9es sensibles- Ali El Azzouzi : \u00ab Nous avons d\u00e9cid\u00e9 d\u2019agir en apportant des \u00e9l\u00e9ments de r\u00e9ponses \u00bb"},"content":{"rendered":"<p><em><strong>Dans le cadre  de l&#8217;Africa Banking Forum, Ali El Azzouzi, fondateur et directeur g\u00e9n\u00e9ral de Dataprotect, a tenu une conf\u00e9rence de presse le mercredi 22 f\u00e9vrier 2023 dans un h\u00f4tel d\u2019Abidjan-Plateau pour annoncer l\u2019installation de sa structure en terre d&#8217;Eburnie.<\/strong><\/em><\/p>\n<p>Au cours de cette rencontre avec la presse, Ali El Azzouzi, fondateur et directeur g\u00e9n\u00e9ral de Dataprotect, a indiqu\u00e9 que l\u2019augmentation des menaces de cybers\u00e9curit\u00e9 et des contraintes r\u00e9glementaires en mati\u00e8re de protection des donn\u00e9es a entra\u00een\u00e9 une prise de conscience mondiale quant \u00e0 l\u2019importance des solutions de s\u00e9curit\u00e9 des donn\u00e9es et de cyber r\u00e9silience.<br \/>\nAinsi, face aux d\u00e9fis auxquels sont confront\u00e9s des pays, des institutions tels que la protection des infrastructures critiques, la gestion des donn\u00e9es personnelles, la lutte contre la cybercriminalit\u00e9 et la garantie de la confidentialit\u00e9 des communications, Ali El Azzouzi, fondateur et son \u00e9quipe ont d\u00e9cid\u00e9 d\u2019apporter une r\u00e9ponse. \u00ab Nous avons constat\u00e9 une recrudescence non-n\u00e9gligeable des attaques cybern\u00e9tiques dans la sous-r\u00e9gion, nous avons d\u00e9cid\u00e9 d\u2019agir en apportant des \u00e9l\u00e9ments de r\u00e9ponses aux trois axes suivants qui sont l\u2019am\u00e9lioration de la confiance num\u00e9rique, la promotion de la souverainet\u00e9 num\u00e9rique et la lutte contre la cybercriminalit\u00e9 \u00bb, a d\u00e9clar\u00e9 Ali El Azzouzi.<br \/>\nEn lan\u00e7ant cette nouvelle entreprise en C\u00f4te d&#8217;Ivoire, Ali El Azzouzi veut contribuer au renforcement des comp\u00e9tences et \u00e0 la protection des entreprises et des technologies de l&#8217;information en Afrique de l\u2019Ouest. Mieux, il veut \u00eatre en mesure de r\u00e9pondre aux exigences r\u00e9glementaires, en particulier dans le secteur bancaire. \u00ab Outre la proposition de solutions, nous avons pour ambition de contribuer \u00e0 la coop\u00e9ration sud-sud en partageant son expertise au moyen des formations qu&#8217;elle offre en mati\u00e8re de s\u00e9curit\u00e9 et de r\u00e9silience, dans le but de former et de perfectionner les ressources humaines tout en contribuant positivement au renforcement du savoir-faire local et de l\u2019\u00e9cosyst\u00e8me des fintechs. Cette initiative est d&#8217;autant plus significative dans un contexte caract\u00e9ris\u00e9 par l&#8217;\u00e9mergence de la souverainet\u00e9 num\u00e9rique \u00bb, a-t-il poursuivi tout en notant que cette installation de l\u2019entreprise va cr\u00e9er une main d\u2019\u0153uvre. \u00c0 l\u2019en croire, c\u2019est une cinquantaine  de jeunes ivoiriens qui sera engag\u00e9e.<\/p>\n<p><strong>Olivier Dion avec A. Traor\u00e9 (Stagiaire)<\/strong><\/p>\n","protected":false},"excerpt":{"rendered":"<p>Dans le cadre de l&#8217;Africa Banking Forum, Ali El Azzouzi, fondateur et directeur g\u00e9n\u00e9ral de Dataprotect, a tenu une conf\u00e9rence de presse le mercredi 22 f\u00e9vrier 2023 dans un h\u00f4tel d\u2019Abidjan-Plateau pour annoncer l\u2019installation de sa structure en terre d&#8217;Eburnie. Au cours de cette rencontre avec la presse, Ali El Azzouzi, fondateur et directeur g\u00e9n\u00e9ral [&hellip;]<\/p>\n","protected":false},"author":3,"featured_media":30148,"comment_status":"closed","ping_status":"closed","sticky":false,"template":"","format":"standard","meta":{"_monsterinsights_skip_tracking":false,"_monsterinsights_sitenote_active":false,"_monsterinsights_sitenote_note":"","_monsterinsights_sitenote_category":0,"footnotes":""},"categories":[2,1,3],"tags":[1794,1793],"class_list":["post-30147","post","type-post","status-publish","format-standard","has-post-thumbnail","hentry","category-featured","category-actualites","category-societe","tag-ali-el-azzouzi","tag-protection-des-systemes"],"_links":{"self":[{"href":"https:\/\/www.lintelligentdabidjan.info\/news\/wp-json\/wp\/v2\/posts\/30147","targetHints":{"allow":["GET"]}}],"collection":[{"href":"https:\/\/www.lintelligentdabidjan.info\/news\/wp-json\/wp\/v2\/posts"}],"about":[{"href":"https:\/\/www.lintelligentdabidjan.info\/news\/wp-json\/wp\/v2\/types\/post"}],"author":[{"embeddable":true,"href":"https:\/\/www.lintelligentdabidjan.info\/news\/wp-json\/wp\/v2\/users\/3"}],"replies":[{"embeddable":true,"href":"https:\/\/www.lintelligentdabidjan.info\/news\/wp-json\/wp\/v2\/comments?post=30147"}],"version-history":[{"count":1,"href":"https:\/\/www.lintelligentdabidjan.info\/news\/wp-json\/wp\/v2\/posts\/30147\/revisions"}],"predecessor-version":[{"id":30149,"href":"https:\/\/www.lintelligentdabidjan.info\/news\/wp-json\/wp\/v2\/posts\/30147\/revisions\/30149"}],"wp:featuredmedia":[{"embeddable":true,"href":"https:\/\/www.lintelligentdabidjan.info\/news\/wp-json\/wp\/v2\/media\/30148"}],"wp:attachment":[{"href":"https:\/\/www.lintelligentdabidjan.info\/news\/wp-json\/wp\/v2\/media?parent=30147"}],"wp:term":[{"taxonomy":"category","embeddable":true,"href":"https:\/\/www.lintelligentdabidjan.info\/news\/wp-json\/wp\/v2\/categories?post=30147"},{"taxonomy":"post_tag","embeddable":true,"href":"https:\/\/www.lintelligentdabidjan.info\/news\/wp-json\/wp\/v2\/tags?post=30147"}],"curies":[{"name":"wp","href":"https:\/\/api.w.org\/{rel}","templated":true}]}}