{"id":30150,"date":"2023-02-28T00:07:31","date_gmt":"2023-02-27T23:07:31","guid":{"rendered":"https:\/\/www.lintelligentdabidjan.info\/news\/?p=30150"},"modified":"2023-02-28T00:10:08","modified_gmt":"2023-02-27T23:10:08","slug":"preselections-miss-cote-divoire-2023-marie-michele-gore-la-plus-belle-fille-du-gbeke","status":"publish","type":"post","link":"https:\/\/www.lintelligentdabidjan.info\/news\/preselections-miss-cote-divoire-2023-marie-michele-gore-la-plus-belle-fille-du-gbeke\/","title":{"rendered":"Pr\u00e9s\u00e9lections Miss-C\u00f4te d\u2019Ivoire 2023- Marie-Mich\u00e8le Gor\u00e9, la plus belle fille  du Gb\u00eak\u00ea"},"content":{"rendered":"<p><em><strong>Marie Mich\u00e8le Gor\u00e9 a \u00e9t\u00e9  \u00e9lue Miss de la r\u00e9gion du Gb\u00eak\u00ea .<\/strong><\/em><\/p>\n<p>La premi\u00e8re \u00e9tape des pr\u00e9s\u00e9lections du concours Miss-C\u00f4te d\u2019Ivoire  s\u2019est tenue, le samedi 25 f\u00e9vier 2023  dans les jardins de l&#8217;Universit\u00e9 Internationale ICK de Bouak\u00e9. Elle  s\u2019est sold\u00e9e par le sacre de Marie-Mich\u00e8le Gor\u00e9.<br \/>\nApr\u00e8s les trois passages sur le podium en forme de \u2018\u2019T\u2019\u2019, des douze candidates-concurrentes  qui ont rivalis\u00e9 de gr\u00e2ce, ce sont les atouts naturels de  Marie-Mich\u00e8le Gor\u00e9 qui ont rencontr\u00e9 l\u2019assentiment du jury pr\u00e9sid\u00e9 par Dr. Laetitia Dagnogo. La Miss-Gb\u00eak\u00ea  2023  a obtenu une moyenne de 8,22\/10. Elle mesure  1,80m pour 60 kg.   Elle est \u00e9tudiante et \u00e2g\u00e9e de   20 ans.  Sa premi\u00e8re Dauphine s\u2019appelle   Abal\u00e9 Austy avec une moyenne de 7,22\/10. La deuxi\u00e8me Dauphine est  Daho Roxane  avec  7,16. Miss Marie-Mich\u00e8le Gor\u00e9 et sa 1\u00e8re dauphine repr\u00e9senteront le Gb\u00eak\u00ea \u00e0 la grande finale de Miss CI 2023 qui se tiendra le 1er juillet 2023 au palais des congr\u00e8s du Sofitel H\u00f4tel Ivoire.  Le vice-gouverneur du District autonome de la Vall\u00e9e du Bandama, Dr. Guibessongui N\u2019datien S\u00e9v\u00e9rin, parrain de cette c\u00e9r\u00e9monie, a f\u00e9licit\u00e9 le comit\u00e9 r\u00e9gional du Comici pr\u00e9sid\u00e9 par Tuo Siaka ainsi que les 12 candidates avec un satisf\u00e9cit particulier pour les trois laur\u00e9ates de ce concours de beaut\u00e9. Il leur a promis son soutien total pour la suite de la comp\u00e9tition afin qu\u2019elles puissent repr\u00e9senter dignement le district autonome de la Vall\u00e9e du Bandama et la r\u00e9gion du Gb\u00eak\u00ea.<br \/>\nCette 27e \u00e9dition du concours Miss-C\u00f4te d\u2019Ivoire a pour th\u00e8me \u2018\u2019R\u00f4le et initiative de la jeunesse pour une r\u00e9duction des in\u00e9galit\u00e9s sociales\u2019\u2019.<\/p>\n<p><strong>Mamadou Ouattara<\/strong><\/p>\n","protected":false},"excerpt":{"rendered":"<p>Marie Mich\u00e8le Gor\u00e9 a \u00e9t\u00e9 \u00e9lue Miss de la r\u00e9gion du Gb\u00eak\u00ea . La premi\u00e8re \u00e9tape des pr\u00e9s\u00e9lections du concours Miss-C\u00f4te d\u2019Ivoire s\u2019est tenue, le samedi 25 f\u00e9vier 2023 dans les jardins de l&#8217;Universit\u00e9 Internationale ICK de Bouak\u00e9. Elle s\u2019est sold\u00e9e par le sacre de Marie-Mich\u00e8le Gor\u00e9. Apr\u00e8s les trois passages sur le podium en [&hellip;]<\/p>\n","protected":false},"author":3,"featured_media":30151,"comment_status":"closed","ping_status":"closed","sticky":false,"template":"","format":"standard","meta":{"_monsterinsights_skip_tracking":false,"_monsterinsights_sitenote_active":false,"_monsterinsights_sitenote_note":"","_monsterinsights_sitenote_category":0,"footnotes":""},"categories":[2,20],"tags":[338,1796,1795],"class_list":["post-30150","post","type-post","status-publish","format-standard","has-post-thumbnail","hentry","category-featured","category-art-et-culture","tag-gbeke","tag-marie-michele-gore","tag-preselections-miss-cote-divoire-2023"],"_links":{"self":[{"href":"https:\/\/www.lintelligentdabidjan.info\/news\/wp-json\/wp\/v2\/posts\/30150","targetHints":{"allow":["GET"]}}],"collection":[{"href":"https:\/\/www.lintelligentdabidjan.info\/news\/wp-json\/wp\/v2\/posts"}],"about":[{"href":"https:\/\/www.lintelligentdabidjan.info\/news\/wp-json\/wp\/v2\/types\/post"}],"author":[{"embeddable":true,"href":"https:\/\/www.lintelligentdabidjan.info\/news\/wp-json\/wp\/v2\/users\/3"}],"replies":[{"embeddable":true,"href":"https:\/\/www.lintelligentdabidjan.info\/news\/wp-json\/wp\/v2\/comments?post=30150"}],"version-history":[{"count":2,"href":"https:\/\/www.lintelligentdabidjan.info\/news\/wp-json\/wp\/v2\/posts\/30150\/revisions"}],"predecessor-version":[{"id":30153,"href":"https:\/\/www.lintelligentdabidjan.info\/news\/wp-json\/wp\/v2\/posts\/30150\/revisions\/30153"}],"wp:featuredmedia":[{"embeddable":true,"href":"https:\/\/www.lintelligentdabidjan.info\/news\/wp-json\/wp\/v2\/media\/30151"}],"wp:attachment":[{"href":"https:\/\/www.lintelligentdabidjan.info\/news\/wp-json\/wp\/v2\/media?parent=30150"}],"wp:term":[{"taxonomy":"category","embeddable":true,"href":"https:\/\/www.lintelligentdabidjan.info\/news\/wp-json\/wp\/v2\/categories?post=30150"},{"taxonomy":"post_tag","embeddable":true,"href":"https:\/\/www.lintelligentdabidjan.info\/news\/wp-json\/wp\/v2\/tags?post=30150"}],"curies":[{"name":"wp","href":"https:\/\/api.w.org\/{rel}","templated":true}]}}