{"id":30208,"date":"2023-03-07T01:24:43","date_gmt":"2023-03-07T00:24:43","guid":{"rendered":"https:\/\/www.lintelligentdabidjan.info\/news\/?p=30208"},"modified":"2023-03-07T01:30:34","modified_gmt":"2023-03-07T00:30:34","slug":"preselections-miss-ci-2023-dans-le-sud-comoe-corcher-meryl-naomi-arrache-la-couronne-a-la-miss-kouassi-marlene-kany","status":"publish","type":"post","link":"https:\/\/www.lintelligentdabidjan.info\/news\/preselections-miss-ci-2023-dans-le-sud-comoe-corcher-meryl-naomi-arrache-la-couronne-a-la-miss-kouassi-marlene-kany\/","title":{"rendered":"Pr\u00e9s\u00e9lections miss-CI  2023 dans le Sud Como\u00e9-Corcher Meryl-Naomi arrache la couronne \u00e0  la miss Kouassi Marl\u00e8ne Kany"},"content":{"rendered":"<p><em><strong>La deuxi\u00e8me \u00e9tape  des pr\u00e9s\u00e9lections de Miss-C\u00f4te Ivoire a eu lieu le samedi 4 mars 2023 \u00e0 l\u2019appatam Brou Gustave d\u2019Aboisso pour la r\u00e9gion du Sud-Como\u00e9.<\/strong><\/em><\/p>\n<p>Corcher Meryl-Naomi a \u00e9t\u00e9 \u00e9lue miss-Sud Como\u00e9 2023 par le jury, apr\u00e8s les trois passages sur le podium en forme de \u2018T\u2019\u2019. Ainsi, elle arrache \u00e0 Miss-C\u00f4te d\u2019Ivoire, sa couronne de  Miss-Sud-Como\u00e9.    Miss Corcher  a obtenu 144 points pour une moyenne de 8\/10. Elle est   \u00e9tudiante en 2\u00e8 ann\u00e9e de Bts en Rhcom. Elle a 22 ans pour  1,78m  sur un essieu de  60kg. Elle a \u00e9t\u00e9 porteuse du brassard N\u00b0 5.  Avec 141 points pour une moyenne de 7,83\/10, sa premi\u00e8re  dauphine est Christiane Iri\u00e9.  Egalement  \u00e9tudiante en Bts Rhcom, elle a 22 ans. Elle mesure 1,88m pour 60kg. Elle a port\u00e9 le brassard 4.   La 2\u00e8 dauphine,   Eva Akassimadou avec 140 points pour 7,77\/10,  a 23 ans. Elle fait 1,71m pour 47kg.  Elle a port\u00e9 le brassard 9. La Miss et  sa premi\u00e8re Dauphine sont qualifi\u00e9es pour la grande finale qui aura lieu \u00e0 Abidjan.   L\u2019\u00e9v\u00e9nement a \u00e9t\u00e9 plac\u00e9 sous le haut patronage d\u2019Eug\u00e8ne Aka Aou\u00e9l\u00e9, pr\u00e9sident du conseil \u00e9conomique, social, environnemental et culturel, par ailleurs, pr\u00e9sident du Conseil r\u00e9gional du Sud-Como\u00e9.<\/p>\n<p><strong>Mamadou Ouattara<\/strong><\/p>\n","protected":false},"excerpt":{"rendered":"<p>La deuxi\u00e8me \u00e9tape des pr\u00e9s\u00e9lections de Miss-C\u00f4te Ivoire a eu lieu le samedi 4 mars 2023 \u00e0 l\u2019appatam Brou Gustave d\u2019Aboisso pour la r\u00e9gion du Sud-Como\u00e9. Corcher Meryl-Naomi a \u00e9t\u00e9 \u00e9lue miss-Sud Como\u00e9 2023 par le jury, apr\u00e8s les trois passages sur le podium en forme de \u2018T\u2019\u2019. Ainsi, elle arrache \u00e0 Miss-C\u00f4te d\u2019Ivoire, sa [&hellip;]<\/p>\n","protected":false},"author":3,"featured_media":30209,"comment_status":"closed","ping_status":"closed","sticky":false,"template":"","format":"standard","meta":{"_monsterinsights_skip_tracking":false,"_monsterinsights_sitenote_active":false,"_monsterinsights_sitenote_note":"","_monsterinsights_sitenote_category":0,"footnotes":""},"categories":[2,20],"tags":[1814,1813,1811,1812],"class_list":["post-30208","post","type-post","status-publish","format-standard","has-post-thumbnail","hentry","category-featured","category-art-et-culture","tag-kouassi-marlene-kany","tag-miss","tag-preselections-miss-ci-2023","tag-sud-comoe"],"_links":{"self":[{"href":"https:\/\/www.lintelligentdabidjan.info\/news\/wp-json\/wp\/v2\/posts\/30208","targetHints":{"allow":["GET"]}}],"collection":[{"href":"https:\/\/www.lintelligentdabidjan.info\/news\/wp-json\/wp\/v2\/posts"}],"about":[{"href":"https:\/\/www.lintelligentdabidjan.info\/news\/wp-json\/wp\/v2\/types\/post"}],"author":[{"embeddable":true,"href":"https:\/\/www.lintelligentdabidjan.info\/news\/wp-json\/wp\/v2\/users\/3"}],"replies":[{"embeddable":true,"href":"https:\/\/www.lintelligentdabidjan.info\/news\/wp-json\/wp\/v2\/comments?post=30208"}],"version-history":[{"count":1,"href":"https:\/\/www.lintelligentdabidjan.info\/news\/wp-json\/wp\/v2\/posts\/30208\/revisions"}],"predecessor-version":[{"id":30210,"href":"https:\/\/www.lintelligentdabidjan.info\/news\/wp-json\/wp\/v2\/posts\/30208\/revisions\/30210"}],"wp:featuredmedia":[{"embeddable":true,"href":"https:\/\/www.lintelligentdabidjan.info\/news\/wp-json\/wp\/v2\/media\/30209"}],"wp:attachment":[{"href":"https:\/\/www.lintelligentdabidjan.info\/news\/wp-json\/wp\/v2\/media?parent=30208"}],"wp:term":[{"taxonomy":"category","embeddable":true,"href":"https:\/\/www.lintelligentdabidjan.info\/news\/wp-json\/wp\/v2\/categories?post=30208"},{"taxonomy":"post_tag","embeddable":true,"href":"https:\/\/www.lintelligentdabidjan.info\/news\/wp-json\/wp\/v2\/tags?post=30208"}],"curies":[{"name":"wp","href":"https:\/\/api.w.org\/{rel}","templated":true}]}}