{"id":30288,"date":"2023-03-20T01:30:59","date_gmt":"2023-03-20T00:30:59","guid":{"rendered":"https:\/\/www.lintelligentdabidjan.info\/news\/?p=30288"},"modified":"2023-03-20T09:44:01","modified_gmt":"2023-03-20T08:44:01","slug":"lintelligent-en-pdf-ceremonie-de-7e-jour-a-la-grande-mosquee-de-la-riviera-golf-reconfort-de-ouattara-a-la-famille-et-a-ceux-qui-ont-connu-feu-abdoulaye-diallo-societe-civile-l","status":"publish","type":"post","link":"https:\/\/www.lintelligentdabidjan.info\/news\/lintelligent-en-pdf-ceremonie-de-7e-jour-a-la-grande-mosquee-de-la-riviera-golf-reconfort-de-ouattara-a-la-famille-et-a-ceux-qui-ont-connu-feu-abdoulaye-diallo-societe-civile-l\/","title":{"rendered":"L\u2019Intelligent en Pdf : C\u00e9r\u00e9monie de 7\u00e8 jour \u00e0 la Grande Mosqu\u00e9e de la Riviera \u2013 Golf R\u00e9confort de Ouattara \u00e0 la famille et \u00e0 ceux qui ont connu feu Abdoulaye Diallo ; Soci\u00e9t\u00e9 civile l&#8217;Africanisme Une nouvelle voix pour la renaissance d&#8217;une Afrique  Forte ;  Hommage des populations au Pr\u00e9sident de la R\u00e9publique &#8211; Patrick Achi depuis Abengourou &#8220;Gr\u00e2ce \u00e0 Alassane Ouattara, la C\u00f4te d\u2019Ivoire est sortie de la nuit&#8221; ;  Familles d\u00e9laiss\u00e9es et femmes  L\u00e9ontine Lecler parle de l\u2019ONG \u2018\u2019Asafdfa ; Installation du premier sous-pr\u00e9fet de N\u00e9zobly Anne Ouloto, Vagondo Diomand\u00e9 et Kah Zion rendent hommage \u00e0 Ouattara ;   D\u00e9veloppement local par la culture Ce que Soro Kassoum  a dit au Dj\u00e9gu\u00e9l\u00e9  Festival 2023"},"content":{"rendered":"<p><strong>Alassane Ouattara a apport\u00e9 son soutien \u00e0 la famille et \u00e0 ceux qui ont connu feu Abdoulaye Diallo lors de la c\u00e9r\u00e9monie de 7\u00e8me jour de son d\u00e9c\u00e8s \u00e0 la grande mosqu\u00e9e de la Riviera Golf \u00e0 Cocody.<\/strong><\/p>\n<p>La c\u00e9r\u00e9monie de 7\u00e8me jour du d\u00e9c\u00e8s du patriarche Abdoulaye Diallo, ex-charg\u00e9 de mission du pr\u00e9sident F\u00e9lix Houphou\u00ebt Boigny a eu lieu le dimanche 19 mars 2023 \u00e0 la grande mosqu\u00e9e de la Riviera Golf \u00e0 Cocody en pr\u00e9sence du chef de l\u2019\u00c9tat accompagn\u00e9 de la Premi\u00e8re dame, des membres du gouvernement et de plusieurs autres personnalit\u00e9s.<\/p>\n<p>Le ministre du Budget et du portefeuille de l\u2019\u00c9tat Moussa Sanogo a indiqu\u00e9 qu\u2019Abdoulaye Diallo \u00e9tait un trait d\u2019union entre les Ivoiriens.<\/p>\n<p><strong> Article complet \u00e0 lire sur<\/strong><\/p>\n<p><a href=\"https:\/\/news.abidjan.net\/titrologie\/39-lintellige%20nt-dabidjan\/articles\" target=\"_blank\">https:\/\/news.abidjan.net\/titrologie\/39-lintellige%20nt-dabidjan\/articles<\/a><\/p>\n<p><a href=\"http:\/\/pressecotedivoire.ci\/titrologie\/LINTELLIGENTDABIDJAN5133RuxSzd\/journal\" target=\"_blank\">http:\/\/pressecotedivoire.ci\/titrologie\/LINTELLIGENTDABIDJAN5133RuxSzd\/journal<\/a><\/p>\n<p><a href=\"https:\/\/www.youscribe.com\/catalogue\/presse\/actualites-africaines\/cote-d-ivoire\/l-intelligent-n-5130-du-lundi-20-mars-2023-3424765\" target=\"_blank\">https:\/\/www.youscribe.com\/catalogue\/presse\/actualites-africaines\/cote-d-ivoire\/l-intelligent-n-5130-du-lundi-20-mars-2023-3424765<\/a><\/p>\n<p><strong>A lire \u00e9galement:<\/strong><\/p>\n<p>-Soci\u00e9t\u00e9 civile l&#8217;Africanisme<\/p>\n<p>Une nouvelle voix pour la renaissance d&#8217;une Afrique Forte<\/p>\n<p>-Hommage des populations au Pr\u00e9sident de la R\u00e9publique &#8211; Patrick Achi depuis Abengourou &#8220;Gr\u00e2ce \u00e0 Alassane Ouattara, la C\u00f4te d\u2019Ivoire est sortie de la nuit&#8221;<\/p>\n<p>-Familles d\u00e9laiss\u00e9es et femmes<\/p>\n<p>L\u00e9ontine Lecler parle de l\u2019ONG \u2018\u2019Asafdfa ;<\/p>\n<p>-Installation du premier sous-pr\u00e9fet de N\u00e9zobly<\/p>\n<p>Anne Ouloto, Vagondo Diomand\u00e9 et Kah Zion rendent hommage \u00e0 Ouattara<\/p>\n<p>-Activit\u00e9s \u00e0 Bouak\u00e9 Amadou Kon\u00e9 prend en charge la cl\u00f4ture d&#8217;une \u00e9cole et c\u00e9l\u00e8bre la femme<\/p>\n<p>-D\u00e9veloppement local par la culture<\/p>\n<p>Ce que Soro Kassoum a dit au Dj\u00e9gu\u00e9l\u00e9 Festival 2023<\/p>\n<p>-CHRONIQUE DU LUNDI<\/p>\n<p>QUEL EST LE R\u00d4LE DU CONSEIL ECONOMIQUE, SOCIAL,<\/p>\n<p>ENVIRONNEMENTAL ET CULTUREL (CESEC) DE C\u00d4TE D\u2019IVOIRE ?<\/p>\n<p>-Suspension de la participation du B\u00e9nin au travaux concernant le Corridor Abidjan-Lagos<\/p>\n<p>Le Comit\u00e9 de pilotage veut comprendre les motifs<\/p>\n<p>-Fin de mandat pour Fama Tour\u0117 et Parfait Kouassi<\/p>\n<p>Comment se pr\u00e9parent les \u00e9lections \u00e0 la Chambre de commerce et d&#8217;industrie<\/p>\n<p>-Mise en \u0153uvre de la Zlecaf :<\/p>\n<p>Constant Boka appelle les entreprises \u00e0 adopter la culture des normes pour accro\u00eetre leur comp\u00e9titivit\u00e9<\/p>\n<p>-RDV de l&#8217;honorable Adjaratou<\/p>\n<p>La d\u00e9put\u00e9e de Koumassi parle de la gestion du foncier urbain de Koumassi<\/p>\n<p>-Linfodrome C\u00f4te d&#8217;Ivoire<\/p>\n<p>La rel\u00e8ve assur\u00e9e selon Kenza Rayess<\/p>\n","protected":false},"excerpt":{"rendered":"<p>Alassane Ouattara a apport\u00e9 son soutien \u00e0 la famille et \u00e0 ceux qui ont connu feu Abdoulaye Diallo lors de la c\u00e9r\u00e9monie de 7\u00e8me jour de son d\u00e9c\u00e8s \u00e0 la grande mosqu\u00e9e de la Riviera Golf \u00e0 Cocody. La c\u00e9r\u00e9monie de 7\u00e8me jour du d\u00e9c\u00e8s du patriarche Abdoulaye Diallo, ex-charg\u00e9 de mission du pr\u00e9sident F\u00e9lix [&hellip;]<\/p>\n","protected":false},"author":3,"featured_media":30289,"comment_status":"closed","ping_status":"closed","sticky":false,"template":"","format":"standard","meta":{"_monsterinsights_skip_tracking":false,"_monsterinsights_sitenote_active":false,"_monsterinsights_sitenote_note":"","_monsterinsights_sitenote_category":0,"footnotes":""},"categories":[2,3],"tags":[],"class_list":["post-30288","post","type-post","status-publish","format-standard","has-post-thumbnail","hentry","category-featured","category-societe"],"_links":{"self":[{"href":"https:\/\/www.lintelligentdabidjan.info\/news\/wp-json\/wp\/v2\/posts\/30288","targetHints":{"allow":["GET"]}}],"collection":[{"href":"https:\/\/www.lintelligentdabidjan.info\/news\/wp-json\/wp\/v2\/posts"}],"about":[{"href":"https:\/\/www.lintelligentdabidjan.info\/news\/wp-json\/wp\/v2\/types\/post"}],"author":[{"embeddable":true,"href":"https:\/\/www.lintelligentdabidjan.info\/news\/wp-json\/wp\/v2\/users\/3"}],"replies":[{"embeddable":true,"href":"https:\/\/www.lintelligentdabidjan.info\/news\/wp-json\/wp\/v2\/comments?post=30288"}],"version-history":[{"count":4,"href":"https:\/\/www.lintelligentdabidjan.info\/news\/wp-json\/wp\/v2\/posts\/30288\/revisions"}],"predecessor-version":[{"id":30293,"href":"https:\/\/www.lintelligentdabidjan.info\/news\/wp-json\/wp\/v2\/posts\/30288\/revisions\/30293"}],"wp:featuredmedia":[{"embeddable":true,"href":"https:\/\/www.lintelligentdabidjan.info\/news\/wp-json\/wp\/v2\/media\/30289"}],"wp:attachment":[{"href":"https:\/\/www.lintelligentdabidjan.info\/news\/wp-json\/wp\/v2\/media?parent=30288"}],"wp:term":[{"taxonomy":"category","embeddable":true,"href":"https:\/\/www.lintelligentdabidjan.info\/news\/wp-json\/wp\/v2\/categories?post=30288"},{"taxonomy":"post_tag","embeddable":true,"href":"https:\/\/www.lintelligentdabidjan.info\/news\/wp-json\/wp\/v2\/tags?post=30288"}],"curies":[{"name":"wp","href":"https:\/\/api.w.org\/{rel}","templated":true}]}}